{"id":645940,"date":"2026-01-07T00:29:17","date_gmt":"2026-01-07T00:29:17","guid":{"rendered":"https:\/\/www.europesays.com\/fr\/645940\/"},"modified":"2026-01-07T00:29:17","modified_gmt":"2026-01-07T00:29:17","slug":"cap-sur-paris-on-est-en-finale","status":"publish","type":"post","link":"https:\/\/www.europesays.com\/fr\/645940\/","title":{"rendered":"CAP SUR PARIS ! ON EST EN FINALE !"},"content":{"rendered":"<p><img fetchpriority=\"high\" decoding=\"async\" width=\"1024\" height=\"538\" src=\"data:image\/svg+xml,%3Csvg%20xmlns=\" http:=\"\" alt=\"\" class=\"wp-image-8519\" data-lazy- data-lazy- data-lazy-src=\"https:\/\/www.europesays.com\/fr\/wp-content\/uploads\/2025\/12\/banniere-AVICOM-1024x538.jpg\"\/><\/p>\n<p><strong>En d\u00e9placement \u00e0 Caen pour la demi-finale de la Coupe de France 2026, les Br\u00fbleurs de Loups ont livr\u00e9 une prestation ma\u00eetris\u00e9e pour s\u2019imposer et d\u00e9crocher leur qualification. Les Grenoblois disputeront ainsi, pour la quatri\u00e8me ann\u00e9e cons\u00e9cutive, la finale de la Coupe de France \u00e0 l\u2019Accor Arena de Paris.<\/strong><\/p>\n<p><strong>Rendez-vous le 1er f\u00e9vrier \u00e0 Bercy<\/strong><\/p>\n<p>Le groupe<\/p>\n<p><img loading=\"lazy\" decoding=\"async\" width=\"819\" height=\"1024\" src=\"data:image\/svg+xml,%3Csvg%20xmlns=\" http:=\"\" alt=\"\" class=\"wp-image-12697\" style=\"aspect-ratio:0.7998125439350152;width:499px;height:auto\" data-lazy- data-lazy- data-lazy-src=\"https:\/\/www.europesays.com\/fr\/wp-content\/uploads\/2026\/01\/G9-WhjMWQAApEqT-819x1024.jpeg\"\/><\/p>\n<p>Break en premi\u00e8re p\u00e9riode<\/p>\n<p>Apr\u00e8s un d\u00e9but de rencontre marqu\u00e9 par une phase d\u2019observation, les deux \u00e9quipes prennent le temps de se jauger lors des premi\u00e8res minutes. Il ne faudra toutefois que cinq minutes pour voir Grenoble faire la diff\u00e9rence. Andrius Kulbis-Marino ouvre le score sur la premi\u00e8re v\u00e9ritable occasion is\u00e9roise (5\u2019 0-1), refroidissant d\u2019embl\u00e9e les ardeurs caennaises.<\/p>\n<p>Caen peine \u00e0 entrer dans son match et doit attendre la 11\u1d49 minute pour cadrer son premier tir. De son c\u00f4t\u00e9, Grenoble impose progressivement son jeu, installant une pression constante autour de la cage de Ronan Quemener. Les Br\u00fbleurs de Loups font preuve de patience, construisant leurs offensives gr\u00e2ce \u00e0 une circulation de palet pr\u00e9cise et rapide.<\/p>\n<p>Cette ma\u00eetrise collective sera justement r\u00e9compens\u00e9e quelques minutes plus tard. \u00c0 l\u2019issue d\u2019un superbe mouvement offensif, le gardien est parfaitement d\u00e9cal\u00e9 et Fran\u00e7ois Beauchemin n\u2019a plus qu\u2019\u00e0 conclure dans une cage grande ouverte pour inscrire le but du break.<\/p>\n<p>\u00c0 deux minutes de la premi\u00e8re sir\u00e8ne, Grenoble est p\u00e9nalis\u00e9, mais m\u00eame en inf\u00e9riorit\u00e9 num\u00e9rique, les BDL continuent d\u2019afficher leurs intentions offensives. L\u2019exemple le plus frappant reste cette action dangereuse men\u00e9e par Valentin Grosset\u00eate, qui se retrouve seul face \u00e0 la cage adverse, illustrant la domination et la confiance grenobloises sur ce premier tiers-temps.<\/p>\n<p>Un tiers disput\u00e9<\/p>\n<p>Au retour des vestiaires, les Caennais affichent un tout autre visage et semblent reprendre du poil de la b\u00eate. Mais cette bonne intention est rapidement frein\u00e9e par une p\u00e9nalit\u00e9 siffl\u00e9e contre les locaux. Apr\u00e8s une grosse frayeur devant la cage grenobloise, ce sont finalement les Br\u00fbleurs de Loups qui frappent une nouvelle fois en contre. Christophe Boivin, bien lanc\u00e9 par Alexandre Mallet, conclut l\u2019action avec sang-froid et creuse un peu plus l\u2019\u00e9cart en inscrivant le troisi\u00e8me but grenoblois (24\u2019 0-3).<\/p>\n<p>Grenoble ne rel\u00e2che pas la pression. Quelques minutes plus tard, Fran\u00e7ois Beauchemin se met de nouveau en \u00e9vidence et s\u2019offre un doubl\u00e9, profitant d\u2019un nouveau mouvement collectif parfaitement ex\u00e9cut\u00e9 pour porter le score \u00e0 4 buts \u00e0 0 (28\u2019 0-4).<\/p>\n<p>La domination is\u00e9roise est alors totale. Les vagues offensives s\u2019encha\u00eenent et Adel Koudri vient \u00e0 son tour alourdir la marque \u00e0 la 33\u1d49 minute (0-5), concr\u00e9tisant une s\u00e9quence de jeu \u00e0 sens unique.<\/p>\n<p>Dos au mur, le coach caennais tente de provoquer un \u00e9lectrochoc en demandant un temps mort. Dans la foul\u00e9e, deux p\u00e9nalit\u00e9s cons\u00e9cutives sont siffl\u00e9es contre Grenoble, offrant aux locaux plus de trente secondes de double sup\u00e9riorit\u00e9 num\u00e9rique. Une opportunit\u00e9 que Caen ne laisse pas passer : Marc-Antoine P\u00e9pin ouvre enfin le compteur et redonne un souffle d\u2019espoir aux siens.<\/p>\n<p>Galvanis\u00e9s par cette r\u00e9ussite, les Caennais poursuivent leurs efforts offensifs et doublent la mise deux minutes plus tard gr\u00e2ce \u00e0 Samy Par\u00e9, profitant d\u2019un nouveau temps fort en sup\u00e9riorit\u00e9.<\/p>\n<p>Grenoble tente alors de repartir \u00e0 l\u2019attaque, mais un fait de jeu vient bouleverser la fin de p\u00e9riode. Pontus Englund brise sa crosse, lib\u00e9rant un joueur caennais qui part en \u00e9chapp\u00e9e. Celui-ci se retrouve en un contre un face \u00e0 Matija Pintaric \u00e0 deux minutes de la fin du tiers, faisant planer une derni\u00e8re menace sur la cage grenobloise avant la sir\u00e8ne.<\/p>\n<p>Un tiers \u00e9quilibr\u00e9 <\/p>\n<p>Le troisi\u00e8me tiers offre un tout autre visage que les deux p\u00e9riodes pr\u00e9c\u00e9dentes. Le rythme est plus hach\u00e9 et les deux \u00e9quipes se livrent \u00e0 une succession d\u2019allers-retours sur la glace, sans pour autant se cr\u00e9er de v\u00e9ritables occasions franches. Les d\u00e9fenses prennent le pas sur les attaques et le jeu se concentre davantage dans la zone neutre.<\/p>\n<p>Les minutes d\u00e9filent ainsi sans que le tableau d\u2019affichage n\u2019\u00e9volue, jusqu\u2019\u00e0 la 56\u1d49 minute. Juho Rautanen parvient alors \u00e0 trouver l\u2019ouverture et ajoute un nouveau but \u00e0 l\u2019actif des Br\u00fbleurs de Loups, venant concr\u00e9tiser la domination globale des Grenoblois sur l\u2019ensemble de la rencontre.<\/p>\n<p>Mais la r\u00e9action caennaise est imm\u00e9diate. Dans la foul\u00e9e de l\u2019engagement, les Drakkars r\u00e9pondent par l\u2019interm\u00e9diaire d\u2019Evgenii Nikiforov, qui profite d\u2019un rel\u00e2chement pour tromper la vigilance grenobloise et conclure ce tiers-temps sur une note plus \u00e9quilibr\u00e9e.<\/p>\n<p><img loading=\"lazy\" decoding=\"async\" width=\"819\" height=\"1024\" src=\"https:\/\/www.europesays.com\/fr\/wp-content\/uploads\/2026\/01\/SCORE-FINAL-CDF-819x1024.jpg\" alt=\"\" class=\"wp-image-12701\" style=\"aspect-ratio:0.7998125439350152;width:464px;height:auto\"  \/><\/p>\n<p>Billetterie pour la finale <\/p>\n<p>Les supporters grenoblois pourront tr\u00e8s bient\u00f4t se procurer leurs places pour la finale \u00e0 l\u2019Accor Arena.<br \/>Le quota de billets r\u00e9serv\u00e9 au club sera mis en vente exclusivement via la billetterie officielle du club prochainement :<a href=\" https:\/\/billetterie.bruleursdeloups.fr\/fr\"> https:\/\/billetterie.bruleursdeloups.fr\/fr<\/a><\/p>\n<p>Les modalit\u00e9s pr\u00e9cises (date et heure d\u2019ouverture, tarifs, nombre de places par personne) seront communiqu\u00e9es prochainement.<\/p>\n<p>Restez attentifs \u00e0 nos actualit\u00e9s sur nos supports officiels afin de ne manquer aucune information et d\u2019\u00eatre pr\u00eats d\u00e8s l\u2019ouverture de la vente.<\/p>\n<p>Achetez votre maillot pour Paris !<\/p>\n<p>Pour soutenir les BDL \u00e0 Paris, n\u2019oubliez pas notre maillot sp\u00e9cial Coupe de France ! Vous avez jusqu\u2019au \ud835\udc1d\ud835\udc22\ud835\udc26\ud835\udc1a\ud835\udc27\ud835\udc1c\ud835\udc21\ud835\udc1e \ud835\udfcf\ud835\udfcf \ud835\udc23\ud835\udc1a\ud835\udc27\ud835\udc2f\ud835\udc22\ud835\udc1e\ud835\udc2b \ud835\udfd0\ud835\udfd1\ud835\udc21\ud835\udfd3\ud835\udfd7 pour commander le v\u00f4tre ! <\/p>\n<p>\ud83c\udfe0 Maillot domicile \u27a1 urls.fr\/kGsvKo<\/p>\n<p>\ud83d\ude8c Maillot ext\u00e9rieur \u27a1 urls.fr\/_yFw84<\/p>\n<p>Prochain match \u00e0 Polesud <\/p>\n<p>Nos BDL reviennent \u00e0 Polesud d\u00e8s vendredi prochain pour une rencontre nous opposant aux Spartiates de Marseille.<\/p>\n<p>Il reste encore quelques places, n\u2019attendez pas pour obtenir la v\u00f4tre. Rendez-vous sur notre billetterie en ligne en\u00a0<a href=\"https:\/\/billetterie.bruleursdeloups.fr\/fr\/evenement\/338\" target=\"_blank\" rel=\"noopener\">cliquant ici<\/a><\/p>\n<p><img loading=\"lazy\" decoding=\"async\" width=\"1024\" height=\"576\" src=\"data:image\/svg+xml,%3Csvg%20xmlns=\" http:=\"\" alt=\"\" class=\"wp-image-12634\" style=\"width:692px;height:auto\" data-lazy- data-lazy- data-lazy-src=\"https:\/\/www.europesays.com\/fr\/wp-content\/uploads\/2026\/01\/09-JANVIER-1024x576.jpg\"\/><\/p>\n","protected":false},"excerpt":{"rendered":"En d\u00e9placement \u00e0 Caen pour la demi-finale de la Coupe de France 2026, les Br\u00fbleurs de Loups ont&hellip;\n","protected":false},"author":2,"featured_media":645941,"comment_status":"","ping_status":"","sticky":false,"template":"","format":"standard","meta":{"footnotes":""},"categories":[1888],"tags":[1111,1928,11,1927,1777,674,1011,27,12,1926,626,1925,25],"class_list":{"0":"post-645940","1":"post","2":"type-post","3":"status-publish","4":"format-standard","5":"has-post-thumbnail","7":"category-paris","8":"tag-actu","9":"tag-actu-paris","10":"tag-actualites","11":"tag-actualites-paris","12":"tag-eu","13":"tag-europe","14":"tag-fr","15":"tag-france","16":"tag-news","17":"tag-news-paris","18":"tag-paris","19":"tag-paris-news","20":"tag-republique-francaise"},"share_on_mastodon":{"url":"https:\/\/pubeurope.com\/@fr\/115850992941690704","error":""},"_links":{"self":[{"href":"https:\/\/www.europesays.com\/fr\/wp-json\/wp\/v2\/posts\/645940","targetHints":{"allow":["GET"]}}],"collection":[{"href":"https:\/\/www.europesays.com\/fr\/wp-json\/wp\/v2\/posts"}],"about":[{"href":"https:\/\/www.europesays.com\/fr\/wp-json\/wp\/v2\/types\/post"}],"author":[{"embeddable":true,"href":"https:\/\/www.europesays.com\/fr\/wp-json\/wp\/v2\/users\/2"}],"replies":[{"embeddable":true,"href":"https:\/\/www.europesays.com\/fr\/wp-json\/wp\/v2\/comments?post=645940"}],"version-history":[{"count":0,"href":"https:\/\/www.europesays.com\/fr\/wp-json\/wp\/v2\/posts\/645940\/revisions"}],"wp:featuredmedia":[{"embeddable":true,"href":"https:\/\/www.europesays.com\/fr\/wp-json\/wp\/v2\/media\/645941"}],"wp:attachment":[{"href":"https:\/\/www.europesays.com\/fr\/wp-json\/wp\/v2\/media?parent=645940"}],"wp:term":[{"taxonomy":"category","embeddable":true,"href":"https:\/\/www.europesays.com\/fr\/wp-json\/wp\/v2\/categories?post=645940"},{"taxonomy":"post_tag","embeddable":true,"href":"https:\/\/www.europesays.com\/fr\/wp-json\/wp\/v2\/tags?post=645940"}],"curies":[{"name":"wp","href":"https:\/\/api.w.org\/{rel}","templated":true}]}}