{"id":645948,"date":"2026-01-07T00:33:17","date_gmt":"2026-01-07T00:33:17","guid":{"rendered":"https:\/\/www.europesays.com\/fr\/645948\/"},"modified":"2026-01-07T00:33:17","modified_gmt":"2026-01-07T00:33:17","slug":"apres-la-capture-de-maduro-un-proche-de-poutine-suggere-lenlevement-du-chancelier-allemand-par-la-russie","status":"publish","type":"post","link":"https:\/\/www.europesays.com\/fr\/645948\/","title":{"rendered":"apr\u00e8s la capture de Maduro, un proche de Poutine sugg\u00e8re l&rsquo;enl\u00e8vement du chancelier allemand par la Russie"},"content":{"rendered":"<p class=\"article-p mdl\">Dmitri Medvedev, ancien pr\u00e9sident russe et figure centrale de la communication offensive du Kremlin, a suscit\u00e9 la pol\u00e9mique. Dans une interview \u00e0 l\u2019agence Tass, il a affirm\u00e9 ne pas exclure une op\u00e9ration russe visant \u00e0 kidnapper le chancelier allemand Friedrich Merz, \u00e0 l\u2019image de\u00a0<a class=\"link\" href=\"https:\/\/www.rtl.fr\/actu\/international\/venezuela-les-etats-unis-saisissent-un-avion-du-president-maduro-caracas-denonce-un-acte-de-piraterie-7900413674\" title=\"Venezuela : les \u00c9tats-Unis saisissent un avion du pr\u00e9sident Maduro, Caracas d\u00e9nonce un &quot;acte de piraterie&quot;\" target=\"_blank\" rel=\"noopener\">l\u2019enl\u00e8vement du pr\u00e9sident v\u00e9n\u00e9zu\u00e9lien Nicol\u00e1s Maduro par les \u00c9tats-Unis.<\/a><\/p>\n<p class=\"article-p mdl\">Le vice-chef du Conseil de s\u00e9curit\u00e9 nationale russe a m\u00eame qualifi\u00e9 ce sc\u00e9nario d\u2019\u00a0\u00bbexcellent rebondissement dans ce carnaval d\u2019\u00e9v\u00e9nements\u00a0\u00bb, reprenant ses mots pour \u00e9voquer l\u2019op\u00e9ration am\u00e9ricaine au Venezuela. Il est all\u00e9 plus loin en accusant Friedrich Merz d\u2019\u00eatre un \u00ab\u00a0n\u00e9onazi\u00a0\u00bb et en estimant qu\u2019il existerait en Allemagne des motifs de poursuites \u00e0 son encontre, ajoutant que \u00ab\u00a0ce ne serait pas une perte\u00a0\u00bb, car \u00ab\u00a0les citoyens souffrent pour rien\u00a0\u00bb.<\/p>\n<p>            Medvedev, le m\u00e9gaphone du Kremlin<\/p>\n<p class=\"article-p mdl\">S\u2019il n\u2019occupe plus de fonction ex\u00e9cutive de premier plan depuis plusieurs ann\u00e9es, Dmitri Medvedev reste une voix centrale du discours russe. Consid\u00e9r\u00e9 comme l\u2019un des relais les plus agressifs de Vladimir Poutine, il a multipli\u00e9 les d\u00e9clarations outranci\u00e8res, notamment depuis le d\u00e9but de la guerre en Ukraine. Sous sanctions de l\u2019Union europ\u00e9enne et des \u00c9tats-Unis depuis avril 2022, il a assum\u00e9 un ton volontairement provocateur.\u00a0<\/p>\n<p class=\"article-p mdl\">Sur le r\u00e9seau social X, il a r\u00e9cemment d\u00e9nonc\u00e9 l\u2019attitude de Washington, estimant que \u00ab\u00a0l\u2019\u00e9quipe Trump agit de mani\u00e8re dure et cynique pour faire valoir les int\u00e9r\u00eats de son pays\u00a0\u00bb, ajoutant que \u00ab\u00a0la loi du plus fort prime clairement sur la justice ordinaire\u00a0\u00bb.<\/p>\n<blockquote class=\"twitter-tweet\">\n<p lang=\"en\" dir=\"ltr\">Team Trump is tough and cynical in advancing its country\u2019s interests. Removing Maduro had nothing to do with drugs \u2013 only oil, and they openly admit this. Lex fortissimum is clearly stronger than ordinary justice, but whether they can run Venezuela remotely is a big question.<\/p>\n<p>\u2014 Dmitry Medvedev (@MedvedevRussiaE) <a href=\"https:\/\/twitter.com\/MedvedevRussiaE\/status\/2007859005478293799?ref_src=twsrc%5Etfw\" target=\"_blank\" rel=\"noopener\">January 4, 2026<\/a><\/p><\/blockquote>\n<p>    Berlin condamne et prend la menace au s\u00e9rieux<\/p>\n<p class=\"article-p mdl\">\u00c0 Berlin, la r\u00e9action n\u2019a pas tard\u00e9. Le porte-parole du gouvernement allemand a fermement condamn\u00e9 les propos de Dmitri Medvedev, tout en soulignant que la s\u00e9curit\u00e9 du chancelier faisait l\u2019objet de mesures renforc\u00e9es. Les autorit\u00e9s allemandes ont affirm\u00e9 prendre cette menace au s\u00e9rieux, m\u00eame si aucune information concr\u00e8te ne laisse penser \u00e0 un risque imminent.<\/p>\n<p class=\"article-p mdl\">Ces d\u00e9clarations s\u2019inscrivent dans une campagne de d\u00e9nigrement plus large men\u00e9e par la Russie contre Friedrich Merz. \u00c0 l\u2019automne d\u00e9j\u00e0, le ministre russe des Affaires \u00e9trang\u00e8res avait affirm\u00e9 que le chancelier allemand se consid\u00e9rait comme appartenant \u00e0 une \u00ab\u00a0race \u00e0 part\u00a0\u00bb, \u00e9voquant de pr\u00e9tendus g\u00e8nes h\u00e9rit\u00e9s de ses anc\u00eatres.\u00a0<\/p>\n<p>            Le soutien \u00e0 l\u2019Ukraine au c\u0153ur des tensions<\/p>\n<p class=\"article-p mdl\">Derri\u00e8re ces attaques personnelles, le v\u00e9ritable point de crispation reste le soutien affirm\u00e9 de\u00a0<a class=\"link\" href=\"https:\/\/www.rtl.fr\/actu\/international\/guerre-en-ukraine-l-allemagne-songe-a-un-systeme-de-protection-antimissiles-7900138223\" target=\"_blank\" rel=\"noopener\">l\u2019Allemagne \u00e0 l\u2019Ukraine<\/a>. Berlin a d\u00e9bloqu\u00e9 trois milliards d\u2019euros suppl\u00e9mentaires d\u2019aide militaire \u00e0 Kyiv. Friedrich Merz a \u00e9galement plaid\u00e9 depuis plusieurs mois pour que l\u2019Union europ\u00e9enne utilise les avoirs russes gel\u00e9s afin de financer l\u2019effort de guerre ukrainien.<\/p>\n<p class=\"article-p mdl\">Une position qui a profond\u00e9ment irrit\u00e9 Moscou. Lors du dernier sommet europ\u00e9en de d\u00e9cembre, le chancelier allemand n\u2019est toutefois pas parvenu \u00e0 imposer cette ligne, en raison notamment du blocage de certains \u00c9tats membres, dont la Belgique.<\/p>\n<p>    La r\u00e9daction vous recommande<\/p>\n<p class=\"s-newsletter__title\">\n                L\u2019actualit\u00e9 par la r\u00e9daction de RTL dans votre bo\u00eete mail.\n            <\/p>\n<p class=\"s-newsletter__subtitle\">\n                Gr\u00e2ce \u00e0 votre compte RTL abonnez-vous \u00e0 la newsletter RTL info pour suivre toute l&rsquo;actualit\u00e9 au quotidien\n            <\/p>\n<p>\n                                    Lire la suite\n                                <\/p>\n<p>                            <script async src=\"https:\/\/platform.twitter.com\/widgets.js\" charset=\"utf-8\"><\/script><\/p>\n","protected":false},"excerpt":{"rendered":"Dmitri Medvedev, ancien pr\u00e9sident russe et figure centrale de la communication offensive du Kremlin, a suscit\u00e9 la pol\u00e9mique.&hellip;\n","protected":false},"author":2,"featured_media":645949,"comment_status":"","ping_status":"","sticky":false,"template":"","format":"standard","meta":{"footnotes":""},"categories":[1591],"tags":[1111,11,672,1887,107,14,12,1885,1886,132,135],"class_list":{"0":"post-645948","1":"post","2":"type-post","3":"status-publish","4":"format-standard","5":"has-post-thumbnail","7":"category-russie","8":"tag-actu","9":"tag-actualites","10":"tag-allemagne","11":"tag-federation-de-russie","12":"tag-fil-info","13":"tag-international","14":"tag-news","15":"tag-russia","16":"tag-russian-federation","17":"tag-russie","18":"tag-vladimir-poutine"},"share_on_mastodon":{"url":"https:\/\/pubeurope.com\/@fr\/115851008819045202","error":""},"_links":{"self":[{"href":"https:\/\/www.europesays.com\/fr\/wp-json\/wp\/v2\/posts\/645948","targetHints":{"allow":["GET"]}}],"collection":[{"href":"https:\/\/www.europesays.com\/fr\/wp-json\/wp\/v2\/posts"}],"about":[{"href":"https:\/\/www.europesays.com\/fr\/wp-json\/wp\/v2\/types\/post"}],"author":[{"embeddable":true,"href":"https:\/\/www.europesays.com\/fr\/wp-json\/wp\/v2\/users\/2"}],"replies":[{"embeddable":true,"href":"https:\/\/www.europesays.com\/fr\/wp-json\/wp\/v2\/comments?post=645948"}],"version-history":[{"count":0,"href":"https:\/\/www.europesays.com\/fr\/wp-json\/wp\/v2\/posts\/645948\/revisions"}],"wp:featuredmedia":[{"embeddable":true,"href":"https:\/\/www.europesays.com\/fr\/wp-json\/wp\/v2\/media\/645949"}],"wp:attachment":[{"href":"https:\/\/www.europesays.com\/fr\/wp-json\/wp\/v2\/media?parent=645948"}],"wp:term":[{"taxonomy":"category","embeddable":true,"href":"https:\/\/www.europesays.com\/fr\/wp-json\/wp\/v2\/categories?post=645948"},{"taxonomy":"post_tag","embeddable":true,"href":"https:\/\/www.europesays.com\/fr\/wp-json\/wp\/v2\/tags?post=645948"}],"curies":[{"name":"wp","href":"https:\/\/api.w.org\/{rel}","templated":true}]}}