{"id":645956,"date":"2026-01-07T00:37:12","date_gmt":"2026-01-07T00:37:12","guid":{"rendered":"https:\/\/www.europesays.com\/fr\/645956\/"},"modified":"2026-01-07T00:37:12","modified_gmt":"2026-01-07T00:37:12","slug":"barack-obama-aurait-ete-espionne-par-lallemagne-pendant-des-annees","status":"publish","type":"post","link":"https:\/\/www.europesays.com\/fr\/645956\/","title":{"rendered":"Barack Obama aurait \u00e9t\u00e9 espionn\u00e9 par l\u2019Allemagne pendant des ann\u00e9es"},"content":{"rendered":"<p>\n    Des communications de l\u2019ancien pr\u00e9sident am\u00e9ricain ont \u00e9t\u00e9 \u00e9cout\u00e9es durant plusieurs ann\u00e9es par le renseignement allemand, y compris \u00e0 bord d\u2019Air Force One, selon un livre paru lundi. La surveillance, qui a pris fin en 2014, aurait \u00e9t\u00e9 d\u00e9cid\u00e9e sans l\u2019aval d\u2019Angela Merkel.<\/p>\n<p class=\"fig-paragraph\">Le livre a fait grand bruit outre-Rhin. Le renseignement allemand a surveill\u00e9 les communications t\u00e9l\u00e9phoniques de l\u2019ancien pr\u00e9sident am\u00e9ricain\u00a0<a href=\"http:\/\/www.lefigaro.fr\/international\/barack-hussein-obama-sleepy-joe-biden-election-de-2020-volee-donald-trump-franchit-un-nouveau-palier-dans-l-insulte-contre-ses-predecesseurs-20251217\" target=\"_blank\" data-fig-type=\"NewsFlash\" rel=\"noopener\" data-gtm-custom-categorie=\"navigation\" data-gtm-custom-action=\"crossclick\" data-gtm-custom-label=\"Contextuel\" data-gtm-event=\"customEventSPE\" data-fig-domain=\"LEFIGARO\">Barack Obama<\/a>\u00a0\u00e0 bord du\u00a0<a href=\"http:\/\/www.lefigaro.fr\/international\/troisieme-mandat-trafic-de-fentanyl-frappes-a-gaza-toutes-les-declarations-de-donald-trump-a-bord-d-air-force-one-20251029\" target=\"_blank\" data-fig-type=\"NewsFlash\" rel=\"noopener\" data-gtm-custom-categorie=\"navigation\" data-gtm-custom-action=\"crossclick\" data-gtm-custom-label=\"Contextuel\" data-gtm-event=\"customEventSPE\" data-fig-domain=\"LEFIGARO\">Air Force One<\/a>\u00a0pendant plusieurs ann\u00e9es, r\u00e9v\u00e8le une enqu\u00eate men\u00e9e par le journaliste Holger Stark, publi\u00e9e ce lundi 5 janvier dans son ouvrage The Grown-Up Country: Germany Without America \u2014 A Historic Opportunity. Selon ses investigations, le Bundesnachrichtendienst (BND), le service de renseignement ext\u00e9rieur allemand et \u00e9quivalent de la DGSE en France, a intercept\u00e9 certaines conversations de l\u2019ancien pr\u00e9sident am\u00e9ricain, profitant de failles techniques dans le syst\u00e8me de cryptage des communications \u00e0 bord de l\u2019avion pr\u00e9sidentiel.<\/p>\n<p class=\"fig-paragraph\">\u00abL\u2019\u00e9coute clandestine des conversations du pr\u00e9sident, m\u00eame occasionnelle, aurait pu se transformer en un scandale de politique \u00e9trang\u00e8re d\u2019une ampleur consid\u00e9rable\u00bb, assure l\u2019auteur du livre, d\u00e9sormais r\u00e9dacteur en chef adjoint du journal\u00a0<a href=\"https:\/\/www.zeit.de\/politik\/ausland\/2026-01\/bnd-barack-obama-air-force-one-angela-merkel\" target=\"_blank\" rel=\"sponsored noopener\" data-gtm-custom-categorie=\"navigation\" data-gtm-custom-action=\"crossclick\" data-gtm-custom-label=\"Contextuel\" data-gtm-event=\"customEventSPE\">Die Zeit<\/a> \u00a0et ancien correspondant du quotidien aux \u00c9tats-Unis, pr\u00e9cisant toutefois que le cabinet d\u2019Angela Merkel n\u2019avait pas \u00e9t\u00e9 initialement inform\u00e9 de cette collecte de renseignements.<\/p>\n<p>                                            <a class=\"fig-a11y-skip\" href=\"#fig-a11y-skip-main-inarticle\" data-module=\"a11y-skip\" data-context=\"was @visible\"><br \/>\n    Passer la publicit\u00e9<br \/>\n<\/a>            <\/p>\n<p>                                            \u00abInformations verbales\u00bb<\/p>\n<p class=\"fig-paragraph\">L\u2019op\u00e9ration s\u2019appuyait sur la vuln\u00e9rabilit\u00e9 des appels pass\u00e9s depuis l\u2019avion pr\u00e9sidentiel, qui n\u2019\u00e9taient pas syst\u00e9matiquement chiffr\u00e9s et qui utilisaient une douzaine de fr\u00e9quences identifi\u00e9es par le BND. Les interceptions n\u2019\u00e9taient pas continues, mais suffisamment syst\u00e9matiques pour permettre \u00e0 l\u2019agence de collecter des conversations du pr\u00e9sident d\u00e9mocrate et d\u2019autres responsables am\u00e9ricains \u00e0 plusieurs reprises. Un ancien haut responsable de l\u2019administration allemande a confirm\u00e9, sous couvert d\u2019anonymat, au\u00a0<a href=\"https:\/\/www.washingtonpost.com\/world\/2026\/01\/05\/germany-obama-eavesdropping-calls-merkel\/\" target=\"_blank\" rel=\"sponsored noopener\" data-gtm-custom-categorie=\"navigation\" data-gtm-custom-action=\"crossclick\" data-gtm-custom-label=\"Contextuel\" data-gtm-event=\"customEventSPE\">Washington Post<\/a> \u00a0que \u00abdes informations verbales\u00bb concernant la surveillance d\u2019Air Force One circulaient \u00e0 l\u2019\u00e9poque au sein du cabinet de la chanceli\u00e8re.<\/p>\n<p class=\"fig-paragraph\">Ces informations, qualifi\u00e9es de \u00abprises accessoires\u00bb par certains responsables allemands, ont \u00e9t\u00e9 consign\u00e9es dans un dossier secret, destin\u00e9 \u00e0 un cercle restreint \u00e0 la t\u00eate du service, comprenant le pr\u00e9sident du BND, ses adjoints et le chef du d\u00e9partement concern\u00e9. Apr\u00e8s lecture, les transcriptions \u00e9taient d\u00e9truites et seules des analyses g\u00e9n\u00e9rales sur la position am\u00e9ricaine \u00e9taient transmises au gouvernement. Les \u00c9tats-Unis ne figuraient pourtant pas dans la liste des pays sous surveillance des agents allemands.<\/p>\n<p class=\"fig-paragraph\">La pratique n\u2019avait jamais \u00e9t\u00e9 officiellement autoris\u00e9e par Berlin et le doute plane sur la connaissance de ces agissements dans les plus hautes strates du pouvoir. La chanceli\u00e8re Angela Merkel, qui avait publiquement d\u00e9nonc\u00e9 les \u00e9coutes am\u00e9ricaines de son t\u00e9l\u00e9phone en 2013,\u00a0<a href=\"https:\/\/www.lefigaro.fr\/international\/2013\/10\/24\/01003-20131024ARTFIG00571-angela-merkel-l-espionnage-entre-amis-ca-ne-se-fait-pas.php\" target=\"_blank\" data-fig-type=\"Article\" rel=\"noopener\" data-gtm-custom-categorie=\"navigation\" data-gtm-custom-action=\"crossclick\" data-gtm-custom-label=\"Contextuel\" data-gtm-event=\"customEventSPE\" data-fig-domain=\"LEFIGARO\">affirmant que \u00abl\u2019espionnage entre amis, cela ne se fait pas\u00bb<\/a>, n\u2019\u00e9tait vraisemblablement pas inform\u00e9e de la surveillance du chef d\u2019\u00c9tat am\u00e9ricain. \u00c0 l\u2019\u00e9poque, le scandale des \u00e9coutes de l\u2019agence de renseignements am\u00e9ricaine (NSA) sur la chanceli\u00e8re allemande avait provoqu\u00e9 un toll\u00e9 politique et des comparaisons avec la Stasi chez certains responsables allemands.<\/p>\n<p>                                            Date du d\u00e9but des \u00e9coutes inconnue<\/p>\n<p class=\"fig-paragraph\">Selon Holger Stark, l\u2019existence du dossier secret n\u2019a \u00e9t\u00e9 r\u00e9v\u00e9l\u00e9e qu\u2019au cours des enqu\u00eates parlementaires sur le BND men\u00e9es en 2014 et 2015. Le livre souligne \u00e9galement que les renseignements allemands\u00a0<a href=\"https:\/\/www.lefigaro.fr\/international\/2014\/08\/19\/01003-20140819ARTFIG00148-espionnage-l-allemagne-ecoute-elle-aussi-ses-allies.php\" target=\"_blank\" data-fig-type=\"Article\" rel=\"noopener\" data-gtm-custom-categorie=\"navigation\" data-gtm-custom-action=\"crossclick\" data-gtm-custom-label=\"Contextuel\" data-gtm-event=\"customEventSPE\" data-fig-domain=\"LEFIGARO\">avaient d\u00e9j\u00e0 \u00e9cout\u00e9 d\u2019autres responsables am\u00e9ricains<\/a>, notamment l\u2019ancienne secr\u00e9taire d\u2019\u00c9tat Hillary Clinton (2009-2013), ce qui avait conduit le chef de cabinet du chancelier, Peter Altmaier, \u00e0 mettre fin \u00e0 cette pratique en 2014. La fin de la surveillance de Barack Obama, qui n\u2019avait pas \u00e9t\u00e9 d\u00e9voil\u00e9e lors de la divulgation de ce rapport, semble \u00eatre intervenue la m\u00eame ann\u00e9e, sans que le moment pr\u00e9cis du d\u00e9marrage de l\u2019op\u00e9ration ne soit connu, ni si elle s\u2019\u00e9tendait \u00e0 son pr\u00e9d\u00e9cesseur \u00e0 la Maison-Blanche, George W. Bush.<\/p>\n<p class=\"fig-paragraph\">\u00c0 la suite des r\u00e9v\u00e9lations sur les \u00e9coutes am\u00e9ricaines, Angela Merkel avait tent\u00e9 de calmer les relations tendues avec Washington, soulignant la n\u00e9cessit\u00e9 de restaurer la confiance entre partenaires face aux d\u00e9fis communs. Le BND, pour sa part, a refus\u00e9 de commenter publiquement ses activit\u00e9s aupr\u00e8s de nos confr\u00e8res.<\/p>\n","protected":false},"excerpt":{"rendered":"Des communications de l\u2019ancien pr\u00e9sident am\u00e9ricain ont \u00e9t\u00e9 \u00e9cout\u00e9es durant plusieurs ann\u00e9es par le renseignement allemand, y compris&hellip;\n","protected":false},"author":2,"featured_media":645957,"comment_status":"","ping_status":"","sticky":false,"template":"","format":"standard","meta":{"footnotes":""},"categories":[1587],"tags":[11,672,592,1804,1805,1803,1777,674,1801,12,1802],"class_list":{"0":"post-645956","1":"post","2":"type-post","3":"status-publish","4":"format-standard","5":"has-post-thumbnail","7":"category-allemagne","8":"tag-actualites","9":"tag-allemagne","10":"tag-barack-obama","11":"tag-bundesrepublik-deutschland","12":"tag-de","13":"tag-deutschland","14":"tag-eu","15":"tag-europe","16":"tag-germany","17":"tag-news","18":"tag-republique-federale-dallemagne"},"share_on_mastodon":{"url":"https:\/\/pubeurope.com\/@fr\/115851024606822769","error":""},"_links":{"self":[{"href":"https:\/\/www.europesays.com\/fr\/wp-json\/wp\/v2\/posts\/645956","targetHints":{"allow":["GET"]}}],"collection":[{"href":"https:\/\/www.europesays.com\/fr\/wp-json\/wp\/v2\/posts"}],"about":[{"href":"https:\/\/www.europesays.com\/fr\/wp-json\/wp\/v2\/types\/post"}],"author":[{"embeddable":true,"href":"https:\/\/www.europesays.com\/fr\/wp-json\/wp\/v2\/users\/2"}],"replies":[{"embeddable":true,"href":"https:\/\/www.europesays.com\/fr\/wp-json\/wp\/v2\/comments?post=645956"}],"version-history":[{"count":0,"href":"https:\/\/www.europesays.com\/fr\/wp-json\/wp\/v2\/posts\/645956\/revisions"}],"wp:featuredmedia":[{"embeddable":true,"href":"https:\/\/www.europesays.com\/fr\/wp-json\/wp\/v2\/media\/645957"}],"wp:attachment":[{"href":"https:\/\/www.europesays.com\/fr\/wp-json\/wp\/v2\/media?parent=645956"}],"wp:term":[{"taxonomy":"category","embeddable":true,"href":"https:\/\/www.europesays.com\/fr\/wp-json\/wp\/v2\/categories?post=645956"},{"taxonomy":"post_tag","embeddable":true,"href":"https:\/\/www.europesays.com\/fr\/wp-json\/wp\/v2\/tags?post=645956"}],"curies":[{"name":"wp","href":"https:\/\/api.w.org\/{rel}","templated":true}]}}