{"id":645978,"date":"2026-01-07T00:55:26","date_gmt":"2026-01-07T00:55:26","guid":{"rendered":"https:\/\/www.europesays.com\/fr\/645978\/"},"modified":"2026-01-07T00:55:26","modified_gmt":"2026-01-07T00:55:26","slug":"camille-combal-vit-avec-un-seul-rein-dans-ma-tete-cetait-termine-je-pensais-quil-ne-me-restait-six-jours-de-vie","status":"publish","type":"post","link":"https:\/\/www.europesays.com\/fr\/645978\/","title":{"rendered":"Camille Combal vit avec un seul rein: \u00ab\u00a0Dans ma t\u00eate, c&rsquo;\u00e9tait termin\u00e9. Je pensais qu&rsquo;il ne me restait six jours de vie\u00a0\u00bb"},"content":{"rendered":"<p class=\"ap-StoryElement ap-StoryElement--mb ap-StoryText\">Ce dimanche 4 janvier, Camille Combal \u00e9tait l&rsquo;invit\u00e9 de B\u00e9reng\u00e8re Krief dans le podcast \u00ab\u00a0Un bon moment\u00a0\u00bb pr\u00e9sent\u00e9 par Kyan Khojandi et l&rsquo;auteur Bruno Muschio.<\/p>\n<p class=\"ap-StoryElement ap-StoryElement--mb ap-StoryText\">L&rsquo;animateur de TF1, \u00e2g\u00e9 de 44 ans, a confi\u00e9 ne vivre qu&rsquo;avec un rein. Il l&rsquo;a appris \u00e0 ses 41 ans, quand il a fait des examens avant d&rsquo;acheter un nouvel appartement.<\/p>\n<p class=\"ap-StoryElement ap-StoryElement--mb ap-StoryText\">\u00ab\u00a0Il y a un gars qui vient, qui me met le truc pour l&rsquo;\u00e9chographie, et il me dit \u00ab\u00a0Je vais aller chercher la sup\u00e9rieure du centre d&rsquo;imagerie\u00a0\u00bb. Il ajoute : \u00ab\u00a0Dans ma t\u00eate, c&rsquo;est termin\u00e9. Il me reste six jours de vie, il faut que je dise au revoir \u00e0 tous mes proches\u00a0\u00bb, explique-t-il.<\/p>\n","protected":false},"excerpt":{"rendered":"Ce dimanche 4 janvier, Camille Combal \u00e9tait l&rsquo;invit\u00e9 de B\u00e9reng\u00e8re Krief dans le podcast \u00ab\u00a0Un bon moment\u00a0\u00bb pr\u00e9sent\u00e9&hellip;\n","protected":false},"author":2,"featured_media":645979,"comment_status":"","ping_status":"","sticky":false,"template":"","format":"standard","meta":{"footnotes":""},"categories":[1356],"tags":[9499,35,14822,37966,37968,58,59,16297,50579,1011,27,26393,9519,1230,26395,8798,1234,2420,9021,973,9026,26399,26400,65183,44,252,1364],"class_list":{"0":"post-645978","1":"post","2":"type-post","3":"status-publish","4":"format-standard","5":"has-post-thumbnail","7":"category-television","8":"tag-adult","9":"tag-business","10":"tag-business-finance-and-industry","11":"tag-businessman","12":"tag-corporate-business","13":"tag-divertissement","14":"tag-entertainment","15":"tag-expertise","16":"tag-formal-wear","17":"tag-fr","18":"tag-france","19":"tag-front-view","20":"tag-happiness","21":"tag-indoors","22":"tag-looking-at-camera","23":"tag-men","24":"tag-occupation","25":"tag-office","26":"tag-one-person","27":"tag-people","28":"tag-portrait","29":"tag-smiling","30":"tag-standing","31":"tag-success","32":"tag-technology","33":"tag-television","34":"tag-tv"},"share_on_mastodon":{"url":"https:\/\/pubeurope.com\/@fr\/115851095251152398","error":""},"_links":{"self":[{"href":"https:\/\/www.europesays.com\/fr\/wp-json\/wp\/v2\/posts\/645978","targetHints":{"allow":["GET"]}}],"collection":[{"href":"https:\/\/www.europesays.com\/fr\/wp-json\/wp\/v2\/posts"}],"about":[{"href":"https:\/\/www.europesays.com\/fr\/wp-json\/wp\/v2\/types\/post"}],"author":[{"embeddable":true,"href":"https:\/\/www.europesays.com\/fr\/wp-json\/wp\/v2\/users\/2"}],"replies":[{"embeddable":true,"href":"https:\/\/www.europesays.com\/fr\/wp-json\/wp\/v2\/comments?post=645978"}],"version-history":[{"count":0,"href":"https:\/\/www.europesays.com\/fr\/wp-json\/wp\/v2\/posts\/645978\/revisions"}],"wp:featuredmedia":[{"embeddable":true,"href":"https:\/\/www.europesays.com\/fr\/wp-json\/wp\/v2\/media\/645979"}],"wp:attachment":[{"href":"https:\/\/www.europesays.com\/fr\/wp-json\/wp\/v2\/media?parent=645978"}],"wp:term":[{"taxonomy":"category","embeddable":true,"href":"https:\/\/www.europesays.com\/fr\/wp-json\/wp\/v2\/categories?post=645978"},{"taxonomy":"post_tag","embeddable":true,"href":"https:\/\/www.europesays.com\/fr\/wp-json\/wp\/v2\/tags?post=645978"}],"curies":[{"name":"wp","href":"https:\/\/api.w.org\/{rel}","templated":true}]}}