{"id":645980,"date":"2026-01-07T00:56:12","date_gmt":"2026-01-07T00:56:12","guid":{"rendered":"https:\/\/www.europesays.com\/fr\/645980\/"},"modified":"2026-01-07T00:56:12","modified_gmt":"2026-01-07T00:56:12","slug":"elton-john-devoile-pour-la-premiere-fois-le-visage-de-ses-fils-ils-ont-bien-grandi","status":"publish","type":"post","link":"https:\/\/www.europesays.com\/fr\/645980\/","title":{"rendered":"Elton John d\u00e9voile pour la premi\u00e8re fois le visage de ses fils : ils ont bien grandi !"},"content":{"rendered":"<p>      R\u00e9sum\u00e9<\/p>\n<p>Elton John a partag\u00e9 une photo rare de famille pour le Nouvel An 2026.<\/p>\n<p>On y d\u00e9couvre pour la premi\u00e8re fois le visage de ses fils, Zachary et Elijah, d\u00e9sormais adolescents.<\/p>\n<p>Un moment symbolique qui montre leur \u00e9volution et l\u2019attachement du chanteur \u00e0 sa vie familiale.<\/p>\n<p>        Sommaire<\/p>\n<p>Elton John a r\u00e9cemment offert \u00e0 ses fans un moment touchant et plut\u00f4t rare. Il s\u2019agit d\u2019une photo de famille o\u00f9 <strong>l\u2019on voit le visage de ses deux fils adolescents pour la premi\u00e8re fois<\/strong>. Pendant longtemps, le chanteur et son mari, David Furnish, ont choisi de pr\u00e9server la vie priv\u00e9e de leurs enfants, Zachary et Elijah. Mais pour le r\u00e9veillon du <a href=\"https:\/\/www.public.fr\/lamour-est-dans-le-pre-devenues-amies-deux-pretendantes-passent-le-nouvel-an-ensemble-au-cap-vert\" target=\"_blank\" rel=\"noopener\">Nouvel An<\/a> 2026, ils ont fait une exception.<\/p>\n<p>Sur cette photo, partag\u00e9e sur Instagram, on d\u00e9couvre les deux gar\u00e7ons, \u00e2g\u00e9s de 15 et 12 ans, habill\u00e9s avec \u00e9l\u00e9gance aux c\u00f4t\u00e9s de leurs parents. Cette rare apparition <strong>a imm\u00e9diatement fait r\u00e9agir les internautes<\/strong>. Ceux-ci ont soulign\u00e9 combien les fils d\u2019Elton et <a href=\"https:\/\/fr.wikipedia.org\/wiki\/David_Furnish\" target=\"_blank\" rel=\"noopener\">David<\/a> ont grandi depuis leur dernier aper\u00e7u public !<\/p>\n<p>Alors que la discr\u00e9tion a toujours \u00e9t\u00e9 une priorit\u00e9 pour Elton John et David Furnish, ce geste <strong>montre \u00e0 quel point les liens familiaux comptent pour eux<\/strong>. Et d\u00e9j\u00e0, les <a href=\"https:\/\/www.eltonjohn.com\/rocket-club\" target=\"_blank\" rel=\"noopener\">fans<\/a> imaginent combien ces deux adolescents continueront de surprendre en grandissant.<\/p>\n<p>Une photo d\u2019Elton John qui raconte plus qu\u2019un simple r\u00e9veillon<\/p>\n<p>L\u2019image partag\u00e9e sur Instagram n\u2019est pas juste un clich\u00e9 de f\u00eate. Elle <strong>repr\u00e9sente surtout une famille r\u00e9unie, \u00e9l\u00e9gante et soud\u00e9e, pour c\u00e9l\u00e9brer le passage \u00e0 la nouvelle ann\u00e9e<\/strong>. Elton John et son mari ont pos\u00e9 aux c\u00f4t\u00e9s des deux gar\u00e7ons, Zachary et Elijah. Tous v\u00eatus de tenues classes, ils apparaissent sous les lumi\u00e8res d\u2019une f\u00eate organis\u00e9e par Donatella Versace.<\/p>\n<p>Pour les fans, c\u2019est aussi un aper\u00e7u rare de ces adolescents qui ont grandi \u00e0 l\u2019abri des cam\u00e9ras. Depuis leurs naissances par m\u00e8re porteuse en 2010 et 2013, leurs<strong> visages avaient rarement \u00e9t\u00e9 montr\u00e9s publiquement<\/strong>, pour pr\u00e9server leur vie personnelle.<\/p>\n<p>Grandir sous les yeux de tous : entre discr\u00e9tion et tendresse<\/p>\n<p>Zachary et Elijah sont n\u00e9s gr\u00e2ce \u00e0 une m\u00e8re porteuse, Zachary en 2010 et Elijah en 2013. Depuis, Elton John et David Furnish <strong>ont toujours voulu prot\u00e9ger leurs enfants des m\u00e9dias<\/strong>, les exposant rarement en public.<\/p>\n<p>Pourtant, cette nouvelle ann\u00e9e 2026 a \u00e9t\u00e9 l\u2019occasion d\u2019un grand changement. En partageant ces photos de f\u00eate\u2026 Le couple montre qu\u2019ils<strong> sont fiers de leur famille et qu\u2019ils ont envie de partager ce bonheur avec le public<\/strong>. Aujourd\u2019hui adolescents, leurs enfants semblent avoir trouv\u00e9 leur propre style, tout en restant proches de leurs parents.<\/p>\n<p><img loading=\"lazy\" decoding=\"async\" width=\"1024\" height=\"576\" src=\"data:image\/svg+xml,%3Csvg%20xmlns=\" http:=\"\" alt=\"Elton John d\u00e9voile pour la premi\u00e8re fois le visage de ses fils : ils ont bien grandi !\" data-lazy- data-lazy- data-lazy-src=\"https:\/\/www.europesays.com\/fr\/wp-content\/uploads\/2026\/01\/ABACA_BRPAPhotos20251126_244-1-1024x576.jpg\"\/><\/p>\n<p>@PA Photos\/ABACA<\/p>\n<p>Le d\u00e9voilement du visage de Zachary et Elijah par Elton John et David Furnish n\u2019est pas qu\u2019une simple photo de f\u00eate. C\u2019est un <strong>moment symbolique qui illustre l\u2019\u00e9volution de leur famille et la fa\u00e7on dont les deux fils ont grandi<\/strong>. Bien que tr\u00e8s discrets jusqu\u2019ici, les adolescents ont fait sourire des milliers de fans en apparaissant sur cette rare image de famille.<\/p>\n<p>En d\u00e9voilant ces photos, Elton John montre qu\u2019il est possible de rester proche de ses enfants tout en partageant, de temps en temps, un peu de bonheur avec le public !<\/p>\n<p>\n          Hits &amp; People en continu\n        <\/p>\n<p>\n          Public Radio\n        <\/p>\n<p>      Mentionn\u00e9s dans cet article<\/p>\n<p>      Sur le m\u00eame sujet<\/p>\n","protected":false},"excerpt":{"rendered":"R\u00e9sum\u00e9 Elton John a partag\u00e9 une photo rare de famille pour le Nouvel An 2026. On y d\u00e9couvre&hellip;\n","protected":false},"author":2,"featured_media":645981,"comment_status":"","ping_status":"","sticky":false,"template":"","format":"standard","meta":{"footnotes":""},"categories":[1355],"tags":[58,3509,59,652,1011,27,1361,873,39117],"class_list":{"0":"post-645980","1":"post","2":"type-post","3":"status-publish","4":"format-standard","5":"has-post-thumbnail","7":"category-musique","8":"tag-divertissement","9":"tag-elton-john","10":"tag-entertainment","11":"tag-famille","12":"tag-fr","13":"tag-france","14":"tag-music","15":"tag-musique","16":"tag-nouvel-an"},"share_on_mastodon":{"url":"https:\/\/pubeurope.com\/@fr\/115851099333391710","error":""},"_links":{"self":[{"href":"https:\/\/www.europesays.com\/fr\/wp-json\/wp\/v2\/posts\/645980","targetHints":{"allow":["GET"]}}],"collection":[{"href":"https:\/\/www.europesays.com\/fr\/wp-json\/wp\/v2\/posts"}],"about":[{"href":"https:\/\/www.europesays.com\/fr\/wp-json\/wp\/v2\/types\/post"}],"author":[{"embeddable":true,"href":"https:\/\/www.europesays.com\/fr\/wp-json\/wp\/v2\/users\/2"}],"replies":[{"embeddable":true,"href":"https:\/\/www.europesays.com\/fr\/wp-json\/wp\/v2\/comments?post=645980"}],"version-history":[{"count":0,"href":"https:\/\/www.europesays.com\/fr\/wp-json\/wp\/v2\/posts\/645980\/revisions"}],"wp:featuredmedia":[{"embeddable":true,"href":"https:\/\/www.europesays.com\/fr\/wp-json\/wp\/v2\/media\/645981"}],"wp:attachment":[{"href":"https:\/\/www.europesays.com\/fr\/wp-json\/wp\/v2\/media?parent=645980"}],"wp:term":[{"taxonomy":"category","embeddable":true,"href":"https:\/\/www.europesays.com\/fr\/wp-json\/wp\/v2\/categories?post=645980"},{"taxonomy":"post_tag","embeddable":true,"href":"https:\/\/www.europesays.com\/fr\/wp-json\/wp\/v2\/tags?post=645980"}],"curies":[{"name":"wp","href":"https:\/\/api.w.org\/{rel}","templated":true}]}}