{"id":645984,"date":"2026-01-07T00:58:11","date_gmt":"2026-01-07T00:58:11","guid":{"rendered":"https:\/\/www.europesays.com\/fr\/645984\/"},"modified":"2026-01-07T00:58:11","modified_gmt":"2026-01-07T00:58:11","slug":"ce-signe-inquietant-apres-60-ans-peut-etre-le-premier-indice-dun-cancer-silencieux","status":"publish","type":"post","link":"https:\/\/www.europesays.com\/fr\/645984\/","title":{"rendered":"Ce signe inqui\u00e9tant apr\u00e8s 60 ans peut \u00eatre le premier indice d\u2019un cancer silencieux"},"content":{"rendered":"<p>Apr\u00e8s 60 ans, ce signe discret peut trahir un cancer<br \/>\nsilencieux<\/p>\n<p>Pass\u00e9 le cap des <strong>60 ans<\/strong>, beaucoup attribuent<br \/>\ndes changements corporels \u00e0 \u00ab\u00a0l\u2019\u00e2ge qui avance\u00a0\u00bb. Le probl\u00e8me, c\u2019est<br \/>\nque certaines alertes traduisent une <strong>maladie qui progresse<br \/>\n\u00e0 bas bruit<\/strong>. Douleur thoracique soudaine, essoufflement<br \/>\ninhabituel, palpitations ou malaise imposent une \u00e9valuation rapide<br \/>\npour \u00e9carter un trouble cardiaque ou respiratoire. Dans ce paysage<br \/>\nde signaux \u00e0 ne jamais banaliser, un indice en particulier intrigue<br \/>\nles m\u00e9decins par sa fr\u00e9quence et sa discr\u00e9tion.<\/p>\n<p>Le Pr \u00c9ric Boulanger insiste aussi sur les signes neurologiques<br \/>\n: \u00ab\u00a0Les troubles neurologiques sont \u00e9galement \u00e0 prendre tr\u00e8s au<br \/>\ns\u00e9rieux : faiblesse d\u00a0\u00bbun bras ou d&rsquo;une jambe, troubles de la<br \/>\nparole, troubles visuels soudains ou maux de t\u00eate inhabituels<br \/>\npeuvent annoncer un accident vasculaire c\u00e9r\u00e9bral\u00a0\u00bb, avertit le Pr<br \/>\n\u00c9ric Boulanger, g\u00e9riatre et sp\u00e9cialiste de la m\u00e9decine du<br \/>\nvieillissement au CHU de Lille, cit\u00e9 par le Journal des Femmes.<br \/>\nAutre fragilit\u00e9 fr\u00e9quente, la presbyacousie : \u00ab\u00a0Si elle ne rev\u00eat pas<br \/>\nde caract\u00e8re d&rsquo;urgence, elle ne doit pas \u00eatre n\u00e9glig\u00e9e car, en<br \/>\nl&rsquo;absence de correction, elle peut entra\u00eener un isolement social,<br \/>\nune perte d&rsquo;autonomie, des troubles de la m\u00e9moire et un risque<br \/>\naccru de d\u00e9pression. Aujourd&rsquo;hui, une prise en charge adapt\u00e9e<br \/>\n(appareillage auditif, conseils d&rsquo;hygi\u00e8ne auditive, suivi ORL)<br \/>\nam\u00e9liore nettement la qualit\u00e9 de vie et r\u00e9duit les complications<br \/>\ncognitives\u00a0\u00bb, poursuit le sp\u00e9cialiste.<\/p>\n<p>Perte de poids involontaire : quand s\u2019alarmer et pourquoi<br \/>\nconsulter<\/p>\n<p>Le signe qui ressort le plus, c\u2019est la <strong>perte de poids<br \/>\ninvolontaire<\/strong>. Elle survient sans r\u00e9gime, sans changement<br \/>\nd\u2019activit\u00e9, parfois v\u00e9cue \u00e0 tort comme une bonne nouvelle. \u00ab\u00a0Une<br \/>\nperte de plus de <strong>5 %<\/strong> du poids corporel en moins de<br \/>\n<strong>douze mois<\/strong> est consid\u00e9r\u00e9e comme significative.<br \/>\nCette situation peut avoir de multiples origines : une pathologie<br \/>\nchronique comme l&rsquo;insuffisance cardiaque, pulmonaire ou r\u00e9nale, un<br \/>\ntrouble endocrinien tel que l&rsquo;hyperthyro\u00efdie, une maladie digestive<br \/>\nresponsable de malabsorption, ou encore un trouble psychique comme<br \/>\nla d\u00e9pression\u00a0\u00bb, explique le Pr Boulanger.<\/p>\n<p>Dans la d\u00e9marche m\u00e9dicale, les praticiens cherchent en priorit\u00e9<br \/>\n\u00e0 \u00e9carter un <strong>cancer silencieux<\/strong>. Car<br \/>\nl\u2019amaigrissement peut \u00eatre le premier signe visible d\u2019une maladie<br \/>\n\u00e9volutive, bien avant tout autre sympt\u00f4me. Un contr\u00f4le clinique<br \/>\noriente rapidement les examens utiles pour identifier la cause et<br \/>\norganiser la prise en charge. \u00ab\u00a0C\u2019est pourquoi ce sympt\u00f4me ne doit<br \/>\njamais \u00eatre n\u00e9glig\u00e9\u00a0\u00bb, rappelle le sp\u00e9cialiste.<\/p>\n<p>Pourquoi l\u2019amaigrissement pr\u00e9c\u00e8de souvent les autres signes du<br \/>\ncancer<\/p>\n<p>Dans de nombreux cas, l\u2019amaigrissement appara\u00eet avant m\u00eame que<br \/>\nla maladie ne se manifeste ailleurs. Cette perte peut s\u2019accompagner<br \/>\nd\u2019\u00e9l\u00e9ments qui doivent alerter : <strong>fatigue<br \/>\npersistante<\/strong>, fi\u00e8vre inexpliqu\u00e9e, sueurs nocturnes,<br \/>\ndouleurs, <strong>toux prolong\u00e9e<\/strong>, saignements ou<br \/>\n<strong>ganglions anormaux<\/strong>. L\u2019association de ces<br \/>\n<strong>sympt\u00f4mes associ\u00e9s<\/strong> avec une fonte pond\u00e9rale non<br \/>\nintentionnelle change la donne et acc\u00e9l\u00e8re la recherche d\u2019une cause<br \/>\npr\u00e9cise.<\/p>\n<p>La cl\u00e9 reste la pr\u00e9cocit\u00e9. Un diagnostic pos\u00e9 sans tarder<br \/>\naugmente les chances d\u2019un traitement mis en place au bon moment et<br \/>\nr\u00e9duit les complications. \u00ab\u00a0\u00c0 cet \u00e2ge, il est essentiel de ne pas<br \/>\nminimiser ce signal d&rsquo;alarme\u00a0\u00bb, rappelle le Pr Boulanger. Cette<br \/>\nr\u00e9activit\u00e9 offre souvent plus d\u2019options th\u00e9rapeutiques et aide \u00e0<br \/>\npr\u00e9server l\u2019autonomie.<\/p>\n<p>Que faire face \u00e0 une perte de poids<br \/>\ninexpliqu\u00e9e apr\u00e8s 60 ans ?<\/p>\n<p>D\u2019abord, v\u00e9rifier qu\u2019il s\u2019agit bien d\u2019une perte non<br \/>\nintentionnelle : pas de changement d\u2019alimentation, pas de hausse<br \/>\nd\u2019activit\u00e9. Noter la chronologie, l\u2019ampleur estim\u00e9e, l\u2019app\u00e9tit, la<br \/>\npr\u00e9sence de fi\u00e8vre, de douleurs ou de toux qui tra\u00eene. Les proches<br \/>\njouent un r\u00f4le utile s\u2019ils rep\u00e8rent des v\u00eatements qui flottent ou<br \/>\nune silhouette qui s\u2019affine. Le but n\u2019est pas d\u2019angoisser, mais<br \/>\nd\u2019objectiver le signal pour en parler clairement avec son<br \/>\nm\u00e9decin.<\/p>\n<p>Ensuite, prendre rendez-vous sans attendre pour un <strong>bilan<br \/>\ncomplet<\/strong>. Le m\u00e9decin \u00e9valuera l\u2019\u00e9tat g\u00e9n\u00e9ral, les<br \/>\nant\u00e9c\u00e9dents, les traitements en cours et orientera rapidement les<br \/>\nexamens adapt\u00e9s. Un avis pr\u00e9coce permet d\u2019identifier la cause,<br \/>\nd\u2019exclure en priorit\u00e9 un cancer et de lancer la prise en charge la<br \/>\nplus pertinente. C\u2019est simple, mais d\u00e9cisif : ce r\u00e9flexe de<br \/>\n<strong>diagnostic pr\u00e9coce<\/strong> peut r\u00e9ellement faire la<br \/>\ndiff\u00e9rence.<\/p>\n","protected":false},"excerpt":{"rendered":"Apr\u00e8s 60 ans, ce signe discret peut trahir un cancer silencieux Pass\u00e9 le cap des 60 ans, beaucoup&hellip;\n","protected":false},"author":2,"featured_media":645985,"comment_status":"","ping_status":"","sticky":false,"template":"","format":"standard","meta":{"footnotes":""},"categories":[10],"tags":[930,4934,1764,150,101,17488,2837,1086,1011,27,72,56550,25459,5055,7910,71,3789,75180],"class_list":{"0":"post-645984","1":"post","2":"type-post","3":"status-publish","4":"format-standard","5":"has-post-thumbnail","7":"category-sante","8":"tag-le","9":"tag-4934","10":"tag-ans","11":"tag-apres","12":"tag-cancer","13":"tag-ce","14":"tag-dun","15":"tag-etre","16":"tag-fr","17":"tag-france","18":"tag-health","19":"tag-indice","20":"tag-inquietant","21":"tag-peut","22":"tag-premier","23":"tag-sante","24":"tag-signe","25":"tag-silencieux"},"share_on_mastodon":{"url":"https:\/\/pubeurope.com\/@fr\/115851106904917418","error":""},"_links":{"self":[{"href":"https:\/\/www.europesays.com\/fr\/wp-json\/wp\/v2\/posts\/645984","targetHints":{"allow":["GET"]}}],"collection":[{"href":"https:\/\/www.europesays.com\/fr\/wp-json\/wp\/v2\/posts"}],"about":[{"href":"https:\/\/www.europesays.com\/fr\/wp-json\/wp\/v2\/types\/post"}],"author":[{"embeddable":true,"href":"https:\/\/www.europesays.com\/fr\/wp-json\/wp\/v2\/users\/2"}],"replies":[{"embeddable":true,"href":"https:\/\/www.europesays.com\/fr\/wp-json\/wp\/v2\/comments?post=645984"}],"version-history":[{"count":0,"href":"https:\/\/www.europesays.com\/fr\/wp-json\/wp\/v2\/posts\/645984\/revisions"}],"wp:featuredmedia":[{"embeddable":true,"href":"https:\/\/www.europesays.com\/fr\/wp-json\/wp\/v2\/media\/645985"}],"wp:attachment":[{"href":"https:\/\/www.europesays.com\/fr\/wp-json\/wp\/v2\/media?parent=645984"}],"wp:term":[{"taxonomy":"category","embeddable":true,"href":"https:\/\/www.europesays.com\/fr\/wp-json\/wp\/v2\/categories?post=645984"},{"taxonomy":"post_tag","embeddable":true,"href":"https:\/\/www.europesays.com\/fr\/wp-json\/wp\/v2\/tags?post=645984"}],"curies":[{"name":"wp","href":"https:\/\/api.w.org\/{rel}","templated":true}]}}