{"id":645988,"date":"2026-01-07T01:00:17","date_gmt":"2026-01-07T01:00:17","guid":{"rendered":"https:\/\/www.europesays.com\/fr\/645988\/"},"modified":"2026-01-07T01:00:17","modified_gmt":"2026-01-07T01:00:17","slug":"lamericaine-freida-mcfadden-ecrase-les-ventes-de-livres-en-france-en-2025-actualites","status":"publish","type":"post","link":"https:\/\/www.europesays.com\/fr\/645988\/","title":{"rendered":"L&rsquo;Am\u00e9ricaine Freida McFadden \u00e9crase les ventes de livres en France en 2025 : Actualit\u00e9s"},"content":{"rendered":"<p class=\"lead \">La romanci\u00e8re am\u00e9ricaine Freida McFadden est arriv\u00e9e en t\u00eate du classement des ventes de livres en France en 2025, en pla\u00e7ant huit de ses romans dans les 15 premiers de la liste publi\u00e9e mardi par Livres Hebdo.<\/p>\n<p class=\"lead \">La discr\u00e8te autrice a confirm\u00e9 la premi\u00e8re place qu&rsquo;elle avait prise en 2024 avec son roman ph\u00e9nom\u00e8ne \u00ab\u00a0La femme de m\u00e9nage\u00a0\u00bb, un \u00ab\u00a0thriller psychologique\u00a0\u00bb dont le premier tome est sorti en 2022 en anglais et un an plus tard en 45 langues dont le fran\u00e7ais.<\/p>\n<p class=\"lead \">Selon le classement du site de r\u00e9f\u00e9rence Livres Hebdo, r\u00e9alis\u00e9 par NielsenIQ BookData &#8211; GFK, les romans de Freida McFadden, dont les quatre tomes de \u00ab\u00a0La femme de m\u00e9nage\u00a0\u00bb, prennent toutes les premi\u00e8res places en grand format (\u00e9ditions City) et en poche (J&rsquo;ai lu), \u00e0 l&rsquo;exception de la deuxi\u00e8me, occup\u00e9e par le nouvel album d&rsquo;Ast\u00e9rix, \u00ab\u00a0Ast\u00e9rix en Lusitanie\u00a0\u00bb (\u00e9dition Albert Ren\u00e9) et de la sixi\u00e8me, que prend \u00ab\u00a0La maison vide\u00a0\u00bb (Minuit) de Laurent Mauvignier, prix Goncourt.<\/p>\n<p class=\"lead \">Le classement des essais est domin\u00e9 par Salom\u00e9 Saqu\u00e9 avec \u00ab\u00a0R\u00e9sister\u00a0\u00bb (Payot), \u00ab\u00a0L&rsquo;heure des pr\u00e9dateurs\u00a0\u00bb (Gallimard) de Giuliano Da Empoli et \u00ab\u00a0Le journal d&rsquo;un prisonnier\u00a0\u00bb (Fayard) de Nicolas Sarkozy, sorti en d\u00e9cembre.<\/p>\n<p class=\"lead \">Livres Hebdo souligne que Fayard, la maison du groupe Hachette, sous le contr\u00f4le du milliardaire conservateur Vincent Bollor\u00e9, place cinq titres politiques dans le classement de 50 livres, dont ceux de Jordan Bardella (\u00ab\u00a0Ce que veulent les Fran\u00e7ais\u00a0\u00bb), \u00c9ric Zemmour (\u00ab\u00a0La messe n&rsquo;est pas dite\u00a0\u00bb) et deux titres de Philippe de Villiers (\u00ab\u00a0Populicide\u00a0\u00bb et \u00ab\u00a0M\u00e9moricide\u00a0\u00bb).<\/p>\n<p class=\"lead \">\u00ab\u00a0L&rsquo;ensemble dessine un march\u00e9 de l&rsquo;essai en 2025 structurellement polaris\u00e9, o\u00f9 le d\u00e9bat politique hexagonal et les faits divers judiciaires captent l&rsquo;essentiel de l&rsquo;attention \u00e9ditoriale\u00a0\u00bb, indique Livres Hebdo.<\/p>\n<p class=\"lead \">Derri\u00e8re Ast\u00e9rix, le classement des BD et mangas est domin\u00e9 par le youtubeur Inoxtag, avec deux tomes de son manga \u00ab\u00a0Instinct\u00a0\u00bb (Michel Lafon), le tome 110 du manga japonais \u00ab\u00a0One Piece\u00a0\u00bb (Gl\u00e9nat), tandis que la derni\u00e8re aventure de Blake et Mortimer, \u00ab\u00a0La menace Atlante\u00a0\u00bb, occupe la 5e place. <\/p>\n<p class=\"lead \">La s\u00e9rie jeunesse \u00e0 succ\u00e8s \u00ab\u00a0Mortelle Ad\u00e8le\u00a0\u00bb (Mr Tan &amp; Co) place six volumes dans le top 20, selon Livres Hebdo.<\/p>\n<p class=\"small font-weight-bold text-gray3 \"> publi\u00e9 le 6 janvier \u00e0 19h56, AFP<\/p>\n<p>                             Partager<\/p>\n","protected":false},"excerpt":{"rendered":"La romanci\u00e8re am\u00e9ricaine Freida McFadden est arriv\u00e9e en t\u00eate du classement des ventes de livres en France en&hellip;\n","protected":false},"author":2,"featured_media":645989,"comment_status":"","ping_status":"","sticky":false,"template":"","format":"standard","meta":{"footnotes":""},"categories":[8],"tags":[6818,2105,58,59,1011,27,11864,308],"class_list":{"0":"post-645988","1":"post","2":"type-post","3":"status-publish","4":"format-standard","5":"has-post-thumbnail","7":"category-divertissement","8":"tag-dition","9":"tag-distribution","10":"tag-divertissement","11":"tag-entertainment","12":"tag-fr","13":"tag-france","14":"tag-littrature","15":"tag-usa"},"share_on_mastodon":{"url":"https:\/\/pubeurope.com\/@fr\/115851114848503513","error":""},"_links":{"self":[{"href":"https:\/\/www.europesays.com\/fr\/wp-json\/wp\/v2\/posts\/645988","targetHints":{"allow":["GET"]}}],"collection":[{"href":"https:\/\/www.europesays.com\/fr\/wp-json\/wp\/v2\/posts"}],"about":[{"href":"https:\/\/www.europesays.com\/fr\/wp-json\/wp\/v2\/types\/post"}],"author":[{"embeddable":true,"href":"https:\/\/www.europesays.com\/fr\/wp-json\/wp\/v2\/users\/2"}],"replies":[{"embeddable":true,"href":"https:\/\/www.europesays.com\/fr\/wp-json\/wp\/v2\/comments?post=645988"}],"version-history":[{"count":0,"href":"https:\/\/www.europesays.com\/fr\/wp-json\/wp\/v2\/posts\/645988\/revisions"}],"wp:featuredmedia":[{"embeddable":true,"href":"https:\/\/www.europesays.com\/fr\/wp-json\/wp\/v2\/media\/645989"}],"wp:attachment":[{"href":"https:\/\/www.europesays.com\/fr\/wp-json\/wp\/v2\/media?parent=645988"}],"wp:term":[{"taxonomy":"category","embeddable":true,"href":"https:\/\/www.europesays.com\/fr\/wp-json\/wp\/v2\/categories?post=645988"},{"taxonomy":"post_tag","embeddable":true,"href":"https:\/\/www.europesays.com\/fr\/wp-json\/wp\/v2\/tags?post=645988"}],"curies":[{"name":"wp","href":"https:\/\/api.w.org\/{rel}","templated":true}]}}