{"id":646000,"date":"2026-01-07T01:06:16","date_gmt":"2026-01-07T01:06:16","guid":{"rendered":"https:\/\/www.europesays.com\/fr\/646000\/"},"modified":"2026-01-07T01:06:16","modified_gmt":"2026-01-07T01:06:16","slug":"a-19-ans-elle-est-arretee-sur-la72-avec-300-g-de-cannabis-et-de-la-cocaine","status":"publish","type":"post","link":"https:\/\/www.europesays.com\/fr\/646000\/","title":{"rendered":"A 19 ans, elle est arr\u00eat\u00e9e sur l\u2019A72 avec 300 g de cannabis et de la coca\u00efne"},"content":{"rendered":"<p>Lors d\u2019un contr\u00f4le sur l\u2019A72 \u00e0 L\u2019H\u00f4pital-le-Grand le 5 janvier, les gendarmes ont saisi pr\u00e8s de 300 g de cannabis et des r\u00e9sidus de coca\u00efne dans un v\u00e9hicule. La conductrice de 19 ans sera jug\u00e9e devant le tribunal de Saint-\u00c9tienne.<\/p>\n<p>Le 5 janvier, les gendarmes du PMo de Feurs ont intercept\u00e9 un v\u00e9hicule sur l\u2019autoroute A72, \u00e0 L\u2019H\u00f4pital-le-Grand. La conductrice, \u00e2g\u00e9e de 19 ans et originaire de La Ricamarie, a \u00e9t\u00e9 contr\u00f4l\u00e9e positive aux stup\u00e9fiants (cannabis et coca\u00efne), r\u00e9sultats confirm\u00e9s par analyses.<\/p>\n<p>La fouille du v\u00e9hicule a permis de saisir pr\u00e8s de 300 grammes de cannabis, quelques grammes de coca\u00efne, une somme importante en esp\u00e8ces, ainsi que du mat\u00e9riel de conditionnement (balance, pochons vides\u2026).<\/p>\n<p>Une perquisition \u00e0 son domicile a r\u00e9v\u00e9l\u00e9 une petite quantit\u00e9 suppl\u00e9mentaire de cannabis et du mat\u00e9riel de conditionnement. La conductrice a \u00e9t\u00e9 plac\u00e9e en garde \u00e0 vue et son permis de conduire retenu.<\/p>\n<p>Elle sera pr\u00e9sent\u00e9e demain en comparution sur reconnaissance pr\u00e9alable de culpabilit\u00e9 (CRPC) devant le tribunal judiciaire de Saint-\u00c9tienne.<\/p>\n","protected":false},"excerpt":{"rendered":"Lors d\u2019un contr\u00f4le sur l\u2019A72 \u00e0 L\u2019H\u00f4pital-le-Grand le 5 janvier, les gendarmes ont saisi pr\u00e8s de 300 g&hellip;\n","protected":false},"author":2,"featured_media":646001,"comment_status":"","ping_status":"","sticky":false,"template":"","format":"standard","meta":{"footnotes":""},"categories":[9653],"tags":[1111,11,2430,1777,674,1011,27,12,25,4001],"class_list":{"0":"post-646000","1":"post","2":"type-post","3":"status-publish","4":"format-standard","5":"has-post-thumbnail","7":"category-saint-etienne","8":"tag-actu","9":"tag-actualites","10":"tag-auvergne-rhone-alpes","11":"tag-eu","12":"tag-europe","13":"tag-fr","14":"tag-france","15":"tag-news","16":"tag-republique-francaise","17":"tag-saint-etienne"},"share_on_mastodon":{"url":"https:\/\/pubeurope.com\/@fr\/115851138389213436","error":""},"_links":{"self":[{"href":"https:\/\/www.europesays.com\/fr\/wp-json\/wp\/v2\/posts\/646000","targetHints":{"allow":["GET"]}}],"collection":[{"href":"https:\/\/www.europesays.com\/fr\/wp-json\/wp\/v2\/posts"}],"about":[{"href":"https:\/\/www.europesays.com\/fr\/wp-json\/wp\/v2\/types\/post"}],"author":[{"embeddable":true,"href":"https:\/\/www.europesays.com\/fr\/wp-json\/wp\/v2\/users\/2"}],"replies":[{"embeddable":true,"href":"https:\/\/www.europesays.com\/fr\/wp-json\/wp\/v2\/comments?post=646000"}],"version-history":[{"count":0,"href":"https:\/\/www.europesays.com\/fr\/wp-json\/wp\/v2\/posts\/646000\/revisions"}],"wp:featuredmedia":[{"embeddable":true,"href":"https:\/\/www.europesays.com\/fr\/wp-json\/wp\/v2\/media\/646001"}],"wp:attachment":[{"href":"https:\/\/www.europesays.com\/fr\/wp-json\/wp\/v2\/media?parent=646000"}],"wp:term":[{"taxonomy":"category","embeddable":true,"href":"https:\/\/www.europesays.com\/fr\/wp-json\/wp\/v2\/categories?post=646000"},{"taxonomy":"post_tag","embeddable":true,"href":"https:\/\/www.europesays.com\/fr\/wp-json\/wp\/v2\/tags?post=646000"}],"curies":[{"name":"wp","href":"https:\/\/api.w.org\/{rel}","templated":true}]}}