{"id":646016,"date":"2026-01-07T01:24:30","date_gmt":"2026-01-07T01:24:30","guid":{"rendered":"https:\/\/www.europesays.com\/fr\/646016\/"},"modified":"2026-01-07T01:24:30","modified_gmt":"2026-01-07T01:24:30","slug":"rennes-la-famille-qui-avait-menace-de-mort-un-enseignant-a-change-decole","status":"publish","type":"post","link":"https:\/\/www.europesays.com\/fr\/646016\/","title":{"rendered":"Rennes : La famille qui avait menac\u00e9 de mort un enseignant a chang\u00e9 d\u2019\u00e9cole"},"content":{"rendered":"<p class=\"mb-4 text-lg md:leading-8 break-words\"><strong>solution trouv\u00e9e &#8211; A l\u2019\u00e9cole Cl\u00f4teaux, le directeur de la maternelle a pu reprendre le travail<\/strong><\/p>\n<p class=\"mb-4 text-lg md:leading-8 break-words\">La situation est apais\u00e9e. A Rennes, les enseignants de l\u2019\u00e9cole Cl\u00f4teaux ont pu reprendre le travail sereinement ce lundi. Deux mois et demi apr\u00e8s <a href=\"https:\/\/www.20minutes.fr\/faits_divers\/faits-divers-rennes\/4186568-20251119-rennes-parents-refusent-homme-enseigne-fille-menacent-mort-ecole-met-greve?at_medium=RSS%20feed&amp;at_campaign=ynews&amp;utm_source=yahoo&amp;utm_medium=rss&amp;utm_campaign=news_feed&amp;utm_content=in_article_link\" rel=\"nofollow noopener\" target=\"_blank\" data-ylk=\"slk:les menaces de mort prof\u00e9r\u00e9es par des parents d\u2019\u00e9l\u00e8ve;elm:context_link;itc:0;sec:content-canvas\" class=\"link \">les menaces de mort prof\u00e9r\u00e9es par des parents d\u2019\u00e9l\u00e8ve<\/a>, le directeur de la section maternelle a \u00e9galement repris le chemin de la classe lundi. La raison\u00a0? Les enfants de la famille qui l\u2019avaient menac\u00e9 ont \u00e9t\u00e9 chang\u00e9s d\u2019\u00e9cole, a appris 20 Minutes aupr\u00e8s du rectorat, confirmant <a href=\"https:\/\/www.letelegramme.fr\/ille-et-vilaine\/rennes-35000\/menace-par-un-parent-deleve-a-rennes-lenseignant-est-revenu-dans-lecole-la-famille-transferee-dans-un-autre-etablissement-6957545.php?at_medium=RSS%20feed&amp;at_campaign=ynews&amp;utm_source=yahoo&amp;utm_medium=rss&amp;utm_campaign=news_feed&amp;utm_content=in_article_link\" rel=\"nofollow noopener\" target=\"_blank\" data-ylk=\"slk:une information du T\u00e9l\u00e9gramme;elm:context_link;itc:0;sec:content-canvas\" class=\"link \">une information du T\u00e9l\u00e9gramme<\/a>.<\/p>\n<p class=\"mb-4 text-lg md:leading-8 break-words\">Ce changement \u00e9tait demand\u00e9 par le personnel et les syndicats enseignants, qui estimaient qu\u2019il <a href=\"https:\/\/www.20minutes.fr\/societe\/greve\/4187066-20251121-ambiance-pesante-rennes-parents-enseignants-unis-apres-menaces-mort-famille?at_medium=RSS%20feed&amp;at_campaign=ynews&amp;utm_source=yahoo&amp;utm_medium=rss&amp;utm_campaign=news_feed&amp;utm_content=in_article_link\" rel=\"nofollow noopener\" target=\"_blank\" data-ylk=\"slk:n\u2019\u00e9tait \u00ab\u00a0plus possible de travailler\u00a0\u00bb avec la famille;elm:context_link;itc:0;sec:content-canvas\" class=\"link \">n\u2019\u00e9tait \u00ab\u00a0plus possible de travailler\u00a0\u00bb avec la famille<\/a> depuis l\u2019altercation du 10\u00a0octobre. L\u2019affaire avait connu une improbable m\u00e9diatisation quand les syndicats avaient d\u00e9nonc\u00e9 les menaces, expliquant que les parents refusaient que leur fille ait un enseignant homme. D\u2019apr\u00e8s plusieurs sources syndicales, un parent aurait d\u00e9clar\u00e9 \u00ab\u00a0ne pas avoir peur de faire vingt-cinq ans de prison\u00a0\u00bb en cas d\u2019incident avec leur enfant. Le directeur avait \u00e9t\u00e9 arr\u00eat\u00e9 et avait d\u00e9pos\u00e9 plainte. Il avait re\u00e7u le soutien de l\u2019ensemble de ses coll\u00e8gues, qui s\u2019\u00e9taient mis en gr\u00e8ve en novembre.<\/p>\n<p class=\"mb-4 text-lg md:leading-8 break-words\">L\u2019avocat de la famille avait expliqu\u00e9 que les parents niaient toute menace de mort, tout en reconnaissant leurs propos. \u00ab\u00a0Ils reconnaissent des propos inadapt\u00e9s et ils ont fait amende honorable. Le ton est mont\u00e9 des deux c\u00f4t\u00e9s, mais ils ne formulent aucune accusation envers l\u2019enseignant\u00a0\u00bb, expliquait \u00e0 20 Minutes Me Thierry Fillion. L\u2019avocat avait d\u00e9pos\u00e9 plainte pour \u00ab(&#8230;)<\/p>\n<p class=\"mb-4 text-lg md:leading-8 break-words\"><a href=\"https:\/\/www.20minutes.fr\/societe\/4194622-20260106-rennes-famille-menace-mort-enseignant-change-ecole?at_medium=RSS%20feed&amp;at_campaign=ynews&amp;utm_source=yahoo&amp;utm_medium=rss&amp;utm_campaign=news_feed&amp;utm_content=read_more_link&quot;\" rel=\"nofollow noopener\" target=\"_blank\" data-ylk=\"slk:Lire la suite sur 20minutes;elm:context_link;itc:0;sec:content-canvas\" class=\"link \">Lire la suite sur 20minutes<\/a><\/p>\n<p>\u00c0 lire aussi :<br \/><a href=\"https:\/\/www.20minutes.fr\/faits_divers\/faits-divers-rennes\/4190672-20251209-rennes-parents-eleve-accuses-menaces-mort-enseignant-portent-plainte?at_medium=RSS%20feed&amp;at_campaign=ynews&amp;utm_source=yahoo&amp;utm_medium=rss&amp;utm_campaign=news_feed&amp;utm_content=related_content_link\" rel=\"nofollow noopener\" target=\"_blank\" data-ylk=\"slk:Rennes\u00a0: Les parents d\u2019une \u00e9l\u00e8ve accus\u00e9s de menaces de mort sur un enseignant portent plainte;elm:context_link;itc:0;sec:content-canvas\" class=\"link \">Rennes\u00a0: Les parents d\u2019une \u00e9l\u00e8ve accus\u00e9s de menaces de mort sur un enseignant portent plainte<\/a><br \/><a href=\"https:\/\/www.20minutes.fr\/societe\/4186863-20251120-rennes-ecole-supermarche-repond-ministre-parents-refusent-enseignant-homme?at_medium=RSS%20feed&amp;at_campaign=ynews&amp;utm_source=yahoo&amp;utm_medium=rss&amp;utm_campaign=news_feed&amp;utm_content=related_content_link\" rel=\"nofollow noopener\" target=\"_blank\" data-ylk=\"slk:Rennes\u00a0: \u00ab\u00a0L\u2019\u00e9cole, ce n\u2019est pas le supermarch\u00e9\u00a0\u00bb, r\u00e9pond le ministre aux parents qui refusent un enseignant homme;elm:context_link;itc:0;sec:content-canvas\" class=\"link \">Rennes\u00a0: \u00ab\u00a0L\u2019\u00e9cole, ce n\u2019est pas le supermarch\u00e9\u00a0\u00bb, r\u00e9pond le ministre aux parents qui refusent un enseignant homme<\/a><\/p>\n","protected":false},"excerpt":{"rendered":"solution trouv\u00e9e &#8211; A l\u2019\u00e9cole Cl\u00f4teaux, le directeur de la maternelle a pu reprendre le travail La situation&hellip;\n","protected":false},"author":2,"featured_media":646017,"comment_status":"","ping_status":"","sticky":false,"template":"","format":"standard","meta":{"footnotes":""},"categories":[2821],"tags":[1111,11,829,1777,674,1011,27,4112,13355,24088,7775,12,584,25],"class_list":{"0":"post-646016","1":"post","2":"type-post","3":"status-publish","4":"format-standard","5":"has-post-thumbnail","7":"category-rennes","8":"tag-actu","9":"tag-actualites","10":"tag-bretagne","11":"tag-eu","12":"tag-europe","13":"tag-fr","14":"tag-france","15":"tag-lecole","16":"tag-la-famille","17":"tag-menace-de-mort","18":"tag-menaces-de-mort","19":"tag-news","20":"tag-rennes","21":"tag-republique-francaise"},"share_on_mastodon":{"url":"https:\/\/pubeurope.com\/@fr\/115851209265643603","error":""},"_links":{"self":[{"href":"https:\/\/www.europesays.com\/fr\/wp-json\/wp\/v2\/posts\/646016","targetHints":{"allow":["GET"]}}],"collection":[{"href":"https:\/\/www.europesays.com\/fr\/wp-json\/wp\/v2\/posts"}],"about":[{"href":"https:\/\/www.europesays.com\/fr\/wp-json\/wp\/v2\/types\/post"}],"author":[{"embeddable":true,"href":"https:\/\/www.europesays.com\/fr\/wp-json\/wp\/v2\/users\/2"}],"replies":[{"embeddable":true,"href":"https:\/\/www.europesays.com\/fr\/wp-json\/wp\/v2\/comments?post=646016"}],"version-history":[{"count":0,"href":"https:\/\/www.europesays.com\/fr\/wp-json\/wp\/v2\/posts\/646016\/revisions"}],"wp:featuredmedia":[{"embeddable":true,"href":"https:\/\/www.europesays.com\/fr\/wp-json\/wp\/v2\/media\/646017"}],"wp:attachment":[{"href":"https:\/\/www.europesays.com\/fr\/wp-json\/wp\/v2\/media?parent=646016"}],"wp:term":[{"taxonomy":"category","embeddable":true,"href":"https:\/\/www.europesays.com\/fr\/wp-json\/wp\/v2\/categories?post=646016"},{"taxonomy":"post_tag","embeddable":true,"href":"https:\/\/www.europesays.com\/fr\/wp-json\/wp\/v2\/tags?post=646016"}],"curies":[{"name":"wp","href":"https:\/\/api.w.org\/{rel}","templated":true}]}}