{"id":646020,"date":"2026-01-07T01:26:22","date_gmt":"2026-01-07T01:26:22","guid":{"rendered":"https:\/\/www.europesays.com\/fr\/646020\/"},"modified":"2026-01-07T01:26:22","modified_gmt":"2026-01-07T01:26:22","slug":"strasbourg-la-celebre-librairie-kleber-demenage-190-000-livres-a-deplacer","status":"publish","type":"post","link":"https:\/\/www.europesays.com\/fr\/646020\/","title":{"rendered":"Strasbourg : La c\u00e9l\u00e8bre librairie Kl\u00e9ber d\u00e9m\u00e9nage, 190.000 livres \u00e0 d\u00e9placer"},"content":{"rendered":"<p class=\"mb-4 text-lg md:leading-8 break-words\"><strong>UNE PAGE SE TOURNE &#8211; Depuis le 1er janvier, cette institution litt\u00e9raire strasbourgeoise est ferm\u00e9e. Mais elle rouvrira bient\u00f4t \u00e0 quelques pas de l\u00e0, dans les anciens locaux de Boulanger<\/strong><\/p>\n<p class=\"mb-4 text-lg md:leading-8 break-words\">Ferm\u00e9e depuis le 1er janvier, la c\u00e9l\u00e8bre librairie Kl\u00e9ber de <a href=\"https:\/\/www.20minutes.fr\/strasbourg\/?at_medium=RSS%20feed&amp;at_campaign=ynews&amp;utm_source=yahoo&amp;utm_medium=rss&amp;utm_campaign=news_feed&amp;utm_content=in_article_link\" rel=\"nofollow noopener\" target=\"_blank\" data-ylk=\"slk:Strasbourg;elm:context_link;itc:0;sec:content-canvas\" class=\"link \">Strasbourg<\/a> (<a href=\"https:\/\/www.20minutes.fr\/dossier\/bas_rhin?at_medium=RSS%20feed&amp;at_campaign=ynews&amp;utm_source=yahoo&amp;utm_medium=rss&amp;utm_campaign=news_feed&amp;utm_content=in_article_link\" rel=\"nofollow noopener\" target=\"_blank\" data-ylk=\"slk:Bas-Rhin;elm:context_link;itc:0;sec:content-canvas\" class=\"link \">Bas-Rhin<\/a>) s\u2019appr\u00eate \u00e0 rouvrir \u00e0 quelques pas de l\u00e0. Selon <a href=\"https:\/\/www.lebonbon.fr\/strasbourg\/news\/librairie-kleber-strasbourg-fermeture\/?at_medium=RSS%20feed&amp;at_campaign=ynews&amp;utm_source=yahoo&amp;utm_medium=rss&amp;utm_campaign=news_feed&amp;utm_content=in_article_link\" rel=\"nofollow noopener\" target=\"_blank\" data-ylk=\"slk:Le Bonbon;elm:context_link;itc:0;sec:content-canvas\" class=\"link \">Le Bonbon<\/a>, l\u2019institution litt\u00e9raire prendra possession de nouveaux b\u00e2timents en attendant la fin des travaux, pr\u00e9vue dans onze mois.<\/p>\n<p class=\"mb-4 text-lg md:leading-8 break-words\">Durant les r\u00e9novations, la librairie ouvrira dans un espace \u00e9ph\u00e9m\u00e8re de 1.400 m2, le 15 janvier, \u00e0 9 heures. Cela permettra \u00e0 son b\u00e2timent mythique de faire peau neuve. Et il en avait bien besoin.<\/p>\n<p>Moderniser la librairie Kl\u00e9ber, sans perdre son \u00e2me<\/p>\n<p class=\"mb-4 text-lg md:leading-8 break-words\">Situ\u00e9e sur la place Kl\u00e9ber, cette librairie est devenue mythique au fil des d\u00e9cennies, \u00e0 tel point qu\u2019elle est sans conteste un symbole de l\u2019identit\u00e9 culturelle strasbourgeoise. D\u00e9sormais, elle doit corriger plusieurs probl\u00e8mes, tels qu\u2019une accessibilit\u00e9 limit\u00e9e, des normes de s\u00e9curit\u00e9 \u00e0 revoir et des espaces trop \u00e9troits pour accueillir les lecteurs et des \u00e9v\u00e9nements.<\/p>\n<p class=\"mb-4 text-lg md:leading-8 break-words\">Le chantier est port\u00e9 par la Ville de Strasbourg, propri\u00e9taire des murs, et les \u00e9ditions Gallimard, qui exploitent le lieu. La mission des travaux est de moderniser la librairie sans trahir son \u00e2me, tout en agrandissant les espaces pour les rendre plus accueillants et accessibles (ascenseurs, etc.).<\/p>\n<p class=\"mb-4 text-lg md:leading-8 break-words\">Pendant la dur\u00e9e des travaux, une librairie Kl\u00e9ber \u00e9ph\u00e9m\u00e8re prendra possession des anciens locaux de Boulanger, rue du 22-Novembre. En attendant, il faut d\u00e9m\u00e9nager les 190.000 ouvrages et 100.000 r\u00e9f\u00e9rences.<\/p>\n<p class=\"mb-4 text-lg md:leading-8 break-words\"><a href=\"https:\/\/www.20minutes.fr\/societe\/4194552-20260106-strasbourg-celebre-librairie-kleber-demenage-190-000-livres-deplacer?at_medium=RSS%20feed&amp;at_campaign=ynews&amp;utm_source=yahoo&amp;utm_medium=rss&amp;utm_campaign=news_feed&amp;utm_content=read_more_link&quot;\" rel=\"nofollow noopener\" target=\"_blank\" data-ylk=\"slk:Lire la suite sur 20minutes;elm:context_link;itc:0;sec:content-canvas\" class=\"link \">Lire la suite sur 20minutes<\/a><\/p>\n<p>\u00c0 lire aussi :<br \/><a href=\"https:\/\/www.20minutes.fr\/societe\/4194551-20260106-strasbourg-agriculteurs-colere-100-tracteurs-attendus-mercredi?at_medium=RSS%20feed&amp;at_campaign=ynews&amp;utm_source=yahoo&amp;utm_medium=rss&amp;utm_campaign=news_feed&amp;utm_content=related_content_link\" rel=\"nofollow noopener\" target=\"_blank\" data-ylk=\"slk:Strasbourg : Les agriculteurs en col\u00e8re, 100 tracteurs attendus mercredi;elm:context_link;itc:0;sec:content-canvas\" class=\"link \">Strasbourg : Les agriculteurs en col\u00e8re, 100 tracteurs attendus mercredi<\/a><br \/><a href=\"https:\/\/www.20minutes.fr\/sport\/football\/ligue-1\/4194545-20260106-racing-club-strasbourg-liam-rosenior-officialise-depart-chelsea-pouvait-dire-non?at_medium=RSS%20feed&amp;at_campaign=ynews&amp;utm_source=yahoo&amp;utm_medium=rss&amp;utm_campaign=news_feed&amp;utm_content=related_content_link\" rel=\"nofollow noopener\" target=\"_blank\" data-ylk=\"slk:Racing club de Strasbourg : Liam Rosenior officialise son d\u00e9part pour Chelsea \u00e0 qui il ne pouvait \u00ab pas dire non \u00bb;elm:context_link;itc:0;sec:content-canvas\" class=\"link \">Racing club de Strasbourg : Liam Rosenior officialise son d\u00e9part pour Chelsea \u00e0 qui il ne pouvait \u00ab pas dire non \u00bb<\/a><\/p>\n","protected":false},"excerpt":{"rendered":"UNE PAGE SE TOURNE &#8211; Depuis le 1er janvier, cette institution litt\u00e9raire strasbourgeoise est ferm\u00e9e. Mais elle rouvrira&hellip;\n","protected":false},"author":2,"featured_media":646021,"comment_status":"","ping_status":"","sticky":false,"template":"","format":"standard","meta":{"footnotes":""},"categories":[2820],"tags":[1111,11,1777,674,1011,27,775,23170,33675,12,50948,8708,25,75181,640],"class_list":{"0":"post-646020","1":"post","2":"type-post","3":"status-publish","4":"format-standard","5":"has-post-thumbnail","7":"category-strasbourg","8":"tag-actu","9":"tag-actualites","10":"tag-eu","11":"tag-europe","12":"tag-fr","13":"tag-france","14":"tag-grand-est","15":"tag-kleber","16":"tag-librairie-kleber","17":"tag-news","18":"tag-normes-de-securite","19":"tag-racing-club-de-strasbourg","20":"tag-republique-francaise","21":"tag-selon-le-bonbon","22":"tag-strasbourg"},"share_on_mastodon":{"url":"https:\/\/pubeurope.com\/@fr\/115851217024206068","error":""},"_links":{"self":[{"href":"https:\/\/www.europesays.com\/fr\/wp-json\/wp\/v2\/posts\/646020","targetHints":{"allow":["GET"]}}],"collection":[{"href":"https:\/\/www.europesays.com\/fr\/wp-json\/wp\/v2\/posts"}],"about":[{"href":"https:\/\/www.europesays.com\/fr\/wp-json\/wp\/v2\/types\/post"}],"author":[{"embeddable":true,"href":"https:\/\/www.europesays.com\/fr\/wp-json\/wp\/v2\/users\/2"}],"replies":[{"embeddable":true,"href":"https:\/\/www.europesays.com\/fr\/wp-json\/wp\/v2\/comments?post=646020"}],"version-history":[{"count":0,"href":"https:\/\/www.europesays.com\/fr\/wp-json\/wp\/v2\/posts\/646020\/revisions"}],"wp:featuredmedia":[{"embeddable":true,"href":"https:\/\/www.europesays.com\/fr\/wp-json\/wp\/v2\/media\/646021"}],"wp:attachment":[{"href":"https:\/\/www.europesays.com\/fr\/wp-json\/wp\/v2\/media?parent=646020"}],"wp:term":[{"taxonomy":"category","embeddable":true,"href":"https:\/\/www.europesays.com\/fr\/wp-json\/wp\/v2\/categories?post=646020"},{"taxonomy":"post_tag","embeddable":true,"href":"https:\/\/www.europesays.com\/fr\/wp-json\/wp\/v2\/tags?post=646020"}],"curies":[{"name":"wp","href":"https:\/\/api.w.org\/{rel}","templated":true}]}}