{"id":646033,"date":"2026-01-07T01:34:16","date_gmt":"2026-01-07T01:34:16","guid":{"rendered":"https:\/\/www.europesays.com\/fr\/646033\/"},"modified":"2026-01-07T01:34:16","modified_gmt":"2026-01-07T01:34:16","slug":"nouveau-protocole-culture-justice-signe-a-toulouse","status":"publish","type":"post","link":"https:\/\/www.europesays.com\/fr\/646033\/","title":{"rendered":"Nouveau protocole Culture-Justice sign\u00e9 \u00e0 Toulouse"},"content":{"rendered":"<p>Le 2\u00a0d\u00e9cembre, sur le site toulousain de la Direction r\u00e9gionale des affaires culturelles (Drac) d\u2019Occitanie, les repr\u00e9sentants de la Direction interr\u00e9gionale des services p\u00e9nitentiaires de Toulouse, la Direction interr\u00e9gionale de la protection judiciaire de la jeunesse Sud et la Direction r\u00e9gionale des affaires culturelles d\u2019Occitanie <a href=\"https:\/\/www.prefectures-regions.gouv.fr\/occitanie\/irecontenu\/telechargement\/133487\/978808\/file\/20251209_CP_signature_protocole_culture_justice.pdf\" class=\"spip_out\" rel=\"external noopener\" target=\"_blank\">ont sign\u00e9 un nouveau protocole r\u00e9gional de coop\u00e9ration Culture\u2013Justice<\/a> pour la p\u00e9riode 2026-2030, qui pourra \u00eatre prolong\u00e9 jusqu\u2019en 2032.<\/p>\n<p>Issu du <a href=\"https:\/\/www.justice.gouv.fr\/lart-culture-leviers-reinsertion-personnes-placees-main-justice\" class=\"spip_out\" rel=\"external noopener\" target=\"_blank\">protocole national<\/a> conclu d\u00e8s 1986 entre les minist\u00e8res de la Culture et de la Justice, ce cadre partenarial \u00ab\u00a0vise \u00e0 garantir l\u2019acc\u00e8s \u00e0 la culture pour les personnes majeures et mineures plac\u00e9es sous-main de justice, qu\u2019elles soient accompagn\u00e9es en milieu ouvert ou en milieu ferm\u00e9\u00a0\u00bb. L\u2019objectif de fond est de \u00ab\u00a0d\u00e9ployer des actions d\u2019\u00e9ducation artistique et culturelle centr\u00e9es sur la rencontre avec des artistes, la pratique artistique et l\u2019acquisition de connaissances\u00a0\u00bb et de \u00ab\u00a0favoriser l\u2019insertion sociale et la pr\u00e9vention de la r\u00e9cidive par la culture\u00a0\u00bb.<\/p>\n<p>Le nouveau protocole ouvre la voie \u00e0 un \u00e9largissement des coop\u00e9rations (cr\u00e9ation de commissions culture conjointes dans les territoires, d\u00e9veloppement de nouvelles conventions partenariales avec les collectivit\u00e9s territoriales, etc.).<\/p>\n","protected":false},"excerpt":{"rendered":"Le 2\u00a0d\u00e9cembre, sur le site toulousain de la Direction r\u00e9gionale des affaires culturelles (Drac) d\u2019Occitanie, les repr\u00e9sentants de&hellip;\n","protected":false},"author":2,"featured_media":373637,"comment_status":"","ping_status":"","sticky":false,"template":"","format":"standard","meta":{"footnotes":""},"categories":[2816],"tags":[1111,11,251,75182,6084,1777,674,1011,27,303,12,2680,25,2312],"class_list":{"0":"post-646033","1":"post","2":"type-post","3":"status-publish","4":"format-standard","5":"has-post-thumbnail","7":"category-toulouse","8":"tag-actu","9":"tag-actualites","10":"tag-culture","11":"tag-direction-regionale-affaires-culturelles-drac","12":"tag-droit","13":"tag-eu","14":"tag-europe","15":"tag-fr","16":"tag-france","17":"tag-justice","18":"tag-news","19":"tag-occitanie","20":"tag-republique-francaise","21":"tag-toulouse"},"share_on_mastodon":{"url":"https:\/\/pubeurope.com\/@fr\/115851248628399033","error":""},"_links":{"self":[{"href":"https:\/\/www.europesays.com\/fr\/wp-json\/wp\/v2\/posts\/646033","targetHints":{"allow":["GET"]}}],"collection":[{"href":"https:\/\/www.europesays.com\/fr\/wp-json\/wp\/v2\/posts"}],"about":[{"href":"https:\/\/www.europesays.com\/fr\/wp-json\/wp\/v2\/types\/post"}],"author":[{"embeddable":true,"href":"https:\/\/www.europesays.com\/fr\/wp-json\/wp\/v2\/users\/2"}],"replies":[{"embeddable":true,"href":"https:\/\/www.europesays.com\/fr\/wp-json\/wp\/v2\/comments?post=646033"}],"version-history":[{"count":0,"href":"https:\/\/www.europesays.com\/fr\/wp-json\/wp\/v2\/posts\/646033\/revisions"}],"wp:featuredmedia":[{"embeddable":true,"href":"https:\/\/www.europesays.com\/fr\/wp-json\/wp\/v2\/media\/373637"}],"wp:attachment":[{"href":"https:\/\/www.europesays.com\/fr\/wp-json\/wp\/v2\/media?parent=646033"}],"wp:term":[{"taxonomy":"category","embeddable":true,"href":"https:\/\/www.europesays.com\/fr\/wp-json\/wp\/v2\/categories?post=646033"},{"taxonomy":"post_tag","embeddable":true,"href":"https:\/\/www.europesays.com\/fr\/wp-json\/wp\/v2\/tags?post=646033"}],"curies":[{"name":"wp","href":"https:\/\/api.w.org\/{rel}","templated":true}]}}