{"id":646034,"date":"2026-01-07T01:35:16","date_gmt":"2026-01-07T01:35:16","guid":{"rendered":"https:\/\/www.europesays.com\/fr\/646034\/"},"modified":"2026-01-07T01:35:16","modified_gmt":"2026-01-07T01:35:16","slug":"soldes-a-toulouse-le-mobilier-design-brade-jusqua-50-ou-denicher-des-lampes-canapes-et-fauteuils-a-prix-casses","status":"publish","type":"post","link":"https:\/\/www.europesays.com\/fr\/646034\/","title":{"rendered":"Soldes \u00e0 Toulouse\u00a0: le mobilier design brad\u00e9 jusqu\u2019\u00e0 \u2013 50\u00a0%, o\u00f9 d\u00e9nicher des lampes, canap\u00e9s et fauteuils \u00e0 prix cass\u00e9s"},"content":{"rendered":"<p>\n                                                                    l&rsquo;essentiel<br \/>\n                                                                Les soldes d\u2019hiver transforment le mobilier design en aubaine. \u00c0 Toulouse, des r\u00e9ductions allant jusqu\u2019\u00e0 50\u00a0% permettent d\u2019acqu\u00e9rir des pi\u00e8ces prestigieuses \u00e0 prix cass\u00e9s. Une opportunit\u00e9 pour les amateurs de d\u00e9coration.\n                            <\/p>\n<p>Les soldes d\u2019hiver d\u00e9butent ce mercredi 7\u00a0janvier. Les premiers jours, les Toulousains se ruent dans les magasins de v\u00eatements pour profiter des rabais. Mais il y a un autre secteur qui permet de faire de bonnes affaires \u00e0 cette p\u00e9riode, celui du mobilier design. Les adresses du centre-ville toulousain, sp\u00e9cialis\u00e9es dans les meubles et la d\u00e9coration haut de gamme, proposent en effet des remises cons\u00e9quentes sur leurs pi\u00e8ces d\u2019exposition en ce d\u00e9but d\u2019ann\u00e9e. Une opportunit\u00e9 \u00e0 saisir pour ceux qui veulent s\u2019emparer d\u2019un canap\u00e9 de designer ou d\u2019une lampe tendance \u00e0 prix r\u00e9duit. Comme ce fauteuil Gaetano Pesce aux formes organiques de B\u00a0&amp; B Italia, ou cet autre si\u00e8ge sign\u00e9 Antonio Citterio pour Vitra. Deux grands classiques du design, brad\u00e9s \u00e0 \u2013 30\u00a0% dans <a href=\"https:\/\/www.trentotto.fr\/\" target=\"_blank\" rel=\"noopener\">le concept-store Trentotto<\/a>. \u00ab\u00a0Les soldes, c\u2019est toujours un moment o\u00f9 on repense l\u2019exposition du magasin, pour que les clients ne se lassent pas, explique Stephan Oddos, \u00e0 la t\u00eate de l\u2019enseigne. Tous les six mois, on essaye de recr\u00e9er l\u2019\u00e9v\u00e9nement. C\u2019est \u00e7a qui est g\u00e9nial dans le design\u00a0: on choisit des mod\u00e8les extravagants puis on change les couleurs, les tissus\u2026\u00a0\u00bb<\/p>\n<p>        <img decoding=\"async\" class=\"std-img__img responsive-img\" src=\"https:\/\/www.europesays.com\/fr\/wp-content\/uploads\/2026\/01\/1767749716_378_image.jpg\" alt=\"Les soldes sont aussi l\u2019occasion d\u2019acheter du mobilier design.\"\/><\/p>\n<p>                Les soldes sont aussi l\u2019occasion d\u2019acheter du mobilier design.<br \/>\n                                    DDM &#8211; Muriel Bortoluzzi<\/p>\n<p class=\"std-elt__inline\">\n        <strong>\u00c0 lire aussi :<\/strong><br \/>\n        <a href=\"https:\/\/www.ladepeche.fr\/2025\/02\/06\/cerezo-fait-son-grand-retour-en-centre-ville-de-toulouse-un-nouveau-magasin-rue-croix-baragnon-avec-une-selection-signee-cinna-12495070.php\" target=\"_blank\" rel=\"noopener\">Cerezo fait son grand retour en centre-ville de Toulouse\u00a0: un nouveau magasin rue Croix-Baragnon avec une s\u00e9lection sign\u00e9e Cinna<\/a>\n    <\/p>\n<p><a href=\"https:\/\/www.voltex.fr\/?gad_source=1&amp;gad_campaignid=1743361567&amp;gbraid=0AAAAAD_NJo7rtaL59naec5pCz9T2eUXD7&amp;gclid=Cj0KCQiAgvPKBhCxARIsAOlK_EokDRTPIhzmObIlP-6hLIX22gb_ucuE8mH1pKE0p3BEsrnQroBTTvIaAgNxEALw_wcB\" target=\"_blank\" rel=\"noopener\">Chez Voltex, place Saint-Georges<\/a>, une commode et une enfilade de la marque modulaire Flexcube sont \u00e0 saisir. Compter pr\u00e8s de 1\u00a0500\u00a0\u20ac au lieu de 2\u00a0100\u00a0\u20ac pour le plus grand des deux, la diff\u00e9rence est de taille. Tout comme ces consoles noires de chez Altassina, propos\u00e9es \u00e0 500\u00a0\u20ac au lieu de 900\u00a0\u20ac, et qui ne devraient pas faire long feu. \u00ab\u00a0C\u2019est maintenant qu\u2019ont lieu les plus grosses promotions, \u00e7a peut aller jusqu\u2019\u00e0 50\u00a0%, confie S\u00e9bastien N\u00e9ri, employ\u00e9 de cette enseigne renomm\u00e9e depuis 1963. On d\u00e9stocke avant de d\u00e9marrer sur les nouvelles collections, qui sortent g\u00e9n\u00e9ralement en janvier, au moment du <a href=\"https:\/\/www.maison-objet.com\/paris\/visiter\/badge-tarifs?utm_source=google&amp;utm_medium=display&amp;utm_campaign=j25_conversion&amp;gad_source=1&amp;gad_campaignid=23312482543&amp;gbraid=0AAAAApE3xaCeNqupjQjGynJEbkZY41wj3&amp;gclid=Cj0KCQiAgvPKBhCxARIsAOlK_Er-myWsw84jRF-aUBuUFo0nAw79wug8-ey4nQ55kM_CI5gM0Z1xoSEaApl_EALw_wcB\" target=\"_blank\" rel=\"noopener\">Salon Maison\u00a0&amp; Objet \u00e0 Paris<\/a>.\u00a0\u00bb<\/p>\n<p>\u00ab\u00a0Les gens regardent le montant de la r\u00e9duction\u00a0\u00bb<\/p>\n<p>Chez Design Follies, rue Croix-Baragnon, Anne-Marie Dupin s\u2019appr\u00eate \u00e0 se s\u00e9parer d\u2019un canap\u00e9 Standard, dessin\u00e9 par Francesco Binfar\u00e9, pour Edra. Une tr\u00e8s belle pi\u00e8ce compos\u00e9e de quatre \u00e9l\u00e9ments blanc cass\u00e9, expos\u00e9e sur la mezzanine, dont le prix de d\u00e9part d\u00e9passait les 20\u00a0000\u00a0\u20ac. \u00ab\u00a0\u00c7a me permettra de proposer autre chose \u00e0 la place, explique-t-elle. Les gens regardent avant tout le montant de la r\u00e9duction. Tout au long de l\u2019ann\u00e9e, je suis amen\u00e9e \u00e0 faire des propositions sur du mobilier d\u2019exposition pour renouveler.\u00a0\u00bb<\/p>\n<p>Les lampes Panthella de Louis Poulsen sont \u00e0 prix r\u00e9duits chez <a href=\"https:\/\/galvani.fr\/\" target=\"_blank\" rel=\"noopener\">2b Design<\/a>, tout comme le c\u00e9l\u00e8bre fauteuil Barcelona, avec son rev\u00eatement cuir capitonn\u00e9, qui s\u2019affiche \u00e0 \u2013 20\u00a0%. Pour les plus ais\u00e9s, l\u2019affaire \u00e0 saisir est incontestablement le grand canap\u00e9 Zanotta au tissu bouclette vert, qui voit son \u00e9tiquette initiale \u00e0 12\u00a0000\u00a0\u20ac descendre \u00e0 7\u00a0000\u00a0\u20ac. \u00ab\u00a0Il prend de la place\u00a0\u00bb, sourit C\u00e9drick Veaux, le responsable.<\/p>\n<p><a href=\"https:\/\/decodesign31.com\/\" target=\"_blank\" rel=\"noopener\">Chez D\u00e9co Design<\/a>, la p\u00e9riode est synonyme du \u00ab\u00a0plus gros mois de l\u2019ann\u00e9e\u00a0\u00bb en termes de chiffre d\u2019affaires. \u2013 30\u00a0% sur les tapis, \u2013 25\u00a0% sur les meubles, \u2013 20\u00a0% sur les fauteuils\u2026 La majorit\u00e9 des \u00e9l\u00e9ments du magasin est sold\u00e9e. Sur un mur, s\u2019affiche un immense tapis Kandinsky, qui passe de 4\u00a0200\u00a0\u20ac \u00e0 2\u00a0940\u00a0\u20ac. \u00ab\u00a0On a un stock important qu\u2019il faut \u00e9couler, explique Mickael Diglaudi. Les soldes attirent l\u2019\u0153il. On a aussi des clients habitu\u00e9s qui viennent compl\u00e9ter une collection.\u00a0\u00bb<\/p>\n<p>Deux nouveaux venus dans la rue Croix-Baragnon, <a href=\"https:\/\/www.cinna.fr\/fr\/retails\/6545-cinna-toulouse-1473\" target=\"_blank\" rel=\"noopener\">Cinna by Cerezo<\/a> et la marque danoise Bolia, ne ratent pas non plus cette occasion. Ouverts depuis quelques mois, ils bradent ainsi\u2026 des nouveaut\u00e9s. Chez Cinna, le fauteuil Jupiter de Pierre Guariche, pivotant et enveloppant, c\u00f4toie le canap\u00e9 Exclusif en nubuck ou la grande table Eaton en noyer, tous \u00e0 \u2013 20\u00a0%. <a href=\"https:\/\/www.ladepeche.fr\/2025\/06\/16\/du-design-scandinave-rue-croix-baragnon-toulouse-accueille-sa-premiere-boutique-bolia-a-la-place-de-vuitton-12765827.php\" target=\"_blank\" rel=\"noopener\">Chez Bolia<\/a>, de nombreux \u00e9l\u00e9ments s\u2019affichent \u00e0 \u2013 50\u00a0% et plusieurs d\u2019entre eux se sont d\u00e9j\u00e0 vendus ces derniers jours. \u00ab\u00a0Les derni\u00e8res collections passent en outlet. Et les promotions vont s\u2019\u00e9taler jusqu\u2019en mars\u00a0: chaque semaine, on va changer des zones enti\u00e8res du magasin. La marque fonctionne par campagne de promotions \u00ab\u00a0, explique Jonathan Bessede. Loin des portants de v\u00eatements, les soldes d\u2019hiver offrent donc aussi une opportunit\u00e9 pour investir dans des pi\u00e8ces de design, pens\u00e9es pour durer.<\/p>\n","protected":false},"excerpt":{"rendered":"l&rsquo;essentiel Les soldes d\u2019hiver transforment le mobilier design en aubaine. \u00c0 Toulouse, des r\u00e9ductions allant jusqu\u2019\u00e0 50\u00a0% permettent&hellip;\n","protected":false},"author":2,"featured_media":646035,"comment_status":"","ping_status":"","sticky":false,"template":"","format":"standard","meta":{"footnotes":""},"categories":[2816],"tags":[1111,11,1777,674,1011,27,329,2722,73486,12,2680,25,2312,69121],"class_list":{"0":"post-646034","1":"post","2":"type-post","3":"status-publish","4":"format-standard","5":"has-post-thumbnail","7":"category-toulouse","8":"tag-actu","9":"tag-actualites","10":"tag-eu","11":"tag-europe","12":"tag-fr","13":"tag-france","14":"tag-france-monde","15":"tag-haute-garonne","16":"tag-mode-accessoires-shopping","17":"tag-news","18":"tag-occitanie","19":"tag-republique-francaise","20":"tag-toulouse","21":"tag-vie-pratique-conso"},"share_on_mastodon":{"url":"https:\/\/pubeurope.com\/@fr\/115851252446227307","error":""},"_links":{"self":[{"href":"https:\/\/www.europesays.com\/fr\/wp-json\/wp\/v2\/posts\/646034","targetHints":{"allow":["GET"]}}],"collection":[{"href":"https:\/\/www.europesays.com\/fr\/wp-json\/wp\/v2\/posts"}],"about":[{"href":"https:\/\/www.europesays.com\/fr\/wp-json\/wp\/v2\/types\/post"}],"author":[{"embeddable":true,"href":"https:\/\/www.europesays.com\/fr\/wp-json\/wp\/v2\/users\/2"}],"replies":[{"embeddable":true,"href":"https:\/\/www.europesays.com\/fr\/wp-json\/wp\/v2\/comments?post=646034"}],"version-history":[{"count":0,"href":"https:\/\/www.europesays.com\/fr\/wp-json\/wp\/v2\/posts\/646034\/revisions"}],"wp:featuredmedia":[{"embeddable":true,"href":"https:\/\/www.europesays.com\/fr\/wp-json\/wp\/v2\/media\/646035"}],"wp:attachment":[{"href":"https:\/\/www.europesays.com\/fr\/wp-json\/wp\/v2\/media?parent=646034"}],"wp:term":[{"taxonomy":"category","embeddable":true,"href":"https:\/\/www.europesays.com\/fr\/wp-json\/wp\/v2\/categories?post=646034"},{"taxonomy":"post_tag","embeddable":true,"href":"https:\/\/www.europesays.com\/fr\/wp-json\/wp\/v2\/tags?post=646034"}],"curies":[{"name":"wp","href":"https:\/\/api.w.org\/{rel}","templated":true}]}}