{"id":646043,"date":"2026-01-07T01:41:12","date_gmt":"2026-01-07T01:41:12","guid":{"rendered":"https:\/\/www.europesays.com\/fr\/646043\/"},"modified":"2026-01-07T01:41:12","modified_gmt":"2026-01-07T01:41:12","slug":"le-reseau-tcl-circule-t-il-ce-mercredi-un-plan-active","status":"publish","type":"post","link":"https:\/\/www.europesays.com\/fr\/646043\/","title":{"rendered":"le r\u00e9seau TCL circule-t-il ce mercredi ? Un plan activ\u00e9"},"content":{"rendered":"<p>                    Par<br \/>\n        <strong><br \/>\n            <a href=\"https:\/\/actu.fr\/auteur\/redaction-lyon\" title=\"Consulter tous les articles de R\u00e9daction Lyon\" target=\"_blank\" rel=\"noopener\">R\u00e9daction Lyon<\/a><br \/>\n                    <\/strong><\/p>\n<p>        Publi\u00e9 le<\/p>\n<p>            6 janv. 2026 \u00e0 19h53        <\/p>\n<p>La <a href=\"https:\/\/actu.fr\/auvergne-rhone-alpes\/lyon_69123\/neige-jusqu-a-5-cm-flocons-confirmes-a-lyon-et-dans-le-rhone-voici-a-quoi-s-attendre_63660223.html\" target=\"_blank\" rel=\"noopener\">neige arrive sur Lyon et le Rh\u00f4ne<\/a> ces prochains heures. M\u00e9t\u00e9o-France pr\u00e9voit 1 \u00e0 5 centim\u00e8tres mercredi apr\u00e8s-midi y compris sur l\u2019agglom\u00e9ration lyonnaise. Le d\u00e9partement est en vigilance jaune neige-verglas d\u00e8s 15h et il n\u2019est pas exclut que la vigilance orange soit activ\u00e9e en fonction de l\u2019\u00e9volution de la situation.<\/p>\n<p class=\" wall-content\">Le <a href=\"https:\/\/actu.fr\/tag\/transports-en-commun-lyonnais-tcl\" target=\"_blank\" rel=\"noopener\">r\u00e9seau de transports en commun TCL<\/a> a annonc\u00e9 dans la soir\u00e9e de mardi l\u2019activation de son plan hivernal. A ce stade,<strong> tous les modes de transports sont maintenus<\/strong>.<\/p>\n<p>Un plan hivernal sp\u00e9cial<\/p>\n<p class=\" wall-content\">\u00ab\u00a0L\u2019ensemble des \u00e9quipes est alors mobilis\u00e9 pour anticiper au mieux les effets des conditions m\u00e9t\u00e9orologiques, les impacts \u00e9ventuels sur l\u2019exploitation du r\u00e9seau afin d\u2019assurer aux voyageurs des trajets fiables et r\u00e9guliers et agir en temps r\u00e9el pour garantir la meilleure offre de service\u00a0\u00bb, explique le r\u00e9seau dans un communiqu\u00e9.<\/p>\n<blockquote class=\"ac-article-quote wall-content\">\n<p>Chaque zone b\u00e9n\u00e9ficie d\u2019une analyse m\u00e9t\u00e9orologique fine, permettant d\u2019ajuster rapidement les actions pr\u00e9ventives (arr\u00eats ponctuellement non desservis en cas d\u2019impraticabilit\u00e9, d\u00e9viations vers des axes trait\u00e9s en priorit\u00e9, mise en place de terminus provisoires lorsque l\u2019itin\u00e9raire complet n\u2019est pas possible, etc.). Dans ce cadre, des mesures sp\u00e9cifiques sont d\u00e9ploy\u00e9es sur chaque mode de transport pour assurer la continuit\u00e9 du service.<\/p>\n<p>    <strong>R\u00e9seau TCL<\/strong>\n            <\/p><\/blockquote>\n<p>M\u00e9tro, bus, tramways\u2026 Des adaptations sp\u00e9ciales<\/p>\n<p class=\" wall-content\">Pour chaque type de transport, le r\u00e9seau TCL met en place des mesures. Pour le <strong>m\u00e9tro<\/strong> : application de produits antigivre sur les zones sensibles, activation du chauffage des pistes de roulement, intervention des \u00e9quipes de d\u00e9neigement pour s\u00e9curiser les acc\u00e8s aux stations, coordination renforc\u00e9e des \u00e9quipes de nettoyage et de maintenance pour garantir la disponibilit\u00e9 des rames et des infrastructures.<\/p>\n<p class=\" wall-content\">Pour les <strong>tramways<\/strong> : un chasse-neige rail-route peut \u00eatre mobilis\u00e9, en compl\u00e9ment des dispositifs manuels disponibles. Les soci\u00e9t\u00e9s de nettoyage salent les cheminements pi\u00e9tons et les conducteurs signalent toute accumulation de neige sur les zones sensibles. Lorsque le dispositif est activ\u00e9, des rames circulent durant la nuit pour maintenir les voies praticables.<\/p>\n<p>Votre r\u00e9gion, votre actu !<\/p>\n<p>Recevez chaque jour les infos qui comptent pour vous.<\/p>\n<p>\t<a href=\"https:\/\/actu.fr\/newsletter\" class=\"ac-btn ac-btn--corner ac-btn--medium ac-btn--blue800\" target=\"_blank\" rel=\"noopener\">S&rsquo;incrire<\/a><\/p>\n<p class=\" wall-content\">Le <strong>r\u00e9seau de bus<\/strong> : les diagnostics sont concentr\u00e9s en priorit\u00e9 sur les lignes fortes au d\u00e9part des d\u00e9p\u00f4ts. Les \u00e9quipes \u00e9valuent les itin\u00e9raires et proc\u00e8dent aux adaptations n\u00e9cessaires selon l\u2019\u00e9tat des voiries. Les services de la M\u00e9tropole de Lyon assurent le traitement des axes emprunt\u00e9s par les bus pour garantir la circulation des services essentiels.<\/p>\n<p class=\" wall-content\">Pour <strong>les autocars<\/strong> : d\u00e8s 4h du matin, des \u00e9quipes r\u00e9alisent des tourn\u00e9es pour v\u00e9rifier la praticabilit\u00e9 des lignes, en particulier celles d\u00e9di\u00e9es aux scolaires. Les premiers v\u00e9hicules sortis des d\u00e9p\u00f4ts transmettent l\u2019\u00e9tat r\u00e9el des routes, permettant d\u2019autoriser ou d\u2019ajuster les d\u00e9parts. Une gestion en temps r\u00e9el est assur\u00e9e sur le r\u00e9seau urbain selon les conditions de circulation constat\u00e9es.<\/p>\n<p class=\" wall-content\">Le <strong>Rh\u00f4nexpress<\/strong> : lorsque des temp\u00e9ratures inf\u00e9rieures ou \u00e9gales \u00e0 3 \u00b0C sont annonc\u00e9es sur les zones expos\u00e9es, une rame \u00e9quip\u00e9e d\u2019un dispositif antigivre circule toute la nuit afin de pr\u00e9server la disponibilit\u00e9 des voies, notamment \u00e0 proximit\u00e9 de l\u2019a\u00e9roport.<\/p>\n<p class=\" wall-content\">Personnalisez votre actualit\u00e9 en ajoutant vos villes et m\u00e9dias en favori avec <a href=\"https:\/\/moncompte.actu.fr\" title=\"D\u00e9couvez Mon Actu\" rel=\"nofollow noopener\" data-trk=\"{&quot;cta&quot;:{&quot;action&quot;:&quot;https:\\\/\\\/moncompte.actu.fr&quot;,&quot;category&quot;:&quot;mon compte&quot;,&quot;from&quot;:&quot;article footer&quot;,&quot;name&quot;:&quot;Mon actu&quot;,&quot;type&quot;:&quot;cta&quot;}}\" target=\"_blank\">Mon Actu<\/a>.<\/p>\n","protected":false},"excerpt":{"rendered":"Par R\u00e9daction Lyon Publi\u00e9 le 6 janv. 2026 \u00e0 19h53 La neige arrive sur Lyon et le Rh\u00f4ne&hellip;\n","protected":false},"author":2,"featured_media":646044,"comment_status":"","ping_status":"","sticky":false,"template":"","format":"standard","meta":{"footnotes":""},"categories":[1889],"tags":[1111,11,2430,1777,674,1011,27,2428,2487,10584,12,25,5787],"class_list":{"0":"post-646043","1":"post","2":"type-post","3":"status-publish","4":"format-standard","5":"has-post-thumbnail","7":"category-lyon","8":"tag-actu","9":"tag-actualites","10":"tag-auvergne-rhone-alpes","11":"tag-eu","12":"tag-europe","13":"tag-fr","14":"tag-france","15":"tag-lyon","16":"tag-meteo","17":"tag-neige","18":"tag-news","19":"tag-republique-francaise","20":"tag-transports-en-commun-lyonnais-tcl"},"share_on_mastodon":{"url":"https:\/\/pubeurope.com\/@fr\/115851275945914042","error":""},"_links":{"self":[{"href":"https:\/\/www.europesays.com\/fr\/wp-json\/wp\/v2\/posts\/646043","targetHints":{"allow":["GET"]}}],"collection":[{"href":"https:\/\/www.europesays.com\/fr\/wp-json\/wp\/v2\/posts"}],"about":[{"href":"https:\/\/www.europesays.com\/fr\/wp-json\/wp\/v2\/types\/post"}],"author":[{"embeddable":true,"href":"https:\/\/www.europesays.com\/fr\/wp-json\/wp\/v2\/users\/2"}],"replies":[{"embeddable":true,"href":"https:\/\/www.europesays.com\/fr\/wp-json\/wp\/v2\/comments?post=646043"}],"version-history":[{"count":0,"href":"https:\/\/www.europesays.com\/fr\/wp-json\/wp\/v2\/posts\/646043\/revisions"}],"wp:featuredmedia":[{"embeddable":true,"href":"https:\/\/www.europesays.com\/fr\/wp-json\/wp\/v2\/media\/646044"}],"wp:attachment":[{"href":"https:\/\/www.europesays.com\/fr\/wp-json\/wp\/v2\/media?parent=646043"}],"wp:term":[{"taxonomy":"category","embeddable":true,"href":"https:\/\/www.europesays.com\/fr\/wp-json\/wp\/v2\/categories?post=646043"},{"taxonomy":"post_tag","embeddable":true,"href":"https:\/\/www.europesays.com\/fr\/wp-json\/wp\/v2\/tags?post=646043"}],"curies":[{"name":"wp","href":"https:\/\/api.w.org\/{rel}","templated":true}]}}