{"id":646061,"date":"2026-01-07T01:52:11","date_gmt":"2026-01-07T01:52:11","guid":{"rendered":"https:\/\/www.europesays.com\/fr\/646061\/"},"modified":"2026-01-07T01:52:11","modified_gmt":"2026-01-07T01:52:11","slug":"rtl-franchit-les-7-millions-dabonnes","status":"publish","type":"post","link":"https:\/\/www.europesays.com\/fr\/646061\/","title":{"rendered":"RTL+ franchit les 7\u202fmillions d&rsquo;abonn\u00e9s"},"content":{"rendered":"<p><strong>RTL+<\/strong> d\u00e9marre l&rsquo;ann\u00e9e 2026 sur les chapeaux de roue.<\/p>\n<p>Le service de streaming de <strong>RTL Deutschland<\/strong> a franchi le cap des <strong>7\u202fmillions d&rsquo;abonn\u00e9s payants<\/strong>, consolidant sa position de premi\u00e8re plateforme nationale sur le march\u00e9 allemand.<\/p>\n<p>Port\u00e9 par des programmes phares comme Das Sommerhaus der Stars &#8211; Kampf der Promipaare, Euphorie, Neue Geschichten vom Pumuckl et par la diffusion des matchs de la NFL, RTL+ continue de s&rsquo;appuyer sur une strat\u00e9gie r\u00e9solument locale et une campagne de marque efficace, \u00ab\u202fMach dein Plus an\u202f\u00bb. En 2025, la plateforme a enregistr\u00e9 plus de 10\u202fmillions d&rsquo;utilisateurs mensuels en moyenne, confirmant son statut de service de streaming \u00e0 la croissance la plus rapide en Allemagne.<\/p>\n<p>\u00ab\u202fLe cap des 7\u202fmillions d&rsquo;abonn\u00e9s payants t\u00e9moigne de la qualit\u00e9 de nos contenus, de notre offre et de nos \u00e9quipes. RTL+ est d\u00e9j\u00e0 l&rsquo;un des plus importants services de streaming en Allemagne, et nous ambitionnons de poursuivre notre d\u00e9veloppement\u202f\u00bb, souligne Stephan Schmitter, PDG de RTL Deutschland. \u00ab\u202fNous continuerons sur cette voie avec une d\u00e9termination sans faille face \u00e0 la concurrence internationale, en adaptant nos structures et en d\u00e9veloppant RTL+ en 2026. Gr\u00e2ce \u00e0 des contenus de qualit\u00e9, des investissements technologiques et des partenariats uniques, nous mettrons tout en \u0153uvre pour que RTL+ devienne rentable en 2026.\u202f\u00bb<\/p>\n","protected":false},"excerpt":{"rendered":"RTL+ d\u00e9marre l&rsquo;ann\u00e9e 2026 sur les chapeaux de roue. Le service de streaming de RTL Deutschland a franchi&hellip;\n","protected":false},"author":2,"featured_media":646062,"comment_status":"","ping_status":"","sticky":false,"template":"","format":"standard","meta":{"footnotes":""},"categories":[1587],"tags":[11,672,1804,1805,1803,1777,674,1801,12,1802],"class_list":{"0":"post-646061","1":"post","2":"type-post","3":"status-publish","4":"format-standard","5":"has-post-thumbnail","7":"category-allemagne","8":"tag-actualites","9":"tag-allemagne","10":"tag-bundesrepublik-deutschland","11":"tag-de","12":"tag-deutschland","13":"tag-eu","14":"tag-europe","15":"tag-germany","16":"tag-news","17":"tag-republique-federale-dallemagne"},"share_on_mastodon":{"url":"https:\/\/pubeurope.com\/@fr\/115851319252715683","error":""},"_links":{"self":[{"href":"https:\/\/www.europesays.com\/fr\/wp-json\/wp\/v2\/posts\/646061","targetHints":{"allow":["GET"]}}],"collection":[{"href":"https:\/\/www.europesays.com\/fr\/wp-json\/wp\/v2\/posts"}],"about":[{"href":"https:\/\/www.europesays.com\/fr\/wp-json\/wp\/v2\/types\/post"}],"author":[{"embeddable":true,"href":"https:\/\/www.europesays.com\/fr\/wp-json\/wp\/v2\/users\/2"}],"replies":[{"embeddable":true,"href":"https:\/\/www.europesays.com\/fr\/wp-json\/wp\/v2\/comments?post=646061"}],"version-history":[{"count":0,"href":"https:\/\/www.europesays.com\/fr\/wp-json\/wp\/v2\/posts\/646061\/revisions"}],"wp:featuredmedia":[{"embeddable":true,"href":"https:\/\/www.europesays.com\/fr\/wp-json\/wp\/v2\/media\/646062"}],"wp:attachment":[{"href":"https:\/\/www.europesays.com\/fr\/wp-json\/wp\/v2\/media?parent=646061"}],"wp:term":[{"taxonomy":"category","embeddable":true,"href":"https:\/\/www.europesays.com\/fr\/wp-json\/wp\/v2\/categories?post=646061"},{"taxonomy":"post_tag","embeddable":true,"href":"https:\/\/www.europesays.com\/fr\/wp-json\/wp\/v2\/tags?post=646061"}],"curies":[{"name":"wp","href":"https:\/\/api.w.org\/{rel}","templated":true}]}}