{"id":646065,"date":"2026-01-07T01:54:11","date_gmt":"2026-01-07T01:54:11","guid":{"rendered":"https:\/\/www.europesays.com\/fr\/646065\/"},"modified":"2026-01-07T01:54:11","modified_gmt":"2026-01-07T01:54:11","slug":"lunion-europeenne-salue-lenlevement-de-maduro-et-invoque-en-meme-temps-le-droit-international","status":"publish","type":"post","link":"https:\/\/www.europesays.com\/fr\/646065\/","title":{"rendered":"L\u2019Union europ\u00e9enne salue l\u2019enl\u00e8vement de Maduro et invoque en m\u00eame temps le droit international"},"content":{"rendered":"<p>Dimanche, l\u2019Union europ\u00e9enne (UE) a officiellement pris position sur l\u2019attaque du Venezuela par les \u00c9tats-Unis. Le bref communiqu\u00e9, approuv\u00e9 par les 27 \u00c9tats membres \u00e0 l\u2019exception de la Hongrie, a des traits schizophr\u00e9niques. Il invoque en une demi-page pas moins de cinq fois les principes de droit international, l\u2019int\u00e9grit\u00e9 territoriale, la souverainet\u00e9 et la d\u00e9mocratie, tout en se f\u00e9licitant explicitement du renversement, qui viole tous ces principes, du pr\u00e9sident v\u00e9n\u00e9zu\u00e9lien Nicol\u00e1s Maduro. Il invoque le droit international, mais ne condamne pas une seule fois sa violation par les \u00c9tats-Unis.<\/p>\n<p><img decoding=\"async\" class=\"db relative center\" loading=\"lazy\" src=\"https:\/\/www.europesays.com\/fr\/wp-content\/uploads\/2026\/01\/5a2e2aa6-e930-4be8-8bab-7c598c4c7794.jpeg\" style=\"max-height:100%\"\/>Le drapeau de l\u2019Union europ\u00e9enne dans l\u2019atrium du b\u00e2timent du Conseil europ\u00e9en \u00e0 Bruxelles, le 17 juin 2024 [AP Photo\/Omar Havana]<\/p>\n<p>\u00ab\u00a0L\u2019UE rappelle que, en toutes circonstances, les principes du droit international et de la Charte des Nations unies doivent \u00eatre respect\u00e9s. Les membres du Conseil de s\u00e9curit\u00e9 des Nations unies ont une responsabilit\u00e9 particuli\u00e8re pour d\u00e9fendre ces principes, piliers de l\u2019architecture de s\u00e9curit\u00e9 internationale\u00a0\u00bb, indique le communiqu\u00e9. L\u2019UE soutient la lutte contre le crime organis\u00e9 transnational et le trafic de drogue, mais ces d\u00e9fis doivent \u00eatre relev\u00e9s \u00abdans le plein respect du droit international et des principes d\u2019int\u00e9grit\u00e9 territoriale et de souverainet\u00e9\u00bb.<\/p>\n<p>Mais bien que les \u00c9tats-Unis aient pi\u00e9tin\u00e9 tous ces principes en pillant le Venezuela, le communiqu\u00e9 ne critique pas l\u2019administration Trump. Au contraire, il se f\u00e9licite de l\u2019enl\u00e8vement du pr\u00e9sident v\u00e9n\u00e9zu\u00e9lien en affirmant que l\u2019UE a \u00abr\u00e9p\u00e9t\u00e9 \u00e0 maintes reprises que Nicol\u00e1s Maduro n\u2019a pas la l\u00e9gitimit\u00e9 d\u2019un pr\u00e9sident d\u00e9mocratiquement \u00e9lu\u00bb.<\/p>\n<p>Les chefs de gouvernement europ\u00e9ens ont r\u00e9agi de mani\u00e8re tout aussi hypocrite.<\/p>\n<p>Le chancelier allemand Friedrich Merz, juriste de formation, a jusqu&rsquo;\u00e0 pr\u00e9sent strictement refus\u00e9 de condamner l&rsquo;attaque am\u00e9ricaine contre un pays souverain en violation du droit international. Il a d\u00e9clar\u00e9 que la qualification juridique de l\u2019intervention am\u00e9ricaine \u00e9tait \u00abcomplexe\u00bb et que le gouvernement allemand prendrait son temps pour l\u2019examiner. Dans le m\u00eame temps, Merz s\u2019est r\u00e9joui de l\u2019enl\u00e8vement de Maduro, qu\u2019il accuse d\u2019avoir ruin\u00e9 son pays, truqu\u00e9 la derni\u00e8re \u00e9lection et jou\u00e9 un r\u00f4le probl\u00e9matique en impliquant le Venezuela dans le trafic de drogue. L\u2019Allemagne ne reconna\u00eet donc pas la pr\u00e9sidence de Maduro, a-t-il ajout\u00e9.<\/p>\n<p>Le pr\u00e9sident fran\u00e7ais Emmanuel Macron a d\u2019abord soutenu le raid am\u00e9ricain, affirmant que le peuple v\u00e9n\u00e9zu\u00e9lien avait d\u00e9sormais \u00abdes raisons de se r\u00e9jouir\u00bb. Il a ensuite nuanc\u00e9 ses propos en d\u00e9clarant que la France n\u2019avait \u00abni soutenu ni approuv\u00e9 la m\u00e9thode employ\u00e9e\u00bb. Dans le m\u00eame temps, il a exig\u00e9 qu\u2019un fait accompli soit cr\u00e9\u00e9 et que le pouvoir soit transf\u00e9r\u00e9 \u00e0 Edmundo Gonz\u00e1lez Urrutia, battu par Maduro lors de l\u2019\u00e9lection pr\u00e9sidentielle de 2024 et r\u00e9fugi\u00e9 en Espagne.<\/p>\n<p>La Premi\u00e8re ministre italienne Giorgia Meloni, proche de Trump, a critiqu\u00e9 le fait que \u00abl\u2019action militaire ext\u00e9rieure\u00bb n\u2019\u00e9tait pas la bonne mani\u00e8re de \u00abmettre fin aux r\u00e9gimes totalitaires\u00bb, mais a d\u00e9clar\u00e9 que \u00abl\u2019intervention d\u00e9fensive\u00bb contre les attaques hybrides mena\u00e7ant la s\u00e9curit\u00e9, comme le trafic de drogue, \u00e9tait l\u00e9gitime. Le Premier ministre britannique Keir Starmer a \u00e9galement salu\u00e9 la fin du r\u00e8gne du \u00abpr\u00e9sident ill\u00e9gitime\u00bb Maduro.<\/p>\n<p>Cette schizophr\u00e9nie des puissances europ\u00e9ennes, qui invoquent le droit international d\u2019autant plus fort qu\u2019elles le violent ouvertement, refl\u00e8te le dilemme politique dans lequel elles se trouvent. Elles se soucient aussi peu du droit international que Trump. Elles invoquent ce droit quand cela les arrange \u2014 comme dans la guerre contre la Russie et le conflit avec la Chine \u2014 et le rejettent quand il les g\u00eane \u2014 dans le g\u00e9nocide \u00e0 Gaza, l\u2019\u00e9tranglement \u00e9conomique de l\u2019Iran, l\u2019enl\u00e8vement de Maduro, etc.<\/p>\n<p>Mais l&rsquo;invasion am\u00e9ricaine du Venezuela, la pr\u00e9tention de Trump de \u00abdiriger\u00bb le pays et de \u00abposs\u00e9der\u00bb son p\u00e9trole, ainsi que l&rsquo;objectif formul\u00e9 dans la nouvelle strat\u00e9gie am\u00e9ricaine de s\u00e9curit\u00e9 nationale visant \u00e0 \u00abemp\u00eacher les concurrents non h\u00e9misph\u00e9riques de poss\u00e9der ou de contr\u00f4ler des actifs strat\u00e9giquement vitaux dans notre h\u00e9misph\u00e8re\u00bb sont dirig\u00e9s non seulement contre les int\u00e9r\u00eats chinois et russes, mais aussi contre les int\u00e9r\u00eats europ\u00e9ens.<\/p>\n<p>L\u2019Europe entretient des liens \u00e9conomiques \u00e9troits avec l\u2019Am\u00e9rique latine. Un accord de libre-\u00e9change avec les pays du Mercosur (Br\u00e9sil, Argentine, Paraguay, Uruguay et Venezuela) devait \u00eatre sign\u00e9 en d\u00e9cembre, mais a \u00e9t\u00e9 bloqu\u00e9 \u00e0 la derni\u00e8re minute par les int\u00e9r\u00eats agricoles fran\u00e7ais et italiens.<\/p>\n<p>Encore plus grande est la crainte des Europ\u00e9ens que la politique \u00e9trang\u00e8re irresponsable des \u00c9tats-Unis les affecte directement. La menace de Trump d\u2019annexer le Groenland, territoire du Danemark membre de l\u2019OTAN, qu\u2019il a r\u00e9p\u00e9t\u00e9e apr\u00e8s l\u2019attaque contre le Venezuela, est prise tr\u00e8s au s\u00e9rieux \u00e0 Copenhague et \u00e0 Bruxelles.<\/p>\n<p>Un \u00e9ditorial du Financial Times sur \u00abl\u2019intervention irresponsable de Trump au Venezuela\u00bb conclut\u00a0ainsi:<\/p>\n<blockquote>\n<p>\u00abAu d\u00e9but de la deuxi\u00e8me ann\u00e9e du second mandat de Trump, son message est clair: son Am\u00e9rique ne se sent pas li\u00e9e par les subtilit\u00e9s des r\u00e8gles et lois internationales post-1945, elle interviendra presque \u00e0 volont\u00e9 dans son propre h\u00e9misph\u00e8re \u2014 et peut-\u00eatre ailleurs aussi. La violation flagrante de la souverainet\u00e9 d\u2019un grand \u00c9tat sud-am\u00e9ricain envoie un signal sombre au reste du monde\u2026 Trump est pr\u00eat \u00e0 diriger par l\u2019exemple dans un monde o\u00f9 la force prime le droit.\u00bb<\/p>\n<\/blockquote>\n<p>L\u2019hebdomadaire allemand Die Zeit a publi\u00e9 un article sur ce qui se passerait si Trump prenait le Groenland. Cela pouvait sembler absurde, mais il \u00e9tait \u00abtr\u00e8s probable que cela se produise\u00a0\u00bb. Trump ne se contentait pas de bafouer le droit international, il d\u00e9mant\u00e8lerait aussi l\u2019OTAN si cela servait ses objectifs.<\/p>\n<p>Die Zeit pose la question de savoir si l\u2019article des trait\u00e9s de l\u2019UE obligeant tous les membres \u00e0 soutenir un \u00c9tat dont le territoire est attaqu\u00e9 par tous les moyens serait alors activ\u00e9. Il \u00e9voque ainsi la possibilit\u00e9 d\u2019un conflit arm\u00e9 entre l\u2019Europe et les \u00c9tats-Unis. Ce qui ressemblait \u00e0 de la pure imagination, selon Die Zeit, \u00e9tait \u00abune r\u00e9ponse raisonnable \u00e0 une r\u00e9alit\u00e9 devenue folle\u00bb.<\/p>\n<p>D\u2019autres commentaires, notamment dans la Frankfurter Allgemeine Zeitung (F.A.Z.), admirent la \u00abperformance remarquable\u00bb de Trump en capturant Maduro et recommandent \u00e0 d\u2019autres de suivre son exemple. Un commentaire de la F.A.Z. note avec appr\u00e9ciation: \u00abCe que l\u2019arm\u00e9e de Trump accomplit en un clin d\u2019\u0153il, Poutine n&rsquo;est pas parvenu \u00e0 le r\u00e9aliser en quatre ans avec sa guerre d&rsquo;extermination en Ukraine.\u00bb<\/p>\n<p>La conclusion est toujours la m\u00eame: l\u2019Europe, et l\u2019Allemagne en particulier, doit se r\u00e9armer pour s\u2019imposer dans un monde o\u00f9 \u00abla force fait le droit\u00bb. Le pacifisme signifiait \u00abmieux vaut \u00eatre esclave que risquer sa vie\u00bb, explique la F.A.Z. Dans son discours du Nouvel An, le chancelier Merz a appel\u00e9 \u00e0 \u00abd\u00e9fendre et affirmer nos int\u00e9r\u00eats encore plus fortement par nous-m\u00eames\u00bb.<\/p>\n<p>Les puissances europ\u00e9ennes n\u2019osent pas encore s\u2019opposer ouvertement \u00e0 Trump. Elles d\u00e9pendent du soutien am\u00e9ricain pour poursuivre la guerre contre la Russie en Ukraine. Mardi, un sommet de la \u00abcoalition des volontaires\u00bb s\u2019est tenu \u00e0 Paris, o\u00f9 des d\u00e9cisions devaient \u00eatre prises sur la poursuite des n\u00e9gociations avec la Russie et le soutien \u00e0 l\u2019Ukraine. Les Europ\u00e9ens veulent rallier Trump, qui zigzague depuis des mois, \u00e0 leur cause et \u00e9viter de l\u2019irriter.<\/p>\n<p>\u00abNous ne devons pas oublier que nous sommes toujours engag\u00e9s en Ukraine\u00bb, a d\u00e9clar\u00e9 Armin Laschet, une des voix de la politique \u00e9trang\u00e8re de la CDU, pour expliquer la position europ\u00e9enne sur le Venezuela. \u00abLa question est: serait-il judicieux pour les Europ\u00e9ens de d\u00e9cider maintenant de lancer une accusation unilat\u00e9rale contre le pr\u00e9sident am\u00e9ricain Donald Trump?\u00bb Cela pouvait entra\u00eener une perte de soutien pour les prochaines \u00e9tapes en Ukraine.<\/p>\n<p>Les Verts, qui ne font plus partie du gouvernement f\u00e9d\u00e9ral, sont moins diplomates. Le parti, l\u2019un des plus agressifs dans la guerre contre la Russie en Ukraine, a d\u00e9nonc\u00e9 l\u2019attaque de Trump contre le Venezuela comme une violation flagrante du droit international, accus\u00e9 le pr\u00e9sident am\u00e9ricain de vouloir d\u00e9truire l\u2019Union europ\u00e9enne \u2014 et attaqu\u00e9 Merz pour son manque de volont\u00e9 de confronter Trump et d\u2019\u00eatre agressif\u00a0!<\/p>\n<p>Les derniers mois avaient montr\u00e9 que \u00abceux qui se font petits devant Trump seront \u00e9cras\u00e9s. Ceux qui paraissent forts seront respect\u00e9s\u00bb, selon la dirigeante des Verts Franziska Brantner. Elle a accus\u00e9 Merz de fuir la r\u00e9alit\u00e9 et de chercher \u00e0 \u00e9viter la confrontation. Trump ne r\u00e9pondait qu\u2019\u00e0 la d\u00e9termination, et l\u2019Allemagne et l\u2019Europe devaient maintenant faire preuve de cette d\u00e9termination. C\u2019\u00e9tait l\u2019un des \u00abdevoirs les plus urgents\u00bb de Merz.<\/p>\n<p>La classe ouvri\u00e8re des deux c\u00f4t\u00e9s de l\u2019Atlantique doit s\u2019opposer \u00e0 cette hyst\u00e9rie guerri\u00e8re. La r\u00e9ponse \u00e0 la politique du \u00abdroit du plus fort\u00bb de Trump n\u2019est pas le r\u00e9armement de l\u2019Europe, mais le d\u00e9sarmement des va-t-en-guerre, aux \u00c9tats-Unis et en Europe, le renversement du capitalisme, qui engendre la guerre, et la construction d\u2019une soci\u00e9t\u00e9 socialiste internationale.<\/p>\n","protected":false},"excerpt":{"rendered":"Dimanche, l\u2019Union europ\u00e9enne (UE) a officiellement pris position sur l\u2019attaque du Venezuela par les \u00c9tats-Unis. Le bref communiqu\u00e9,&hellip;\n","protected":false},"author":2,"featured_media":646066,"comment_status":"","ping_status":"","sticky":false,"template":"","format":"standard","meta":{"footnotes":""},"categories":[1586],"tags":[11,1777,674,1779,1011,27,12,25,1778,364],"class_list":{"0":"post-646065","1":"post","2":"type-post","3":"status-publish","4":"format-standard","5":"has-post-thumbnail","7":"category-europe","8":"tag-actualites","9":"tag-eu","10":"tag-europe","11":"tag-european-union","12":"tag-fr","13":"tag-france","14":"tag-news","15":"tag-republique-francaise","16":"tag-ue","17":"tag-union-europeenne"},"share_on_mastodon":{"url":"https:\/\/pubeurope.com\/@fr\/115851327209723103","error":""},"_links":{"self":[{"href":"https:\/\/www.europesays.com\/fr\/wp-json\/wp\/v2\/posts\/646065","targetHints":{"allow":["GET"]}}],"collection":[{"href":"https:\/\/www.europesays.com\/fr\/wp-json\/wp\/v2\/posts"}],"about":[{"href":"https:\/\/www.europesays.com\/fr\/wp-json\/wp\/v2\/types\/post"}],"author":[{"embeddable":true,"href":"https:\/\/www.europesays.com\/fr\/wp-json\/wp\/v2\/users\/2"}],"replies":[{"embeddable":true,"href":"https:\/\/www.europesays.com\/fr\/wp-json\/wp\/v2\/comments?post=646065"}],"version-history":[{"count":0,"href":"https:\/\/www.europesays.com\/fr\/wp-json\/wp\/v2\/posts\/646065\/revisions"}],"wp:featuredmedia":[{"embeddable":true,"href":"https:\/\/www.europesays.com\/fr\/wp-json\/wp\/v2\/media\/646066"}],"wp:attachment":[{"href":"https:\/\/www.europesays.com\/fr\/wp-json\/wp\/v2\/media?parent=646065"}],"wp:term":[{"taxonomy":"category","embeddable":true,"href":"https:\/\/www.europesays.com\/fr\/wp-json\/wp\/v2\/categories?post=646065"},{"taxonomy":"post_tag","embeddable":true,"href":"https:\/\/www.europesays.com\/fr\/wp-json\/wp\/v2\/tags?post=646065"}],"curies":[{"name":"wp","href":"https:\/\/api.w.org\/{rel}","templated":true}]}}