{"id":646083,"date":"2026-01-07T02:08:11","date_gmt":"2026-01-07T02:08:11","guid":{"rendered":"https:\/\/www.europesays.com\/fr\/646083\/"},"modified":"2026-01-07T02:08:11","modified_gmt":"2026-01-07T02:08:11","slug":"depart-de-la-directrice-du-louvre-oui-mais-celle-du-departement-des-sculptures","status":"publish","type":"post","link":"https:\/\/www.europesays.com\/fr\/646083\/","title":{"rendered":"D\u00e9part de la directrice du Louvre (oui, mais celle du d\u00e9partement des sculptures&#8230;)"},"content":{"rendered":"<dl class=\"spip_document_77416 spip_documents spip_documents_left\" style=\"float:left;\" itemprop=\"image\" itemscope=\"\" itemtype=\"http:\/\/schema.org\/ImageObject\">\n<dt>\n\t\t<a href=\"https:\/\/www.latribunedelart.com\/IMG\/jpg\/jugie-3.jpg?77416\/428536a60595f2e2b54a30e9c4898440fdc0430bf4a5ed2b1204229580524d3a\" title=\"\" type=\"image\/jpeg\" target=\"_blank\" rel=\"noopener\"><br \/>\n\t\t\t<img loading=\"lazy\" decoding=\"async\" src=\"https:\/\/www.europesays.com\/fr\/wp-content\/uploads\/2026\/01\/jugie-3-8b450.jpg\" width=\"500\" height=\"500\" alt=\"\" itemprop=\"contentUrl\"\/><br \/>\n\t\t<\/a>\n\t<\/dt>\n<dd class=\"crayon document-descriptif-77416 spip_doc_descriptif\" style=\"width:350px;\" itemprop=\"description\">Sophie Jugie<br class=\"autobr\"\/><br \/>\nPhoto\u00a0: \u00c9cole du Louvre\n<\/dd>\n<dd class=\"spip_doc_lien-galerie\">\n\t\t<a href=\"https:\/\/www.latribunedelart.com\/spip.php?page=docbig&amp;id_document=77416&amp;id_article=13220\" target=\"_blank\" rel=\"noopener\">Voir l\u00b4image dans sa page<\/a>\n\t<\/dd>\n<\/dl>\n<p>Le d\u00e9partement des sculptures au Louvre \u00e9tait, depuis 2014, dirig\u00e9 par Sophie Jugie, auparavant directrice du Mus\u00e9e des Beaux-Arts de Dijon. Ses comp\u00e9tences sont reconnues de tous, notamment par ses \u00e9quipes, et il ne faisait pas de doute qu\u2019elle allait \u00eatre renouvel\u00e9e \u00e0 son poste jusqu\u2019\u00e0 sa retraite, qui \u00e9tait pr\u00e9vue dans moins de deux ans.<\/p>\n<p>Mais Laurence des Cars, la pr\u00e9sidente-directrice du Louvre, dont chacun s\u2019accorde \u00e0 reconna\u00eetre qu\u2019elle n\u2019a plus sa place \u00e0 la t\u00eate de ce mus\u00e9e, n\u2019est pas seulement incapable de diriger cet \u00e9tablissement public. Elle ne supporte pas qu\u2019on puisse, \u00e0 l\u2019occasion, lui tenir t\u00eate. C\u2019est pour cette raison qu\u2019elle a choisi, alors qu\u2019elle-m\u00eame est sur un si\u00e8ge \u00e9jectable, de se s\u00e9parer de celle qui \u00e9tait certainement l\u2019une des meilleures directrices de d\u00e9partement du mus\u00e9e.\t<br class=\"autobr\"\/><br \/>\nCette nouvelle a \u00e9t\u00e9 annonc\u00e9e au d\u00e9partement des sculptures hier, et c\u2019est la consternation qui y r\u00e8gne depuis, ainsi que plus g\u00e9n\u00e9ralement au Louvre. Nous avons parl\u00e9 avec plusieurs personnes qui nous ont confirm\u00e9 combien, \u00e0 la diff\u00e9rence de Laurence des Cars, Sophie Jugie \u00e9tait appr\u00e9ci\u00e9e pour ses grandes comp\u00e9tences, \u00e0 la fois scientifiques et humaines. Nous avons d\u2019ailleurs, depuis des ann\u00e9es, soulign\u00e9 le bon travail que m\u00e8ne son d\u00e9partement. <br class=\"autobr\"\/><br \/>\nCeux qui nous ont parl\u00e9 ne veulent \u00e9videmment pas \u00eatre cit\u00e9s nomm\u00e9ment, ce qui montre l\u2019ambiance qui r\u00e8gne dans ce mus\u00e9e.<br class=\"autobr\"\/><br \/>\nVoici un t\u00e9moignage, parmi d\u2019autres\u00a0: \u00ab\u00a0C\u2019est une directrice exemplaire sur le plan des qualit\u00e9s humaines, tr\u00e8s \u00e0 l\u2019\u00e9coute, et qui n\u2019a pas du tout la langue dans sa poche\u00a0\u00bb. Ce dernier point est \u00e9videmment intol\u00e9rable pour Laurence des Cars. \u00ab\u00a0Certains des programmes mus\u00e9ographiques de Sophie Jugie ont \u00e9t\u00e9 \u00e9cart\u00e9s de mani\u00e8re tr\u00e8s autoritaire par Laurence des Cars. Pourtant, elle a le service public attach\u00e9 au corps, et est d\u2019une int\u00e9grit\u00e9 et d\u2019une moralit\u00e9 absolue. Cette nouvelle est tr\u00e8s choquante\u00a0\u00bb. Une autre personne du Louvre nous a confi\u00e9 que\u00a0: \u00ab\u00a0Sophie est tr\u00e8s appr\u00e9ci\u00e9e de ses \u00e9quipes et de tout le monde sauf de Laurence des Cars\u00a0[<a href=\"#nb1\" class=\"spip_note\" rel=\"appendix\" title=\"Nous avons contact\u00e9 Sophie Jugie qui n\u2019a pas souhait\u00e9 r\u00e9agir, et le Louvre,\u00a0(\u2026)\" id=\"nh1\">1<\/a>]\u00a0\u00bb.<\/p>\n<p>Le Louvre ne perd pas de temps, puisque <a href=\"https:\/\/choisirleservicepublic.gouv.fr\/offre-emploi\/directeur-fh---departement-des-sculptures-reference-2026-2150710\/\" class=\"spip_out\" rel=\"external noopener\" target=\"_blank\">le poste est d\u00e9j\u00e0 paru<\/a>. Et le ton est donn\u00e9 d\u00e8s l\u2019introduction\u00a0: \u00ab\u00a0En coh\u00e9rence avec le projet Nouvelle Renaissance\u00a0\u00bb. Projet pas \u00e9tudi\u00e9, pas financ\u00e9 et inutile, contre lequel le personnel du Louvre est actuellement en gr\u00e8ve, est donc bien une des raisons de ce changement de direction. Presque tous les directeurs de d\u00e9partement ont \u00e9t\u00e9 nomm\u00e9s par Laurence des Cars. Il restait celui des Arts graphiques\u00a0[<a href=\"#nb2\" class=\"spip_note\" rel=\"appendix\" title=\"Comme une pendule cass\u00e9e donne l\u2019heure juste deux fois par jour, Laurence\u00a0(\u2026)\" id=\"nh2\">2<\/a>], et celle des sculptures. Voil\u00e0 qui est fait, d\u00e9sormais. Le nouveau directeur aura notamment pour t\u00e2che de \u00ab\u00a0refon[dre le] parcours visant proposer une lecture plus transversale des collections en associant les diff\u00e9rentes \u00e9coles nationales\u00a0\u00bb. \u00ab\u00a0Visant proposer\u00a0\u00bb, sic\u00a0: cette annonce, manifestement \u00e9crite \u00e0 la va-vite, a \u00e9t\u00e9 si mal relue qu\u2019on y trouve des coquilles, mais aussi surtout des morceaux de celle cherchant un nouveau directeur des Arts graphiques. C\u2019est ainsi que le profil voulu n\u2019aura pas besoin de conna\u00eetre la sculpture, mais devra avoir une \u00ab\u00a0Expertise reconnue dans le domaine des arts graphiques notamment pour les collections conserv\u00e9es par le mus\u00e9e du Louvre\u00a0\u00bb (sic encore), ainsi qu\u2019une \u00ab\u00a0Connaissance de l\u2019environnement international des grandes collections d\u2019arts graphiques\u00a0\u00bb (sic toujours). L\u2019incomp\u00e9tence du Louvre, dans \u00e0 peu pr\u00e8s tous les domaines, m\u00eame les ressources humaines, va devenir l\u00e9gendaire\u00a0[<a href=\"#nb3\" class=\"spip_note\" rel=\"appendix\" title=\"Comme, \u00e9videmment, l\u2019annonce sera corrig\u00e9e rapidement apr\u00e8s la parution de\u00a0(\u2026)\" id=\"nh3\">3<\/a>].<\/p>\n<p>L\u2019inaction du minist\u00e8re de la Culture devient absolument insupportable. Jusqu\u2019\u00e0 quand la gouvernance d\u00e9sastreuse de Laurence des Cars va-t-elle se poursuivre\u00a0? Quand comprendra-t-on enfin que le projet \u00ab\u00a0Nouvelle Renaissance\u00a0\u00bb est une catastrophe pour ce mus\u00e9e\u00a0? Esp\u00e9rons que la commission d\u2019enqu\u00eate de l\u2019Assembl\u00e9e nationale, qui commencera ses travaux <a href=\"https:\/\/www.assemblee-nationale.fr\/dyn\/17\/organes\/commissions-permanentes\/affaires-culturelles\/actualites\/enquete-sur-la-protection-du-patrimoine-national-et-la-securisation-des-musees-debut-des-travaux-table-ronde-et-audition-du-8-janvier-2026\" class=\"spip_out\" rel=\"external noopener\" target=\"_blank\">le 8 janvier prochain<\/a>, apportera des arguments suppl\u00e9mentaires \u00e0 la seule d\u00e9cision qui s\u2019impose rapidement\u00a0: le d\u00e9part de Laurence des Cars. Comme nous l\u2019avons \u00e9crit, celle-ci aura \u00e0 pr\u00eater serment, ce qui devrait rendre plus difficile son travestissement des faits.<\/p>\n","protected":false},"excerpt":{"rendered":"Sophie Jugie Photo\u00a0: \u00c9cole du Louvre Voir l\u00b4image dans sa page Le d\u00e9partement des sculptures au Louvre \u00e9tait,&hellip;\n","protected":false},"author":2,"featured_media":646084,"comment_status":"","ping_status":"","sticky":false,"template":"","format":"standard","meta":{"footnotes":""},"categories":[1358],"tags":[1348,1384,1385,1386,58,59,1011,27],"class_list":{"0":"post-646083","1":"post","2":"type-post","3":"status-publish","4":"format-standard","5":"has-post-thumbnail","7":"category-arts-et-design","8":"tag-arts","9":"tag-arts-and-design","10":"tag-arts-et-design","11":"tag-design","12":"tag-divertissement","13":"tag-entertainment","14":"tag-fr","15":"tag-france"},"share_on_mastodon":{"url":"https:\/\/pubeurope.com\/@fr\/115851382175930820","error":""},"_links":{"self":[{"href":"https:\/\/www.europesays.com\/fr\/wp-json\/wp\/v2\/posts\/646083","targetHints":{"allow":["GET"]}}],"collection":[{"href":"https:\/\/www.europesays.com\/fr\/wp-json\/wp\/v2\/posts"}],"about":[{"href":"https:\/\/www.europesays.com\/fr\/wp-json\/wp\/v2\/types\/post"}],"author":[{"embeddable":true,"href":"https:\/\/www.europesays.com\/fr\/wp-json\/wp\/v2\/users\/2"}],"replies":[{"embeddable":true,"href":"https:\/\/www.europesays.com\/fr\/wp-json\/wp\/v2\/comments?post=646083"}],"version-history":[{"count":0,"href":"https:\/\/www.europesays.com\/fr\/wp-json\/wp\/v2\/posts\/646083\/revisions"}],"wp:featuredmedia":[{"embeddable":true,"href":"https:\/\/www.europesays.com\/fr\/wp-json\/wp\/v2\/media\/646084"}],"wp:attachment":[{"href":"https:\/\/www.europesays.com\/fr\/wp-json\/wp\/v2\/media?parent=646083"}],"wp:term":[{"taxonomy":"category","embeddable":true,"href":"https:\/\/www.europesays.com\/fr\/wp-json\/wp\/v2\/categories?post=646083"},{"taxonomy":"post_tag","embeddable":true,"href":"https:\/\/www.europesays.com\/fr\/wp-json\/wp\/v2\/tags?post=646083"}],"curies":[{"name":"wp","href":"https:\/\/api.w.org\/{rel}","templated":true}]}}