{"id":646087,"date":"2026-01-07T02:13:13","date_gmt":"2026-01-07T02:13:13","guid":{"rendered":"https:\/\/www.europesays.com\/fr\/646087\/"},"modified":"2026-01-07T02:13:13","modified_gmt":"2026-01-07T02:13:13","slug":"grippe-verglas-greve-des-medecins-les-hopitaux-declenchent-le-plan-blanc","status":"publish","type":"post","link":"https:\/\/www.europesays.com\/fr\/646087\/","title":{"rendered":"Grippe, verglas, gr\u00e8ve des m\u00e9decins\u2026 Les h\u00f4pitaux d\u00e9clenchent le plan blanc"},"content":{"rendered":"<p>D\u00e9cembre et janvier ont toujours \u00e9t\u00e9 des mois tendus dans les services hospitaliers, qui doivent faire face aux \u00e9pid\u00e9mies hivernales. Depuis quelques jours, la situation s\u2019est s\u00e9rieusement compliqu\u00e9e, avec la gr\u00e8ve des m\u00e9decins lib\u00e9raux (80\u00a0% de gr\u00e9vistes selon les syndicats) mais aussi la neige et le verglas qui se sont abattus sur la r\u00e9gion, entra\u00eenant pas mal d\u2019accidents et de chutes. Face \u00e0 cette situation tr\u00e8s tendue, plusieurs h\u00f4pitaux ont d\u00e9cid\u00e9 de d\u00e9clencher le plan blanc : Vannes, Auray, Plo\u00ebrmel, Brest, Landerneau, Morlaix, Carhaix, Douarnenez, Saint-Brieuc, Paimpol, Tr\u00e9guier, Rennes.<\/p>\n<p>Selon les autorit\u00e9s de sant\u00e9, la situation s\u2019est d\u00e9grad\u00e9e ces derniers jours et n\u00e9cessite une r\u00e9organisation temporaire du fonctionnement de ces \u00e9tablissements. Cela passe par une r\u00e9organisation des activit\u00e9s non urgentes et un renforcement des \u00e9quipes o\u00f9 cela est n\u00e9cessaire. De son c\u00f4t\u00e9, l\u2019Agence r\u00e9gionale de sant\u00e9 a activ\u00e9 une cellule r\u00e9gionale de veille. Il est demand\u00e9 aux patients d\u2019appeler en priorit\u00e9 leur m\u00e9decin traitant ou celui de garde. Et de composer le 15, s\u2019ils ne r\u00e9ussissent \u00e0 contacter personne.<\/p>\n<p>\u00c0 Brest, cet accroissement de l\u2019activit\u00e9 \u00e9tait palpable, ce mardi, pr\u00e8s des urgences. Dans la cour, une dizaine d\u2019ambulances attendaient de pouvoir repartir. \u00ab\u00a0Les d\u00e9lais de prise en charge sont assez longs, atteste cette ambulanci\u00e8re, qui admet que l\u2019activit\u00e9 est tr\u00e8s soutenue. On a commenc\u00e9 par la grippe et le covid et leurs complications respiratoires. Et maintenant, voil\u00e0 les chutes dues au verglas. On en a fait plusieurs ces derni\u00e8res heures. Pour nous, \u00e7a ne change rien. Par contre, les parcours de soins peuvent \u00eatre beaucoup plus longs pour ces traumatismes et ces fractures.\u00a0\u00bb<\/p>\n<blockquote><p>Depuis quelques jours, on voit de plus en plus de gens venir en consultation dans nos locaux, d\u2019assez loin. On en d\u00e9duit qu\u2019ils n\u2019ont pas d\u2019autre choix que de venir \u00e0 Brest<\/p><\/blockquote>\n<p>\u00c0 quelques centaines de m\u00e8tres de l\u00e0, au si\u00e8ge de SOS M\u00e9decins, on ne ch\u00f4me pas non plus. \u00ab\u00a0L\u2019activit\u00e9 est tr\u00e8s soutenue, explique Medhi Friha, pr\u00e9sident de la structure qui r\u00e9unit quatorze praticiens lib\u00e9raux et deux collaborateurs, et qui pratique 100\u00a0000 actes par an. Personne ne fait gr\u00e8ve chez nous. On est tous sur le pont et on n\u2019arr\u00eate pas une minute. Depuis quelques jours, on voit de plus en plus de gens venir en consultation dans nos locaux, d\u2019assez loin. On en d\u00e9duit qu\u2019ils n\u2019ont pas d\u2019autre choix que de venir \u00e0 Brest.\u00a0\u00bb<\/p>\n<p>M\u00eame constat \u00e0 Lorient o\u00f9 le Groupe hospitalier Bretagne Sud a appel\u00e9, lundi, \u00e0 la \u00ab\u00a0responsabilit\u00e9 collective\u00a0\u00bb pour \u00e9viter que la situation ne s\u2019aggrave. Selon un ambulancier rencontr\u00e9 sur site, les accidents dus au verglas sont tr\u00e8s nombreux. Lundi, entre minuit et 17\u00a0h\u00a030, plus de 170 passages aux urgences ont \u00e9t\u00e9 d\u00e9nombr\u00e9s.<\/p>\n<p>Les cinq m\u00e9decins du Faou font gr\u00e8ve<\/p>\n<p>Loin des villes de la r\u00e9gion, o\u00f9 l\u2019offre de soin reste assur\u00e9e par le service public, la situation est bien plus calme. Et pour cause, de nombreux cabinets de m\u00e9decins lib\u00e9raux sont ferm\u00e9s. Comme au Faou (29), \u00e0 30 km au sud de Brest, les cinq m\u00e9decins de la maison de sant\u00e9 de l\u2019Aulne maritime font gr\u00e8ve. Sur la porte, ils ont affich\u00e9 les raisons qui les ont pouss\u00e9s \u00e0 d\u00e9serter leur cabinet, du 10 au 15 janvier\u00a0: le budget de la S\u00e9cu qu\u2019ils jugent insuffisant, les contr\u00f4les accrus des prescriptions d\u2019arr\u00eats de travail et la non-revalorisation de certains actes. Un habitant s\u2019appr\u00eate \u00e0 pousser la porte puis fait demi-tour. \u00ab\u00a0J\u2019avais pris rendez-vous sur Doctolib. Personne ne m\u2019a pr\u00e9venu que ces m\u00e9decins faisaient gr\u00e8ve. \u00c7a n\u2019est pas trop grave, mon rendez-vous pourra attendre.\u00a0\u00bb<\/p>\n<p><img decoding=\"async\" src=\"https:\/\/www.europesays.com\/fr\/wp-content\/uploads\/2026\/01\/695d5ae8a103d1bb280c6d50.1.jpeg\" width=\"480\" height=\"300\" class=\"web_golden_m\" loading=\"lazy\" alt=\"Au\u00a0Faou, les cinq m\u00e9decins de la maison de sant\u00e9 de l\u2019Aulne maritime sont en gr\u00e8ve jusqu\u2019au 10\u00a0janvier.\"\/>Au\u00a0Faou, les cinq m\u00e9decins de la maison de sant\u00e9 de l\u2019Aulne maritime sont en gr\u00e8ve jusqu\u2019au 10\u00a0janvier. (Photo Didier D\u00e9niel\/Le T\u00e9l\u00e9gramme)<\/p>\n<p>\u00c0 500 m\u00e8tres de l\u00e0, \u00e0 l\u2019Ehpad du Faou &#8211; 64 r\u00e9sidents &#8211; on attend patiemment que la situation revienne \u00e0 la normale. Ici, on se m\u00e9fie grandement surtout des virus. Le masque et le lavage des mains au gel hydroalcoolique sont impos\u00e9s aux visiteurs. \u00ab\u00a0Nous avons \u00e9t\u00e9 pr\u00e9venus par les m\u00e9decins de la maison de sant\u00e9 de leur participation \u00e0 la gr\u00e8ve, explique Myriam Gu\u00e9gan, directrice de l\u2019\u00e9tablissement. Pour l\u2019instant \u00e7a se passe bien. Nous avons la chance d\u2019avoir des infirmiers attitr\u00e9s qui connaissent bien les r\u00e9sidents et qui peuvent prendre soin d\u2019eux.\u00a0\u00bb<\/p>\n<p>Une cabine de t\u00e9l\u00e9consultation tr\u00e8s sollicit\u00e9e<\/p>\n<p>\u00c0 40 km de l\u00e0, \u00e0 Plon\u00e9vez-du-Faou (29), la gr\u00e8ve des m\u00e9decins lib\u00e9raux a de r\u00e9elles cons\u00e9quences sur l\u2019activit\u00e9 de la borne de t\u00e9l\u00e9consultation install\u00e9e, en 2022, \u00e0 la Pharmacie des Darloups, apr\u00e8s le d\u00e9part \u00e0 la retraite du dernier m\u00e9decin de la commune. \u00ab\u00a0Habituellement, quatre ou cinq personnes l\u2019utilisent par jour. \u00c0 pr\u00e9sent, ce sont une vingtaine, explique Jonathan Pochat, le pharmacien. Mais il faut \u00eatre patient. Certains attendent une heure et demie pour \u00eatre mis en relation avec un praticien. Apparemment, le service manque aussi de m\u00e9decins pour faire face \u00e0 la demande.\u00a0\u00bb<\/p>\n","protected":false},"excerpt":{"rendered":"D\u00e9cembre et janvier ont toujours \u00e9t\u00e9 des mois tendus dans les services hospitaliers, qui doivent faire face aux&hellip;\n","protected":false},"author":2,"featured_media":646088,"comment_status":"","ping_status":"","sticky":false,"template":"","format":"standard","meta":{"footnotes":""},"categories":[10],"tags":[11,3450,829,765,1011,27,29786,72,71],"class_list":{"0":"post-646087","1":"post","2":"type-post","3":"status-publish","4":"format-standard","5":"has-post-thumbnail","7":"category-sante","8":"tag-actualites","9":"tag-brest","10":"tag-bretagne","11":"tag-en-continu","12":"tag-fr","13":"tag-france","14":"tag-grippe","15":"tag-health","16":"tag-sante"},"share_on_mastodon":{"url":"https:\/\/pubeurope.com\/@fr\/115851402041221661","error":""},"_links":{"self":[{"href":"https:\/\/www.europesays.com\/fr\/wp-json\/wp\/v2\/posts\/646087","targetHints":{"allow":["GET"]}}],"collection":[{"href":"https:\/\/www.europesays.com\/fr\/wp-json\/wp\/v2\/posts"}],"about":[{"href":"https:\/\/www.europesays.com\/fr\/wp-json\/wp\/v2\/types\/post"}],"author":[{"embeddable":true,"href":"https:\/\/www.europesays.com\/fr\/wp-json\/wp\/v2\/users\/2"}],"replies":[{"embeddable":true,"href":"https:\/\/www.europesays.com\/fr\/wp-json\/wp\/v2\/comments?post=646087"}],"version-history":[{"count":0,"href":"https:\/\/www.europesays.com\/fr\/wp-json\/wp\/v2\/posts\/646087\/revisions"}],"wp:featuredmedia":[{"embeddable":true,"href":"https:\/\/www.europesays.com\/fr\/wp-json\/wp\/v2\/media\/646088"}],"wp:attachment":[{"href":"https:\/\/www.europesays.com\/fr\/wp-json\/wp\/v2\/media?parent=646087"}],"wp:term":[{"taxonomy":"category","embeddable":true,"href":"https:\/\/www.europesays.com\/fr\/wp-json\/wp\/v2\/categories?post=646087"},{"taxonomy":"post_tag","embeddable":true,"href":"https:\/\/www.europesays.com\/fr\/wp-json\/wp\/v2\/tags?post=646087"}],"curies":[{"name":"wp","href":"https:\/\/api.w.org\/{rel}","templated":true}]}}