{"id":646093,"date":"2026-01-07T02:16:10","date_gmt":"2026-01-07T02:16:10","guid":{"rendered":"https:\/\/www.europesays.com\/fr\/646093\/"},"modified":"2026-01-07T02:16:10","modified_gmt":"2026-01-07T02:16:10","slug":"le-lg-c6-passe-enfin-au-tandem-oled-et-le-g6-profitera-dun-veritable-antireflet-on-vous-dit-tout-sur-les-nouveaux-oled-de-lg","status":"publish","type":"post","link":"https:\/\/www.europesays.com\/fr\/646093\/","title":{"rendered":"Le LG C6 passe enfin au Tandem Oled et le G6 profitera d\u2019un v\u00e9ritable antireflet, on vous dit tout sur les nouveaux Oled de LG"},"content":{"rendered":"<p class=\"ed__a-p ed__bdy__l\"><img loading=\"lazy\" decoding=\"async\" src=\"data:image\/svg+xml,%3Csvg xmlns='http:\/\/www.w3.org\/2000\/svg'%3E%3C\/svg%3E\" draggable=\"false\" width=\"4000\" height=\"3000\" class=\"ed__title-xxs\" alt=\"Le G6 \u00e0 droite et le G5 \u00e0 gauche.\" style=\"background-color: #f2f2f2; aspect-ratio:4000\/3000;\"\/><\/p>\n<p>Le G6 \u00e0 droite et le G5 \u00e0 gauche.<\/p>\n<\/p>\n<p class=\"ed__a-p ed__bdy__l\">Le CES de Las Vegas est l\u2019occasion pour LG d\u2019annoncer chaque ann\u00e9e sa nouvelle gamme de t\u00e9l\u00e9viseurs Oled. Apr\u00e8s ses premiers TV Micro RGB et son concurrent aux The Frame, puis le haut de gamme W6, le fabricant cor\u00e9en vient de d\u00e9voiler ses mod\u00e8les phares, les LG C6 et G6. Petit tour d\u2019horizons des nouveaut\u00e9s et des technologies qui arrivent en 2026.<\/p>\n<p>            Publicit\u00e9, votre contenu continue ci-dessous<\/p>\n<p>            Publicit\u00e9<\/p>\n<p>Enfin du nouveau pour le LG C6<\/p>\n<p class=\"ed__a-p ed__bdy__l\">Apr\u00e8s des ann\u00e9es \u00e0 stagner, la gamme C devrait enfin profiter d\u2019un petit coup de boost. Le t\u00e9l\u00e9viseur Oled qui rafle souvent le meilleur rapport qualit\u00e9 prix des Num\u00e9riques n\u2019avait en effet pas \u00e9t\u00e9 v\u00e9ritablement rafra\u00eechie depuis plusieurs g\u00e9n\u00e9rations, profitant seulement de petits gains en luminosit\u00e9 de ci de l\u00e0. En 2026, le C6 embarquera une dalle Primary Tandem Oled, dalle haut de gamme jusqu\u2019ici r\u00e9serv\u00e9e au <a href=\"https:\/\/www.lesnumeriques.com\/tv-televiseur\/lg-65g5-p76168\/test.html\" title=\"LG 65G5 : un des meilleurs TV Oled, tout simplement\" target=\"_blank\" rel=\"noopener\">G5<\/a>. Ce type de dalle \u00e0 quatre couches \u00e0 l\u2019avantage d\u2019\u00eatre plus lumineuse, plus efficiente, tout en proposant une meilleure couverture des espaces colorim\u00e9triques. Du tout bon donc, et on esp\u00e8re que les gains seront cons\u00e9quents, notamment en mati\u00e8re de luminosit\u00e9, m\u00eame si LG a annonc\u00e9 que le G6 serait encore plus lumineux gr\u00e2ce \u00e0 un meilleur refroidissement.<\/p>\n<p class=\"ed__a-p ed__bdy__l\"><img loading=\"lazy\" decoding=\"async\" src=\"data:image\/svg+xml,%3Csvg xmlns='http:\/\/www.w3.org\/2000\/svg'%3E%3C\/svg%3E\" draggable=\"false\" width=\"4000\" height=\"3000\" class=\"ed__title-xxs\" alt=\"Le nouveau C6 77\" profite=\"\" de=\"\" la=\"\" hyper=\"\" radiant=\"\" technology.=\"\" aspect-ratio:4000=\"\"\/><\/p>\n<p>Le nouveau C6 77&Prime; profite de la hyper radiant technology.<\/p>\n<\/p>\n<p class=\"ed__a-p ed__bdy__l\">Il y a toutefois un hic qui risque d\u2019embrouiller un peu les consommateurs : seules les tailles 77 et 83 pouces profiteront de la dalle Tandem Oled\u2026 Quid des dalles 55 et 65 pouces ? Nous n\u2019avons pour le moment pas d\u2019info, mais il se pourrait qu\u2019elle garde la m\u00eame dalle que l\u2019ann\u00e9e derni\u00e8re, avec un petit gain en luminosit\u00e9. On retrouvera comme chaque ann\u00e9e des 42 et 48 pouces, avec des dalles un peu plus entr\u00e9e de gamme.<\/p>\n<p>            Publicit\u00e9, votre contenu continue ci-dessous<\/p>\n<p>            Publicit\u00e9<\/p>\n<p class=\"ed__a-p ed__bdy__l\">Enfin, bonne nouvelle pour les gamers, le TV passe au 165 Hz, auparavant r\u00e9serv\u00e9 \u00e0 la gamme G.<\/p>\n<p>Un LG G6 bien plus lumineux et un antireflet digne de ce nom<\/p>\n<p class=\"ed__a-p ed__bdy__l\">Le G6 va toujours profiter d\u2019une dalle Primary Tandem Oled, mais dans une version am\u00e9lior\u00e9e en 2.0 par rapport au G5 de 2025 nomm\u00e9e Hyper Radiant RGB Technology. Sous ce nom barbare, on devrait surtout avoir un pic lumineux nettement sup\u00e9rieur au G5 (environ 20 %), une bonne nouvelle, le Mini-Led \u00e9tant pour le moment le ma\u00eetre du march\u00e9 en la mati\u00e8re.<\/p>\n<p class=\"ed__a-p ed__bdy__l\"><img loading=\"lazy\" decoding=\"async\" src=\"data:image\/svg+xml,%3Csvg xmlns='http:\/\/www.w3.org\/2000\/svg'%3E%3C\/svg%3E\" draggable=\"false\" width=\"4000\" height=\"3000\" class=\"ed__title-xxs\" alt=\"Le nouveau LG G6.\" style=\"background-color: #f2f2f2; aspect-ratio:4000\/3000;\"\/><\/p>\n<p class=\"ed__a-p ed__bdy__l\">C\u2019est aussi la pr\u00e9sence d\u2019un antireflet qui marquera une rupture avec les ann\u00e9es pr\u00e9c\u00e9dentes sur la gamme G. Le filtre Vanta Black apparu en 2023 \u00e9tait efficace, avec une r\u00e9flectance de 18 % environ, mais il faut avouer que Samsung a su faire mieux sur ses <a href=\"https:\/\/www.lesnumeriques.com\/tv-televiseur\/samsung-tq65s95d-p74670\/test.html\" title=\"Samsung 65S95D : le meilleur t\u00e9l\u00e9viseur QD-Oled fait la chasse aux reflets\" target=\"_blank\" rel=\"noopener\">S95D<\/a> et <a href=\"https:\/\/www.lesnumeriques.com\/tv-televiseur\/samsung-65s95f-p76170\/test.html\" title=\"Samsung S95F\u00a0: dites adieu aux reflets avec ce TV QD-Oled ultra lumineux et polyvalent\" target=\"_blank\" rel=\"noopener\">S95F<\/a> avec filtre antireflet imbattable (6 \u00e0 8 % de r\u00e9flectance). La solution de Samsung n\u2019est toutefois pas parfaite puisqu\u2019en plein jour ou sous de forts spots lumineux, les noirs apparaissent laiteux voire gris\u00e9s \u00e0 l\u2019image, un aspect dommageable pour une technologie qui promet des noirs parfaits. LG veut d\u00e9sormais r\u00e9pondre \u00e0 ces deux probl\u00e9matiques : obtenir un antireflet hyper efficace, sans aucune diffraction de la lumi\u00e8re qui pourrait entra\u00eener des noirs moins profonds.<\/p>\n<p class=\"ed__a-p ed__bdy__l\"><img loading=\"lazy\" decoding=\"async\" src=\"data:image\/svg+xml,%3Csvg xmlns='http:\/\/www.w3.org\/2000\/svg'%3E%3C\/svg%3E\" draggable=\"false\" width=\"4000\" height=\"3000\" class=\"ed__title-xxs\" alt=\"\" style=\"background-color: #f2f2f2; aspect-ratio:4000\/3000;\"\/><\/p>\n<p class=\"ed__a-p ed__bdy__l\">La promesse est belle sur le papier, et nous ne manquerons pas de v\u00e9rifier l\u2019efficacit\u00e9 de cet antireflet en conditions r\u00e9elles !<\/p>\n<p class=\"ed__a-p ed__bdy__l\">Nous n\u2019avons malheureusement aucune indication sur les tarifs des C6, G6 et W6, mais on peut esp\u00e9rer qu&rsquo;ils ne soient pas plus chers que l\u2019an dernier \u00e0 la sortie. Ils devraient en tout cas arriver autour des mois de mars ou avril, mais nous vous tiendrons \u00e9videmment au courant d\u00e8s que nous en saurons plus.<\/p>\n<p>            Publicit\u00e9, votre contenu continue ci-dessous<\/p>\n<p>            Publicit\u00e9<\/p>\n<p class=\"ed__a-p ed__bdy__l\">Envie de faire encore plus d&rsquo;\u00e9conomies ? D\u00e9couvrez <a href=\"https:\/\/www.lesnumeriques.com\/codes-promo.html\" target=\"_blank\" rel=\"noopener\">nos codes promo<\/a> s\u00e9lectionn\u00e9s pour vous.<\/p>\n","protected":false},"excerpt":{"rendered":"Le G6 \u00e0 droite et le G5 \u00e0 gauche. Le CES de Las Vegas est l\u2019occasion pour LG&hellip;\n","protected":false},"author":2,"featured_media":646094,"comment_status":"","ping_status":"","sticky":false,"template":"","format":"standard","meta":{"footnotes":""},"categories":[7],"tags":[1011,27,43,40,41,39,42,44],"class_list":{"0":"post-646093","1":"post","2":"type-post","3":"status-publish","4":"format-standard","5":"has-post-thumbnail","7":"category-sciences-et-technologies","8":"tag-fr","9":"tag-france","10":"tag-science","11":"tag-science-and-technology","12":"tag-sciences","13":"tag-sciences-et-technologies","14":"tag-technologies","15":"tag-technology"},"share_on_mastodon":{"url":"https:\/\/pubeurope.com\/@fr\/115851413618394796","error":""},"_links":{"self":[{"href":"https:\/\/www.europesays.com\/fr\/wp-json\/wp\/v2\/posts\/646093","targetHints":{"allow":["GET"]}}],"collection":[{"href":"https:\/\/www.europesays.com\/fr\/wp-json\/wp\/v2\/posts"}],"about":[{"href":"https:\/\/www.europesays.com\/fr\/wp-json\/wp\/v2\/types\/post"}],"author":[{"embeddable":true,"href":"https:\/\/www.europesays.com\/fr\/wp-json\/wp\/v2\/users\/2"}],"replies":[{"embeddable":true,"href":"https:\/\/www.europesays.com\/fr\/wp-json\/wp\/v2\/comments?post=646093"}],"version-history":[{"count":0,"href":"https:\/\/www.europesays.com\/fr\/wp-json\/wp\/v2\/posts\/646093\/revisions"}],"wp:featuredmedia":[{"embeddable":true,"href":"https:\/\/www.europesays.com\/fr\/wp-json\/wp\/v2\/media\/646094"}],"wp:attachment":[{"href":"https:\/\/www.europesays.com\/fr\/wp-json\/wp\/v2\/media?parent=646093"}],"wp:term":[{"taxonomy":"category","embeddable":true,"href":"https:\/\/www.europesays.com\/fr\/wp-json\/wp\/v2\/categories?post=646093"},{"taxonomy":"post_tag","embeddable":true,"href":"https:\/\/www.europesays.com\/fr\/wp-json\/wp\/v2\/tags?post=646093"}],"curies":[{"name":"wp","href":"https:\/\/api.w.org\/{rel}","templated":true}]}}