{"id":646097,"date":"2026-01-07T02:18:25","date_gmt":"2026-01-07T02:18:25","guid":{"rendered":"https:\/\/www.europesays.com\/fr\/646097\/"},"modified":"2026-01-07T02:18:25","modified_gmt":"2026-01-07T02:18:25","slug":"les-juges-ne-simmiscent-pas-dans-les-questions-de-politique-etrangere-et-de-defense-liberation","status":"publish","type":"post","link":"https:\/\/www.europesays.com\/fr\/646097\/","title":{"rendered":"\u00abLes juges ne s\u2019immiscent pas dans les questions de politique \u00e9trang\u00e8re et de d\u00e9fense\u00bb \u2013 Lib\u00e9ration"},"content":{"rendered":"<p class=\"sc-cPiKLX AiZTS text-element\">Le pr\u00e9sident v\u00e9n\u00e9zu\u00e9lien Nicol\u00e1s Maduro et sa femme Cilia Flores ont comparu lundi 5 janvier devant un juge de New York. Dans la nuit de vendredi \u00e0 samedi, ils avaient \u00e9t\u00e9 captur\u00e9s et exfiltr\u00e9s, \u00e0 l\u2019issue d\u2019une <a href=\"https:\/\/www.liberation.fr\/international\/amerique\/traque-depuis-lete-assaut-dans-une-forteresse-et-transfert-a-guantanamo-le-film-de-larrestation-de-nicolas-maduro-20260103_FK6LTEXCIRGJLJUSVLZLDQ3T4E\/\" target=\"_blank\" rel=\"noopener\" title=\"https:\/\/www.liberation.fr\/international\/amerique\/traque-depuis-lete-assaut-dans-une-forteresse-et-transfert-a-guantanamo-le-film-de-larrestation-de-nicolas-maduro-20260103_FK6LTEXCIRGJLJUSVLZLDQ3T4E\/\">op\u00e9ration militaire am\u00e9ricaine spectaculaire<\/a> \u00e0 Caracas. Ils ont <a href=\"https:\/\/www.liberation.fr\/international\/amerique\/devant-le-tribunal-de-new-york-nicolas-maduro-plaide-non-coupable-et-se-dit-toujours-president-20260105_JUMFSDJYAVDETM57MF3GCTU4KM\/\" target=\"_blank\" rel=\"noopener\" title=\"https:\/\/www.liberation.fr\/international\/amerique\/devant-le-tribunal-de-new-york-nicolas-maduro-plaide-non-coupable-et-se-dit-toujours-president-20260105_JUMFSDJYAVDETM57MF3GCTU4KM\/\">plaid\u00e9 non coupable<\/a>, avant d\u2019\u00eatre reconduits dans un centre de d\u00e9tention de Brooklyn. Anne Deysine est professeure des universit\u00e9s et autrice de Les Juges contre l\u2019Am\u00e9rique (Presses universitaires de Nanterre, 2024). Pour la juriste et am\u00e9ricaniste, l\u2019ill\u00e9galit\u00e9 de l\u2019intervention militaire am\u00e9ricaine en droit international ne devrait pas avoir d\u2019impact, et ne per<\/p>\n","protected":false},"excerpt":{"rendered":"Le pr\u00e9sident v\u00e9n\u00e9zu\u00e9lien Nicol\u00e1s Maduro et sa femme Cilia Flores ont comparu lundi 5 janvier devant un juge&hellip;\n","protected":false},"author":2,"featured_media":646098,"comment_status":"","ping_status":"","sticky":false,"template":"","format":"standard","meta":{"footnotes":""},"categories":[5],"tags":[11,75,73,1011,27,14,8721,12,338,28],"class_list":{"0":"post-646097","1":"post","2":"type-post","3":"status-publish","4":"format-standard","5":"has-post-thumbnail","7":"category-international","8":"tag-actualites","9":"tag-donald-trump","10":"tag-etats-unis","11":"tag-fr","12":"tag-france","13":"tag-international","14":"tag-narcotrafic","15":"tag-news","16":"tag-nicolas-maduro","17":"tag-world"},"share_on_mastodon":{"url":"https:\/\/pubeurope.com\/@fr\/115851421551846236","error":""},"_links":{"self":[{"href":"https:\/\/www.europesays.com\/fr\/wp-json\/wp\/v2\/posts\/646097","targetHints":{"allow":["GET"]}}],"collection":[{"href":"https:\/\/www.europesays.com\/fr\/wp-json\/wp\/v2\/posts"}],"about":[{"href":"https:\/\/www.europesays.com\/fr\/wp-json\/wp\/v2\/types\/post"}],"author":[{"embeddable":true,"href":"https:\/\/www.europesays.com\/fr\/wp-json\/wp\/v2\/users\/2"}],"replies":[{"embeddable":true,"href":"https:\/\/www.europesays.com\/fr\/wp-json\/wp\/v2\/comments?post=646097"}],"version-history":[{"count":0,"href":"https:\/\/www.europesays.com\/fr\/wp-json\/wp\/v2\/posts\/646097\/revisions"}],"wp:featuredmedia":[{"embeddable":true,"href":"https:\/\/www.europesays.com\/fr\/wp-json\/wp\/v2\/media\/646098"}],"wp:attachment":[{"href":"https:\/\/www.europesays.com\/fr\/wp-json\/wp\/v2\/media?parent=646097"}],"wp:term":[{"taxonomy":"category","embeddable":true,"href":"https:\/\/www.europesays.com\/fr\/wp-json\/wp\/v2\/categories?post=646097"},{"taxonomy":"post_tag","embeddable":true,"href":"https:\/\/www.europesays.com\/fr\/wp-json\/wp\/v2\/tags?post=646097"}],"curies":[{"name":"wp","href":"https:\/\/api.w.org\/{rel}","templated":true}]}}