{"id":646103,"date":"2026-01-07T02:21:10","date_gmt":"2026-01-07T02:21:10","guid":{"rendered":"https:\/\/www.europesays.com\/fr\/646103\/"},"modified":"2026-01-07T02:21:10","modified_gmt":"2026-01-07T02:21:10","slug":"changement-de-stade-pour-saint-etienne","status":"publish","type":"post","link":"https:\/\/www.europesays.com\/fr\/646103\/","title":{"rendered":"Changement de stade pour Saint-\u00c9tienne"},"content":{"rendered":"<p>Apr\u00e8s le changement de date, le derby entre Saint-\u00c9tienne et l&rsquo;OL Lyonnes est d\u00e9plac\u00e9 dans un autre stade. Ce 16e de finale de Coupe de France aura lieu \u00e0 L&rsquo;\u00c9trat. <\/p>\n<p>Pour les supporters lyonnais qui souhaiteraient faire le d\u00e9placement, si celui-ci est bien autoris\u00e9, voil\u00e0 une nouvelle information \u00e0 prendre en compte. Nous apprenions lundi que la date avait chang\u00e9. Pr\u00e9vu au d\u00e9part le dimanche 11 janvier, le derby entre Saint-\u00c9tienne et l&rsquo;OL Lyonnes se tiendra finalement le <a href=\"https:\/\/www.olympique-et-lyonnais.com\/coupe-de-france-feminine-saint-etienne-ol-lyonnes-finalement-le-10-janvier,387937.html\" target=\"_blank\" rel=\"noopener\">samedi 10 janvier<\/a>. L&rsquo;horaire, lui, reste le m\u00eame, \u00e0 savoir 14h30.<\/p>\n<p>Mais ce mardi, l&rsquo;ASSE a communiqu\u00e9 sur une autre modification. Le 16e de finale de Coupe de France se disputera ailleurs qu&rsquo;au stade Salif-Keita. Direction L&rsquo;\u00c9trat pour <a href=\"https:\/\/www.olympique-et-lyonnais.com\/ol-lyonnes-lespoir-dun-retour-sur-le-trone-europeen,387930.html\" target=\"_blank\" rel=\"noopener\">le groupe<\/a> de Jonatan <strong>Gir\u00e1ldez<\/strong>, \u00e0 quelques kilom\u00e8tres de l\u00e0. La partie se d\u00e9roulera sur le terrain synth\u00e9tique du stade des Olli\u00e8res.<\/p>\n<p>Mille spectateurs assis, autant autour de la main courante<\/p>\n<p>Plus petite, l&rsquo;enceinte sportive peut recevoir mille spectateurs assis. Mais l&rsquo;institution for\u00e9zienne pr\u00e9cise que mille personnes suppl\u00e9mentaires pourront assister \u00e0 cette confrontation autour de la pelouse. La raison invoqu\u00e9e pour ce bouleversement : la vague de froid\u00a0qui touche une bonne partie de l&rsquo;Hexagone. Des conditions qui ont sans doute impact\u00e9 l&rsquo;\u00e9tat de la pelouse du site initialement s\u00e9lectionn\u00e9. Rappelons que l&rsquo;arbitre <a href=\"https:\/\/www.olympique-et-lyonnais.com\/coupe-de-france-feminine-romy-fournier-au-sifflet-dasse-ol-lyonnes,387946.html\" target=\"_blank\" rel=\"noopener\">Romy Fournier<\/a> sera aux commandes de ce match.<\/p>\n","protected":false},"excerpt":{"rendered":"Apr\u00e8s le changement de date, le derby entre Saint-\u00c9tienne et l&rsquo;OL Lyonnes est d\u00e9plac\u00e9 dans un autre stade.&hellip;\n","protected":false},"author":2,"featured_media":646104,"comment_status":"","ping_status":"","sticky":false,"template":"","format":"standard","meta":{"footnotes":""},"categories":[9653],"tags":[1111,11,2430,83,1777,674,1011,27,12,23183,25,4001],"class_list":{"0":"post-646103","1":"post","2":"type-post","3":"status-publish","4":"format-standard","5":"has-post-thumbnail","7":"category-saint-etienne","8":"tag-actu","9":"tag-actualites","10":"tag-auvergne-rhone-alpes","11":"tag-coupe-de-france","12":"tag-eu","13":"tag-europe","14":"tag-fr","15":"tag-france","16":"tag-news","17":"tag-ol-lyonnes","18":"tag-republique-francaise","19":"tag-saint-etienne"},"share_on_mastodon":{"url":"https:\/\/pubeurope.com\/@fr\/115851433268930423","error":""},"_links":{"self":[{"href":"https:\/\/www.europesays.com\/fr\/wp-json\/wp\/v2\/posts\/646103","targetHints":{"allow":["GET"]}}],"collection":[{"href":"https:\/\/www.europesays.com\/fr\/wp-json\/wp\/v2\/posts"}],"about":[{"href":"https:\/\/www.europesays.com\/fr\/wp-json\/wp\/v2\/types\/post"}],"author":[{"embeddable":true,"href":"https:\/\/www.europesays.com\/fr\/wp-json\/wp\/v2\/users\/2"}],"replies":[{"embeddable":true,"href":"https:\/\/www.europesays.com\/fr\/wp-json\/wp\/v2\/comments?post=646103"}],"version-history":[{"count":0,"href":"https:\/\/www.europesays.com\/fr\/wp-json\/wp\/v2\/posts\/646103\/revisions"}],"wp:featuredmedia":[{"embeddable":true,"href":"https:\/\/www.europesays.com\/fr\/wp-json\/wp\/v2\/media\/646104"}],"wp:attachment":[{"href":"https:\/\/www.europesays.com\/fr\/wp-json\/wp\/v2\/media?parent=646103"}],"wp:term":[{"taxonomy":"category","embeddable":true,"href":"https:\/\/www.europesays.com\/fr\/wp-json\/wp\/v2\/categories?post=646103"},{"taxonomy":"post_tag","embeddable":true,"href":"https:\/\/www.europesays.com\/fr\/wp-json\/wp\/v2\/tags?post=646103"}],"curies":[{"name":"wp","href":"https:\/\/api.w.org\/{rel}","templated":true}]}}