{"id":646105,"date":"2026-01-07T02:22:18","date_gmt":"2026-01-07T02:22:18","guid":{"rendered":"https:\/\/www.europesays.com\/fr\/646105\/"},"modified":"2026-01-07T02:22:18","modified_gmt":"2026-01-07T02:22:18","slug":"exposition-en-mouvement-david-dubois","status":"publish","type":"post","link":"https:\/\/www.europesays.com\/fr\/646105\/","title":{"rendered":"Exposition en mouvement, David Dubois"},"content":{"rendered":"<p class=\"teaser heading__teaser\">A l\u2019occasion du 4e volet du cycle d\u2019expositions Pr\u00e9sent &gt;&lt; Futur, la Cit\u00e9 du design accueille \u00e0 La Platine le designer et sc\u00e9nographe fran\u00e7ais David Dubois.<\/p>\n<p class=\"publication heading__publication\"> Publi\u00e9 le   6\/01\/2026 <\/p>\n<p class=\"ghost\">Horaires :<\/p>\n<p> ouverture : Du 07\/11\/2025 au 01\/03\/2026 le mardi, mercredi, jeudi, vendredi et les week-ends de 10h \u00e0 12h30 et de 13h30 \u00e0 18h. Ferm\u00e9 le lundi et jours f\u00e9ri\u00e9s.<br \/> Visite guid\u00e9e les week-ends de 15h \u00e0 16h15.<br \/> sauf les 1er janvier et 25 d\u00e9cembre.<br \/>Visites guid\u00e9e <br \/>Horaires : Samedi et dimanche \u00e0 15h<br \/>+ Vacances scolaires : mardi et vendredi \u00e0 15h<\/p>\n<p>Chaque 1er dimanche du mois, retrouvez nos m\u00e9diateurs dans les expositions pour une visite guid\u00e9e d\u00e9couverte.<\/p>\n","protected":false},"excerpt":{"rendered":"A l\u2019occasion du 4e volet du cycle d\u2019expositions Pr\u00e9sent &gt;&lt; Futur, la Cit\u00e9 du design accueille \u00e0 La&hellip;\n","protected":false},"author":2,"featured_media":646106,"comment_status":"","ping_status":"","sticky":false,"template":"","format":"standard","meta":{"footnotes":""},"categories":[9653],"tags":[1111,11,2430,1777,674,1011,27,12,25,4001],"class_list":{"0":"post-646105","1":"post","2":"type-post","3":"status-publish","4":"format-standard","5":"has-post-thumbnail","7":"category-saint-etienne","8":"tag-actu","9":"tag-actualites","10":"tag-auvergne-rhone-alpes","11":"tag-eu","12":"tag-europe","13":"tag-fr","14":"tag-france","15":"tag-news","16":"tag-republique-francaise","17":"tag-saint-etienne"},"share_on_mastodon":{"url":"https:\/\/pubeurope.com\/@fr\/115851437184745713","error":""},"_links":{"self":[{"href":"https:\/\/www.europesays.com\/fr\/wp-json\/wp\/v2\/posts\/646105","targetHints":{"allow":["GET"]}}],"collection":[{"href":"https:\/\/www.europesays.com\/fr\/wp-json\/wp\/v2\/posts"}],"about":[{"href":"https:\/\/www.europesays.com\/fr\/wp-json\/wp\/v2\/types\/post"}],"author":[{"embeddable":true,"href":"https:\/\/www.europesays.com\/fr\/wp-json\/wp\/v2\/users\/2"}],"replies":[{"embeddable":true,"href":"https:\/\/www.europesays.com\/fr\/wp-json\/wp\/v2\/comments?post=646105"}],"version-history":[{"count":0,"href":"https:\/\/www.europesays.com\/fr\/wp-json\/wp\/v2\/posts\/646105\/revisions"}],"wp:featuredmedia":[{"embeddable":true,"href":"https:\/\/www.europesays.com\/fr\/wp-json\/wp\/v2\/media\/646106"}],"wp:attachment":[{"href":"https:\/\/www.europesays.com\/fr\/wp-json\/wp\/v2\/media?parent=646105"}],"wp:term":[{"taxonomy":"category","embeddable":true,"href":"https:\/\/www.europesays.com\/fr\/wp-json\/wp\/v2\/categories?post=646105"},{"taxonomy":"post_tag","embeddable":true,"href":"https:\/\/www.europesays.com\/fr\/wp-json\/wp\/v2\/tags?post=646105"}],"curies":[{"name":"wp","href":"https:\/\/api.w.org\/{rel}","templated":true}]}}