{"id":646107,"date":"2026-01-07T02:24:48","date_gmt":"2026-01-07T02:24:48","guid":{"rendered":"https:\/\/www.europesays.com\/fr\/646107\/"},"modified":"2026-01-07T02:24:48","modified_gmt":"2026-01-07T02:24:48","slug":"battu-par-les-rangers-le-celtic-glasgow-se-separe-de-wilfried-nancy","status":"publish","type":"post","link":"https:\/\/www.europesays.com\/fr\/646107\/","title":{"rendered":"battu par les Rangers, le Celtic Glasgow se s\u00e9pare de Wilfried Nancy"},"content":{"rendered":"<p>\n    L\u2019entra\u00eeneur fran\u00e7ais du Celtic Wilfried Nancy (48 ans) a \u00e9t\u00e9 vir\u00e9 de son poste deux jours apr\u00e8s la d\u00e9faite face aux Rangers.<\/p>\n<p class=\"fig-paragraph\"><a href=\"http:\/\/www.lefigaro.fr\/sports\/football\/foot-le-calvaire-du-coach-francais-de-wilfried-nancy-se-prolonge-au-celtic-20251217\" target=\"_blank\" data-fig-type=\"NewsFlash\" rel=\"nofollow noopener\" data-gtm-custom-categorie=\"navigation\" data-gtm-custom-action=\"crossclick\" data-gtm-custom-label=\"Contextuel\" data-gtm-event=\"customEventSPE\" data-fig-domain=\"LEFIGARO\">Le Celtic\u00a0<\/a>a limog\u00e9 son entra\u00eeneur\u00a0<a href=\"http:\/\/www.lefigaro.fr\/sports\/football\/foot-le-celtic-de-wilfried-nancy-s-enfonce-un-peu-plus-dans-la-crise-20260103\" target=\"_blank\" data-fig-type=\"NewsFlash\" rel=\"nofollow noopener\" data-gtm-custom-categorie=\"navigation\" data-gtm-custom-action=\"crossclick\" data-gtm-custom-label=\"Contextuel\" data-gtm-event=\"customEventSPE\" data-fig-domain=\"LEFIGARO\">Wilfried Nancy<\/a>, a annonc\u00e9 le club \u00e9cossais lundi, deux jours apr\u00e8s sa d\u00e9faite 3-1 face aux Rangers, qui laisse les champions \u00e0 \u00e9galit\u00e9 de points avec leurs rivaux historiques. Le Fran\u00e7ais de 48 ans, qui avait remplac\u00e9 l\u2019entra\u00eeneur int\u00e9rimaire Martin O\u2019Neill le mois dernier, n\u2019a enregistr\u00e9 que deux victoires en huit matchs toutes comp\u00e9titions confondues et n\u2019a toujours pas r\u00e9ussi \u00e0 garder sa cage inviol\u00e9e sous sa direction.<\/p>\n<p class=\"fig-paragraph\">Le Celtic occupe la deuxi\u00e8me place du championnat \u00e9cossais avec 38 points en 20 matchs, \u00e0 six points du leader, Hearts. \u00abLe Celtic Football Club annonce aujourd\u2019hui avoir d\u00e9cid\u00e9 de r\u00e9silier le contrat de son entra\u00eeneur Wilfried Nancy, avec effet imm\u00e9diat\u00bb, a d\u00e9clar\u00e9 le club dans un communiqu\u00e9.<\/p>\n<p>\u00abLes adjoints de Wilfried, Kwame Ampadu, Jules Gueguen et Maxime Chalier, quitteront \u00e9galement le club et nous leur adressons nos meilleurs v\u0153ux. Le club confirme \u00e9galement le d\u00e9part de Paul Tisdale de son poste de directeur des op\u00e9rations footballistiques.\u00bb<\/p>\n<p>Brendan Rodgers, qui a men\u00e9 le Celtic \u00e0 quatre titres de champion en deux passages, a d\u00e9missionn\u00e9 de son poste d\u2019entra\u00eeneur en octobre apr\u00e8s une s\u00e9rie de mauvais r\u00e9sultats. Peter Lawwell a \u00e9galement quitt\u00e9 son poste de pr\u00e9sident du club le mois dernier, d\u00e9non\u00e7ant la recrudescence des insultes et des menaces devenues \u00ab intol\u00e9rables\u00a0\u00bb.<\/p>\n","protected":false},"excerpt":{"rendered":"L\u2019entra\u00eeneur fran\u00e7ais du Celtic Wilfried Nancy (48 ans) a \u00e9t\u00e9 vir\u00e9 de son poste deux jours apr\u00e8s la&hellip;\n","protected":false},"author":2,"featured_media":646108,"comment_status":"","ping_status":"","sticky":false,"template":"","format":"standard","meta":{"footnotes":""},"categories":[9635],"tags":[1111,11,454,69,448,83,451,64,1777,450,449,674,1011,27,775,452,453,66,446,447,1702,12,70,25,455],"class_list":{"0":"post-646107","1":"post","2":"type-post","3":"status-publish","4":"format-standard","5":"has-post-thumbnail","7":"category-nancy","8":"tag-actu","9":"tag-actualites","10":"tag-ballon-dor","11":"tag-bundesliga","12":"tag-champions-league","13":"tag-coupe-de-france","14":"tag-coupe-du-monde","15":"tag-equipe-de-france","16":"tag-eu","17":"tag-euro","18":"tag-europa-league","19":"tag-europe","20":"tag-fr","21":"tag-france","22":"tag-grand-est","23":"tag-italie","24":"tag-liga","25":"tag-ligue-1","26":"tag-ligue-2","27":"tag-ligue-des-champions","28":"tag-nancy","29":"tag-news","30":"tag-premier-league","31":"tag-republique-francaise","32":"tag-uefa"},"share_on_mastodon":{"url":"https:\/\/pubeurope.com\/@fr\/115851449001454121","error":""},"_links":{"self":[{"href":"https:\/\/www.europesays.com\/fr\/wp-json\/wp\/v2\/posts\/646107","targetHints":{"allow":["GET"]}}],"collection":[{"href":"https:\/\/www.europesays.com\/fr\/wp-json\/wp\/v2\/posts"}],"about":[{"href":"https:\/\/www.europesays.com\/fr\/wp-json\/wp\/v2\/types\/post"}],"author":[{"embeddable":true,"href":"https:\/\/www.europesays.com\/fr\/wp-json\/wp\/v2\/users\/2"}],"replies":[{"embeddable":true,"href":"https:\/\/www.europesays.com\/fr\/wp-json\/wp\/v2\/comments?post=646107"}],"version-history":[{"count":0,"href":"https:\/\/www.europesays.com\/fr\/wp-json\/wp\/v2\/posts\/646107\/revisions"}],"wp:featuredmedia":[{"embeddable":true,"href":"https:\/\/www.europesays.com\/fr\/wp-json\/wp\/v2\/media\/646108"}],"wp:attachment":[{"href":"https:\/\/www.europesays.com\/fr\/wp-json\/wp\/v2\/media?parent=646107"}],"wp:term":[{"taxonomy":"category","embeddable":true,"href":"https:\/\/www.europesays.com\/fr\/wp-json\/wp\/v2\/categories?post=646107"},{"taxonomy":"post_tag","embeddable":true,"href":"https:\/\/www.europesays.com\/fr\/wp-json\/wp\/v2\/tags?post=646107"}],"curies":[{"name":"wp","href":"https:\/\/api.w.org\/{rel}","templated":true}]}}