{"id":646109,"date":"2026-01-07T02:26:11","date_gmt":"2026-01-07T02:26:11","guid":{"rendered":"https:\/\/www.europesays.com\/fr\/646109\/"},"modified":"2026-01-07T02:26:11","modified_gmt":"2026-01-07T02:26:11","slug":"elle-essaie-davoir-une-image-apolitique-analyse-georges-fenech","status":"publish","type":"post","link":"https:\/\/www.europesays.com\/fr\/646109\/","title":{"rendered":"\u00abElle essaie d&rsquo;avoir une image apolitique\u00bb, analyse Georges Fenech"},"content":{"rendered":"<p class=\"intro \">Dans l&rsquo;\u00e9mission \u00ab\u00a0Pascal Praud et vous\u00a0\u00bb, l&rsquo;ancien magistrat Georges Fenech partage sa r\u00e9flexion sur la candidature sans \u00e9tiquette de Laure Lavalette, d\u00e9put\u00e9e RN, \u00e0 la mairie de Toulon. \u00ab\u00a0Elle fait ce que font \u00e9norm\u00e9ment de maires, si ce n&rsquo;est une \u00e9crasante majorit\u00e9, c&rsquo;est-\u00e0-dire d&rsquo;essayer d&rsquo;avoir une image apolitique\u00a0\u00bb, expose-t-il.<\/p>\n<p>La d\u00e9put\u00e9e RN du Var <a href=\"https:\/\/www.europe1.fr\/politique\/pour-laure-lavalette-rn-bruno-retailleau-est-un-porte-parole-du-rassemblement-national-241239\" target=\"_blank\" rel=\"noopener\">Laure Lavalette<\/a> part \u00e0 la conqu\u00eate de la mairie de Toulon. Celle qui est porte-parole du Rassemblement national se pr\u00e9sente n\u00e9anmoins sans \u00e9tiquette, mais \u00ab\u00a0soutenue par le RN\u00a0\u00bb. Pourquoi ce choix ? Georges Fenech partage son analyse dans l&rsquo;\u00e9mission <a href=\"https:\/\/www.europe1.fr\/emissions\/pascal-praud-et-vous\" target=\"_blank\" rel=\"noopener\">Pascal Praud et vous<\/a>.<\/p>\n<p>    La suite apr\u00e8s cette publicit\u00e9<\/p>\n<p>    La suite apr\u00e8s cette publicit\u00e9<\/p>\n<p>&gt;&gt; Retrouvez toute l&rsquo;actualit\u00e9 des \u00e9lections municipales 2026 <a href=\"https:\/\/www.europe1.fr\/dossiers\/elections-municipales\" target=\"_blank\" rel=\"noopener\">ici<\/a><\/p>\n<p>\u00ab\u00a0Elle fait ce que font \u00e9norm\u00e9ment de maires, si ce n&rsquo;est une \u00e9crasante majorit\u00e9, c&rsquo;est-\u00e0-dire d&rsquo;essayer d&rsquo;avoir une image apolitique. Un maire doit \u00eatre le maire de toute sa commune, ind\u00e9pendamment des appartenances politiques, et on le constate r\u00e9guli\u00e8rement autour de soi\u00a0\u00bb, expose-t-il sur Europe 1.<\/p><\/p>\n","protected":false},"excerpt":{"rendered":"Dans l&rsquo;\u00e9mission \u00ab\u00a0Pascal Praud et vous\u00a0\u00bb, l&rsquo;ancien magistrat Georges Fenech partage sa r\u00e9flexion sur la candidature sans \u00e9tiquette&hellip;\n","protected":false},"author":2,"featured_media":646110,"comment_status":"","ping_status":"","sticky":false,"template":"","format":"standard","meta":{"footnotes":""},"categories":[9619],"tags":[1111,11,1777,674,1011,27,12,882,25,2310],"class_list":{"0":"post-646109","1":"post","2":"type-post","3":"status-publish","4":"format-standard","5":"has-post-thumbnail","7":"category-toulon","8":"tag-actu","9":"tag-actualites","10":"tag-eu","11":"tag-europe","12":"tag-fr","13":"tag-france","14":"tag-news","15":"tag-provence-alpes-cote-dazur","16":"tag-republique-francaise","17":"tag-toulon"},"share_on_mastodon":{"url":"https:\/\/pubeurope.com\/@fr\/115851452997703875","error":""},"_links":{"self":[{"href":"https:\/\/www.europesays.com\/fr\/wp-json\/wp\/v2\/posts\/646109","targetHints":{"allow":["GET"]}}],"collection":[{"href":"https:\/\/www.europesays.com\/fr\/wp-json\/wp\/v2\/posts"}],"about":[{"href":"https:\/\/www.europesays.com\/fr\/wp-json\/wp\/v2\/types\/post"}],"author":[{"embeddable":true,"href":"https:\/\/www.europesays.com\/fr\/wp-json\/wp\/v2\/users\/2"}],"replies":[{"embeddable":true,"href":"https:\/\/www.europesays.com\/fr\/wp-json\/wp\/v2\/comments?post=646109"}],"version-history":[{"count":0,"href":"https:\/\/www.europesays.com\/fr\/wp-json\/wp\/v2\/posts\/646109\/revisions"}],"wp:featuredmedia":[{"embeddable":true,"href":"https:\/\/www.europesays.com\/fr\/wp-json\/wp\/v2\/media\/646110"}],"wp:attachment":[{"href":"https:\/\/www.europesays.com\/fr\/wp-json\/wp\/v2\/media?parent=646109"}],"wp:term":[{"taxonomy":"category","embeddable":true,"href":"https:\/\/www.europesays.com\/fr\/wp-json\/wp\/v2\/categories?post=646109"},{"taxonomy":"post_tag","embeddable":true,"href":"https:\/\/www.europesays.com\/fr\/wp-json\/wp\/v2\/tags?post=646109"}],"curies":[{"name":"wp","href":"https:\/\/api.w.org\/{rel}","templated":true}]}}