{"id":646115,"date":"2026-01-07T02:30:19","date_gmt":"2026-01-07T02:30:19","guid":{"rendered":"https:\/\/www.europesays.com\/fr\/646115\/"},"modified":"2026-01-07T02:30:19","modified_gmt":"2026-01-07T02:30:19","slug":"metropole-rouen-normandie-le-trois-mats-le-francais-en-escale-jusquau-23-janvier","status":"publish","type":"post","link":"https:\/\/www.europesays.com\/fr\/646115\/","title":{"rendered":"M\u00e9tropole Rouen Normandie. Le trois-m\u00e2ts Le Fran\u00e7ais en escale jusqu&rsquo;au 23 janvier"},"content":{"rendered":"<p melodystyle=\"texte\">Un trois-m\u00e2ts \u00e0 Rouen\u00a0! L&rsquo;association <a href=\"https:\/\/temoinspolaires.fr\/accueil\/lecole-des-poles\/\" target=\"_blank\" rel=\"noopener\">T\u00e9moins Polaires<\/a> fait escale \u00e0 Rouen jusqu&rsquo;au vendredi 23\u00a0janvier \u00e0 bord du voilier Le Fran\u00e7ais. L&rsquo;objectif\u00a0? Sensibiliser la population au climat par le prisme de la beaut\u00e9 et de la fragilit\u00e9 des p\u00f4les.<\/p>\n<p>Des ateliers pr\u00e9vus<\/p>\n<p melodystyle=\"texte\">Dans son communiqu\u00e9, l&rsquo;association T\u00e9moins Polaires indique que pendant ces trois semaines, \u00ab\u00a0ce sont 16 ateliers gratuits et immersifs qui sont anim\u00e9s \u00e0 bord\u00a0\u00bb. Les scolaires du CE1 \u00e0 la terminale sont transport\u00e9s par l&rsquo;association T\u00e9moins Polaires dans un voyage ludique et interactif m\u00ealant jeux, d\u00e9bats et exp\u00e9riences scientifiques. Ces ateliers dureront jusqu&rsquo;au vendredi 23\u00a0janvier et se d\u00e9rouleront du lundi au vendredi except\u00e9 le mercredi.<\/p>\n<p>Des visites ouvertes au public<\/p>\n<p melodystyle=\"texte\">Des visites sont aussi propos\u00e9es au public samedi\u00a010 et dimanche 11\u00a0janvier ainsi que samedi\u00a017 et dimanche 18\u00a0janvier de 9h45 \u00e0 12h30 et de 14h \u00e0 17h. Ces visites sont assur\u00e9es par les b\u00e9n\u00e9voles de l&rsquo;Armada de Rouen.<\/p>\n","protected":false},"excerpt":{"rendered":"Un trois-m\u00e2ts \u00e0 Rouen\u00a0! L&rsquo;association T\u00e9moins Polaires fait escale \u00e0 Rouen jusqu&rsquo;au vendredi 23\u00a0janvier \u00e0 bord du voilier&hellip;\n","protected":false},"author":2,"featured_media":646116,"comment_status":"","ping_status":"","sticky":false,"template":"","format":"standard","meta":{"footnotes":""},"categories":[9587],"tags":[1111,11,1777,674,1011,27,12,5161,25,9590],"class_list":{"0":"post-646115","1":"post","2":"type-post","3":"status-publish","4":"format-standard","5":"has-post-thumbnail","7":"category-rouen","8":"tag-actu","9":"tag-actualites","10":"tag-eu","11":"tag-europe","12":"tag-fr","13":"tag-france","14":"tag-news","15":"tag-normandie","16":"tag-republique-francaise","17":"tag-rouen"},"share_on_mastodon":{"url":"https:\/\/pubeurope.com\/@fr\/115851468668754725","error":""},"_links":{"self":[{"href":"https:\/\/www.europesays.com\/fr\/wp-json\/wp\/v2\/posts\/646115","targetHints":{"allow":["GET"]}}],"collection":[{"href":"https:\/\/www.europesays.com\/fr\/wp-json\/wp\/v2\/posts"}],"about":[{"href":"https:\/\/www.europesays.com\/fr\/wp-json\/wp\/v2\/types\/post"}],"author":[{"embeddable":true,"href":"https:\/\/www.europesays.com\/fr\/wp-json\/wp\/v2\/users\/2"}],"replies":[{"embeddable":true,"href":"https:\/\/www.europesays.com\/fr\/wp-json\/wp\/v2\/comments?post=646115"}],"version-history":[{"count":0,"href":"https:\/\/www.europesays.com\/fr\/wp-json\/wp\/v2\/posts\/646115\/revisions"}],"wp:featuredmedia":[{"embeddable":true,"href":"https:\/\/www.europesays.com\/fr\/wp-json\/wp\/v2\/media\/646116"}],"wp:attachment":[{"href":"https:\/\/www.europesays.com\/fr\/wp-json\/wp\/v2\/media?parent=646115"}],"wp:term":[{"taxonomy":"category","embeddable":true,"href":"https:\/\/www.europesays.com\/fr\/wp-json\/wp\/v2\/categories?post=646115"},{"taxonomy":"post_tag","embeddable":true,"href":"https:\/\/www.europesays.com\/fr\/wp-json\/wp\/v2\/tags?post=646115"}],"curies":[{"name":"wp","href":"https:\/\/api.w.org\/{rel}","templated":true}]}}