{"id":646119,"date":"2026-01-07T02:33:27","date_gmt":"2026-01-07T02:33:27","guid":{"rendered":"https:\/\/www.europesays.com\/fr\/646119\/"},"modified":"2026-01-07T02:33:27","modified_gmt":"2026-01-07T02:33:27","slug":"jusqua-93-degres-ou-a-t-il-fait-le-plus-froid-cette-nuit-en-ille-et-vilaine","status":"publish","type":"post","link":"https:\/\/www.europesays.com\/fr\/646119\/","title":{"rendered":"Jusqu\u2019\u00e0 -9,3 degr\u00e9s\u00a0: o\u00f9 a-t-il fait le plus froid cette nuit en Ille-et-Vilaine\u00a0?"},"content":{"rendered":"<p>Apr\u00e8s les chutes de neige de lundi, l\u2019Ille-et-Vilaine a connu une nuit glaciale. La chute brutale des temp\u00e9ratures a g\u00e9n\u00e9ralis\u00e9 le verglas sur le d\u00e9partement. Selon les donn\u00e9es de <a href=\"https:\/\/www.meteociel.fr\/\" target=\"_blank\" rel=\"noopener\">M\u00e9t\u00e9o Ciel<\/a> et <a href=\"https:\/\/www.meteo.bzh\/\" target=\"_blank\" rel=\"noopener\">M\u00e9t\u00e9o Bretagne<\/a>, le record de froid a \u00e9t\u00e9 enregistr\u00e9 \u00e0 Laill\u00e9, avec -9,3 \u00b0C \u00e0 8 h ce matin, suivie de pr\u00e8s par Landujan o\u00f9 le mercure est tomb\u00e9 \u00e0 -8,7 \u00b0C.<\/p>\n<p>Dans le reste du d\u00e9partement, on a enregistr\u00e9 -7,5 \u00b0C \u00e0 La Chapelle-Bou\u00ebxic, -7,3 \u00b0C \u00e0 M\u00e9zi\u00e8res-sur-Couesnon, -6,5 \u00b0C \u00e0 Foug\u00e8res, -6,3 \u00b0C \u00e0 Bl\u00e9ruais ou encore -5,7 \u00b0C \u00e0 Rennes.<\/p>\n<p>Malgr\u00e9 ces temp\u00e9ratures polaires, le record de froid de la r\u00e9gion n\u2019a pas \u00e9t\u00e9 \u00e9tabli en Ille-et-Vilaine. C\u2019est \u00e0 Kerpert, dans les C\u00f4tes-d\u2019Armor, qu\u2019il a fait le plus froid avec -10,4 \u00b0C !<\/p>\n","protected":false},"excerpt":{"rendered":"Apr\u00e8s les chutes de neige de lundi, l\u2019Ille-et-Vilaine a connu une nuit glaciale. La chute brutale des temp\u00e9ratures&hellip;\n","protected":false},"author":2,"featured_media":646120,"comment_status":"","ping_status":"","sticky":false,"template":"","format":"standard","meta":{"footnotes":""},"categories":[2821],"tags":[1111,11,829,1777,674,1011,27,848,12,584,25],"class_list":{"0":"post-646119","1":"post","2":"type-post","3":"status-publish","4":"format-standard","5":"has-post-thumbnail","7":"category-rennes","8":"tag-actu","9":"tag-actualites","10":"tag-bretagne","11":"tag-eu","12":"tag-europe","13":"tag-fr","14":"tag-france","15":"tag-ille-et-vilaine","16":"tag-news","17":"tag-rennes","18":"tag-republique-francaise"},"share_on_mastodon":{"url":"https:\/\/pubeurope.com\/@fr\/115851480453666324","error":""},"_links":{"self":[{"href":"https:\/\/www.europesays.com\/fr\/wp-json\/wp\/v2\/posts\/646119","targetHints":{"allow":["GET"]}}],"collection":[{"href":"https:\/\/www.europesays.com\/fr\/wp-json\/wp\/v2\/posts"}],"about":[{"href":"https:\/\/www.europesays.com\/fr\/wp-json\/wp\/v2\/types\/post"}],"author":[{"embeddable":true,"href":"https:\/\/www.europesays.com\/fr\/wp-json\/wp\/v2\/users\/2"}],"replies":[{"embeddable":true,"href":"https:\/\/www.europesays.com\/fr\/wp-json\/wp\/v2\/comments?post=646119"}],"version-history":[{"count":0,"href":"https:\/\/www.europesays.com\/fr\/wp-json\/wp\/v2\/posts\/646119\/revisions"}],"wp:featuredmedia":[{"embeddable":true,"href":"https:\/\/www.europesays.com\/fr\/wp-json\/wp\/v2\/media\/646120"}],"wp:attachment":[{"href":"https:\/\/www.europesays.com\/fr\/wp-json\/wp\/v2\/media?parent=646119"}],"wp:term":[{"taxonomy":"category","embeddable":true,"href":"https:\/\/www.europesays.com\/fr\/wp-json\/wp\/v2\/categories?post=646119"},{"taxonomy":"post_tag","embeddable":true,"href":"https:\/\/www.europesays.com\/fr\/wp-json\/wp\/v2\/tags?post=646119"}],"curies":[{"name":"wp","href":"https:\/\/api.w.org\/{rel}","templated":true}]}}