{"id":646125,"date":"2026-01-07T02:36:29","date_gmt":"2026-01-07T02:36:29","guid":{"rendered":"https:\/\/www.europesays.com\/fr\/646125\/"},"modified":"2026-01-07T02:36:29","modified_gmt":"2026-01-07T02:36:29","slug":"le-nouvel-entraineur-de-strasbourg-bientot-officialise-france-rc-strasbourg","status":"publish","type":"post","link":"https:\/\/www.europesays.com\/fr\/646125\/","title":{"rendered":"Le nouvel entra\u00eeneur de Strasbourg bient\u00f4t officialis\u00e9 &#8211; France &#8211; RC Strasbourg"},"content":{"rendered":"<p>Le banc ne devrait pas rester vide bien longtemps.<\/p>\n<p>Apr\u00e8s <a target=\"_blank\" href=\"https:\/\/www.sofoot.com\/breves\/il-y-a-des-opportunites-qui-ne-se-refusent-pas-ce-quil-faut-retenir-de-la-conference-de-presse-de-liam-rosenior\" rel=\"noopener\">le d\u00e9part de Liam Rosenior \u00e0 Chelsea ce mardi<\/a>, c\u2019est <strong>Gary O\u2019Neil, grand favori pour prendre son poste au Racing Club de Strasbourg<\/strong>, qui devrait \u00eatre choisi,\u00a0selon <a target=\"_blank\" href=\"https:\/\/www.lequipe.fr\/Football\/Actualites\/Gary-o-neil-devrait-bien-prendre-la-suite-de-liam-rosenior-sur-le-banc-de-strasbourg\/1631602\" rel=\"noopener\">L\u2019\u00c9quipe<\/a>. L\u2019Anglais de 42 ans, sans club depuis son d\u00e9part de Wolverhampton en 2024, a d\u00e9j\u00e0 <strong>commenc\u00e9 son tour des popotes afin de constituer un staff.<\/strong><\/p>\n<p>Attendu en Alsace dans les prochaines heures<\/p>\n<p data-v-e14a34bc=\"\">Pass\u00e9 sur le banc de Bournemouth et Wolverhampton, <strong>O\u2019Neil est attendu en Alsace dans les prochaines heures pour signer un contrat longue dur\u00e9e et prendre son poste.<\/strong> La direction strasbourgeoise aimerait qu\u2019il soit op\u00e9rationnel pour mener les troupes d\u00e8s samedi, pour le d\u00e9placement \u00e0 Avranches en 16es de finale de la Coupe de France.<\/p>\n<p>Selon les informations de <a target=\"_blank\" href=\"https:\/\/rmcsport.bfmtv.com\/football\/clubs\/rc-strasbourg\/strasbourg-gary-o-neil-va-remplacer-liam-rosenior-sur-le-banc-du-racing_AV-202601060601.html\" rel=\"noopener\">RMC<\/a>, le profil de Gary O\u2019Neil n\u2019a pas \u00e9t\u00e9 choisi par Marc Keller, le pr\u00e9sident de Strasbourg, mais bien par les dirigeants de BlueCo qui appr\u00e9cient particuli\u00e8rement l\u2019entra\u00eeneur anglais. <strong>L\u2019id\u00e9e est de donner sa chance \u00e0 un profil jug\u00e9 \u00e0 haut potentiel.<\/strong><\/p>\n<p>Et pr\u00e9parer la succession de Rosenior \u00e0 Chelsea ?<\/p>\n<p>\t\t\t\t\t\t\t\t\t\t<a class=\"lien-connexe\" href=\"https:\/\/www.sofoot.com\/breves\/marc-keller-dans-le-viseur-des-supporters-de-strasbourg-apres-le-depart-de-liam-rosenior\" target=\"_blank\" rel=\"noopener\">Marc Keller dans le viseur des supporters de Strasbourg apr\u00e8s le d\u00e9part de Liam Rosenior<\/a>\t\t\t\t\t<\/p>\n","protected":false},"excerpt":{"rendered":"Le banc ne devrait pas rester vide bien longtemps. Apr\u00e8s le d\u00e9part de Liam Rosenior \u00e0 Chelsea ce&hellip;\n","protected":false},"author":2,"featured_media":646126,"comment_status":"","ping_status":"","sticky":false,"template":"","format":"standard","meta":{"footnotes":""},"categories":[2820],"tags":[1111,47,11,61,69,65,64,1777,674,63,1011,27,775,68,66,12,62,70,25,67,640],"class_list":{"0":"post-646125","1":"post","2":"type-post","3":"status-publish","4":"format-standard","5":"has-post-thumbnail","7":"category-strasbourg","8":"tag-actu","9":"tag-actualite","10":"tag-actualites","11":"tag-actus-football","12":"tag-bundesliga","13":"tag-championnats-europeens","14":"tag-equipe-de-france","15":"tag-eu","16":"tag-europe","17":"tag-football","18":"tag-fr","19":"tag-france","20":"tag-grand-est","21":"tag-ligua","22":"tag-ligue-1","23":"tag-news","24":"tag-news-foot","25":"tag-premier-league","26":"tag-republique-francaise","27":"tag-serie-a","28":"tag-strasbourg"},"share_on_mastodon":{"url":"https:\/\/pubeurope.com\/@fr\/115851492245407330","error":""},"_links":{"self":[{"href":"https:\/\/www.europesays.com\/fr\/wp-json\/wp\/v2\/posts\/646125","targetHints":{"allow":["GET"]}}],"collection":[{"href":"https:\/\/www.europesays.com\/fr\/wp-json\/wp\/v2\/posts"}],"about":[{"href":"https:\/\/www.europesays.com\/fr\/wp-json\/wp\/v2\/types\/post"}],"author":[{"embeddable":true,"href":"https:\/\/www.europesays.com\/fr\/wp-json\/wp\/v2\/users\/2"}],"replies":[{"embeddable":true,"href":"https:\/\/www.europesays.com\/fr\/wp-json\/wp\/v2\/comments?post=646125"}],"version-history":[{"count":0,"href":"https:\/\/www.europesays.com\/fr\/wp-json\/wp\/v2\/posts\/646125\/revisions"}],"wp:featuredmedia":[{"embeddable":true,"href":"https:\/\/www.europesays.com\/fr\/wp-json\/wp\/v2\/media\/646126"}],"wp:attachment":[{"href":"https:\/\/www.europesays.com\/fr\/wp-json\/wp\/v2\/media?parent=646125"}],"wp:term":[{"taxonomy":"category","embeddable":true,"href":"https:\/\/www.europesays.com\/fr\/wp-json\/wp\/v2\/categories?post=646125"},{"taxonomy":"post_tag","embeddable":true,"href":"https:\/\/www.europesays.com\/fr\/wp-json\/wp\/v2\/tags?post=646125"}],"curies":[{"name":"wp","href":"https:\/\/api.w.org\/{rel}","templated":true}]}}