{"id":646131,"date":"2026-01-07T02:41:30","date_gmt":"2026-01-07T02:41:30","guid":{"rendered":"https:\/\/www.europesays.com\/fr\/646131\/"},"modified":"2026-01-07T02:41:30","modified_gmt":"2026-01-07T02:41:30","slug":"encore-de-la-neige-et-de-la-pluie-verglacante-dans-la-nuit","status":"publish","type":"post","link":"https:\/\/www.europesays.com\/fr\/646131\/","title":{"rendered":"encore de la neige et de la pluie vergla\u00e7ante dans la nuit"},"content":{"rendered":"<p>                    Par<br \/>\n        <strong><br \/>\n            <a href=\"https:\/\/actu.fr\/auteur\/laure-gentil\" title=\"Consulter tous les articles de Laure Gentil\" target=\"_blank\" rel=\"noopener\">Laure Gentil<\/a><br \/>\n                    <\/strong><\/p>\n<p>        Publi\u00e9 le<\/p>\n<p>            6 janv. 2026 \u00e0 16h40        <\/p>\n<p>La <b>neige <\/b>n\u2019a pas encore dit son dernier mot en<b> Loire-Atlantique<\/b>\u2009! Le d\u00e9partement, <a href=\"https:\/\/actu.fr\/societe\/neige-et-verglas-en-loire-atlantique-le-departement-place-en-vigilance-orange_63649495.html\" target=\"_blank\" rel=\"noopener\">qui \u00e9tait en vigilance orange neige-verglas lundi soir<\/a>, est pass\u00e9 en vigilance jaune ce mardi. Une vigilance qui doit perdurer jusqu\u2019\u00e0 mercredi 7\u00a0janvier 2026. Selon M\u00e9t\u00e9o France et Temps Breton, de nouvelles chutes de neige et de la pluie vergla\u00e7ante sont attendues <b>dans la nuit de mardi \u00e0 mercredi<\/b>, il faudra donc rester tr\u00e8s prudents durant vos d\u00e9placements.<\/p>\n<p>Des \u00ab\u2009chauss\u00e9es glissantes\u2009\u00bb<\/p>\n<p class=\" wall-content\">\u00ab\u2009Un \u00e9pisode de pluies vergla\u00e7antes est attendu la nuit prochaine sur l\u2019est de la Bretagne. Les chauss\u00e9es pourront \u00eatre glissantes entre 2\u2009h et 9\u2009h, notamment sur l\u2019Ille-et-Vilaine et la Loire-Atlantique\u2009\u00bb, indique Temps Breton sur le r\u00e9seau social X.<\/p>\n<p class=\" wall-content\">\n<p class=\" wall-content\">M\u00e9t\u00e9o France informe que le ciel va commencer \u00e0 se voiler en soir\u00e9e. C\u2019est dans la nuit que la neige et la pluie vont se mettre \u00e0 tomber sur la <a href=\"https:\/\/actu.fr\/meteo\/neige-et-verglas-en-loire-atlantique-des-conditions-de-circulation-difficiles_63655601.html\" target=\"_blank\" rel=\"noopener\">Loire-Atlantique<\/a>. Tout le territoire est concern\u00e9, exceptions faites de <b><a href=\"https:\/\/actu.fr\/pays-de-la-loire\/saint-nazaire_44184\" target=\"_blank\" rel=\"noopener\">Saint-Nazaire<\/a> et Pontch\u00e2teau<\/b> qui ne devraient avoir \u00e0 faire qu\u2019\u00e0 de faibles averses. La \u00ab\u2009pluie vergla\u00e7ante\u2009\u00bb est particuli\u00e8rement attendue \u00e0 <a href=\"https:\/\/actu.fr\/pays-de-la-loire\/vallet_44212\" target=\"_blank\" rel=\"noopener\"><b>Vallet<\/b><\/a>, dans le sud-est du d\u00e9partement.<\/p>\n<p class=\" wall-content\">Les temp\u00e9ratures seront de 1\u00a0\u00b0C \u00e0<b> Nantes, Nort-sur-Erdre et <a href=\"https:\/\/actu.fr\/l-eclaireur-de-chateaubriant\" target=\"_blank\" rel=\"noopener\">Ch\u00e2teaubriant<\/a>,<\/b> et de 0\u00a0\u00b0C \u00e0 Vallet. C\u2019est sur la c\u00f4te, \u00e0 Pornic et Saint-Nazaire, qu\u2019il fera le moins froid avec un mercure qui oscillera entre 5 et 6\u00a0\u00b0C.<\/p>\n<p class=\" wall-content\">Personnalisez votre actualit\u00e9 en ajoutant vos villes et m\u00e9dias en favori avec <a href=\"https:\/\/moncompte.actu.fr\" title=\"D\u00e9couvez Mon Actu\" rel=\"nofollow noopener\" data-trk=\"{&quot;cta&quot;:{&quot;action&quot;:&quot;https:\\\/\\\/moncompte.actu.fr&quot;,&quot;category&quot;:&quot;mon compte&quot;,&quot;from&quot;:&quot;article footer&quot;,&quot;name&quot;:&quot;Mon actu&quot;,&quot;type&quot;:&quot;cta&quot;}}\" target=\"_blank\">Mon Actu<\/a>.<\/p>\n","protected":false},"excerpt":{"rendered":"Par Laure Gentil Publi\u00e9 le 6 janv. 2026 \u00e0 16h40 La neige n\u2019a pas encore dit son dernier&hellip;\n","protected":false},"author":2,"featured_media":646132,"comment_status":"","ping_status":"","sticky":false,"template":"","format":"standard","meta":{"footnotes":""},"categories":[2818],"tags":[1111,11,1777,674,1011,27,2487,2357,766,10584,12,2636,25],"class_list":{"0":"post-646131","1":"post","2":"type-post","3":"status-publish","4":"format-standard","5":"has-post-thumbnail","7":"category-nantes","8":"tag-actu","9":"tag-actualites","10":"tag-eu","11":"tag-europe","12":"tag-fr","13":"tag-france","14":"tag-meteo","15":"tag-meteo-france","16":"tag-nantes","17":"tag-neige","18":"tag-news","19":"tag-pays-de-la-loire","20":"tag-republique-francaise"},"share_on_mastodon":{"url":"https:\/\/pubeurope.com\/@fr\/115851511935650488","error":""},"_links":{"self":[{"href":"https:\/\/www.europesays.com\/fr\/wp-json\/wp\/v2\/posts\/646131","targetHints":{"allow":["GET"]}}],"collection":[{"href":"https:\/\/www.europesays.com\/fr\/wp-json\/wp\/v2\/posts"}],"about":[{"href":"https:\/\/www.europesays.com\/fr\/wp-json\/wp\/v2\/types\/post"}],"author":[{"embeddable":true,"href":"https:\/\/www.europesays.com\/fr\/wp-json\/wp\/v2\/users\/2"}],"replies":[{"embeddable":true,"href":"https:\/\/www.europesays.com\/fr\/wp-json\/wp\/v2\/comments?post=646131"}],"version-history":[{"count":0,"href":"https:\/\/www.europesays.com\/fr\/wp-json\/wp\/v2\/posts\/646131\/revisions"}],"wp:featuredmedia":[{"embeddable":true,"href":"https:\/\/www.europesays.com\/fr\/wp-json\/wp\/v2\/media\/646132"}],"wp:attachment":[{"href":"https:\/\/www.europesays.com\/fr\/wp-json\/wp\/v2\/media?parent=646131"}],"wp:term":[{"taxonomy":"category","embeddable":true,"href":"https:\/\/www.europesays.com\/fr\/wp-json\/wp\/v2\/categories?post=646131"},{"taxonomy":"post_tag","embeddable":true,"href":"https:\/\/www.europesays.com\/fr\/wp-json\/wp\/v2\/tags?post=646131"}],"curies":[{"name":"wp","href":"https:\/\/api.w.org\/{rel}","templated":true}]}}