{"id":646143,"date":"2026-01-07T02:48:14","date_gmt":"2026-01-07T02:48:14","guid":{"rendered":"https:\/\/www.europesays.com\/fr\/646143\/"},"modified":"2026-01-07T02:48:14","modified_gmt":"2026-01-07T02:48:14","slug":"video-on-a-teste-en-avant-premiere-la-nouvelle-ligne-de-tramway-ouverte-ce-7-janvier-a-marseille","status":"publish","type":"post","link":"https:\/\/www.europesays.com\/fr\/646143\/","title":{"rendered":"VID\u00c9O. On a test\u00e9 en avant-premi\u00e8re la nouvelle ligne de tramway ouverte ce 7 janvier \u00e0 Marseille"},"content":{"rendered":"<p>Tout nouveau, tout beau\u00a0: c\u2019est une double nouveaut\u00e9 que les Marseillais vont pouvoir d\u00e9couvrir ce mercredi 7\u00a0janvier. D\u2019abord, l\u2019ouverture de l\u2019extension de 6,2\u00a0km de la ligne T3\u00a0: 1,8\u00a0km entre Arenc (2e) et Capitaine-G\u00e8ze (14e) au Nord, et 4,4\u00a0km entre la place Castellane (6e) <a href=\"https:\/\/www.laprovence.com\/article\/societe\/485145716095314\/depuis-le-temps-lextension-du-tramway-t3-a-marseille-de-geze-a-la-gaye-en-service-debut-2026\" target=\"_blank\" rel=\"noopener\">et la Gaye<\/a> (9e). Apr\u00e8s l\u2019inauguration officielle ce mercredi matin au d\u00e9part de Capitaine-G\u00e8ze, <a href=\"https:\/\/www.laprovence.com\/article\/region\/77447417179799\/lignes-t2-et-t3-a-marseille-pour-quelles-raisons-cinq-stations-vont-changer-de-nom\" target=\"_blank\" rel=\"noopener\">le tramway<\/a> entrera en service sur l\u2019int\u00e9gralit\u00e9 de la ligne \u00e0 partir de la mi-journ\u00e9e pour desservir 11 nouvelles stations.<\/p>\n<p>Ce mardi 6\u00a0janvier, La Provence a pu voyager en exclusivit\u00e9 sur la nouvelle ligne. Depuis <a href=\"https:\/\/www.laprovence.com\/article\/region\/2374498986685214\/cest-un-tournant-pour-nous-ce-parking-et-le-tramway-a-marseille-les-habitants-de-sainte-marguerite-dans-lattente\" target=\"_blank\" rel=\"noopener\">le m\u00e9tro Dromel<\/a>, apr\u00e8s avoir pass\u00e9 la rue Augustin-Aubert, les voies sont v\u00e9g\u00e9talis\u00e9es et accompagn\u00e9es, jusqu\u2019au terminus, d\u2019une piste cyclable en site propre. \u00c0 la hauteur de l\u2019h\u00f4pital Sainte-Marguerite, des paysagistes s\u2019affairent encore \u00e0 tailler des arbustes qui bordent les rails.<\/p>\n<p><img alt=\"Les 15 nouvelles rames fabriqu\u00e9es par le groupe CAF compl\u00e8teront la trentaine d\u00e9j\u00e0 en service du constructeur Bombardier.\" loading=\"lazy\" decoding=\"async\" data-nimg=\"fill\" class=\" TwicCore_img__i9TC1 undefined  undefined\" style=\"position:absolute;height:100%;width:100%;left:0;top:0;right:0;bottom:0;color:transparent;background-size:cover;background-position:50% 50%;background-repeat:no-repeat;background-image:url(&quot;data:image\/svg+xml;charset=utf-8,%3Csvg xmlns='http:\/\/www.w3.org\/2000\/svg' %3E%3Cfilter id='b' color-interpolation-filters='sRGB'%3E%3CfeGaussianBlur stdDeviation='20'\/%3E%3CfeColorMatrix values='1 0 0 0 0 0 1 0 0 0 0 0 1 0 0 0 0 0 100 -1' result='s'\/%3E%3CfeFlood x='0' y='0' width='100%25' height='100%25'\/%3E%3CfeComposite operator='out' in='s'\/%3E%3CfeComposite in2='SourceGraphic'\/%3E%3CfeGaussianBlur stdDeviation='20'\/%3E%3C\/filter%3E%3Cimage width='100%25' height='100%25' x='0' y='0' preserveAspectRatio='none' style='filter: url(%23b);' href='https:\/\/pictures.laprovence.com\/cdn-cgi\/image\/blur=250\/media\/melody\/2026\/01\/06\/les-15-nouvelles-rames-fabriquees-par-le-groupe-caf-completeront-la-trentaine-deja-en-service-du-con-1767726205_5020dee14d5964420dee14d591820dv_.jpg'\/%3E%3C\/svg%3E&quot;)\"   src=\"https:\/\/www.europesays.com\/fr\/wp-content\/uploads\/2026\/01\/les-15-nouvelles-rames-fabriquees-par-le-groupe-caf-completeront-la-trentaine-deja-en-service-du-con.jpeg\"\/>Les 15 nouvelles rames fabriqu\u00e9es par le groupe CAF compl\u00e8teront la trentaine d\u00e9j\u00e0 en service du constructeur Bombardier. \/ PHOTO NICOLAS VALLAURI<\/p>\n<p>\u00c0 chacune des six stations de la partie Sud, des films plastiques masquent encore les \u00e9crans lumineux d\u2019information. Au terminus de la Gaye, deux panneaux blancs orn\u00e9s d\u2019un point rouge marquent le point final de la <a href=\"https:\/\/www.laprovence.com\/article\/politique\/97448492395698\/tramway-a-marseille-l-extension-du-t3-de-geze-a-la-gaye-sera-bien-en-service-debut-2026-confirme-martine-vassal\" target=\"_blank\" rel=\"noopener\">ligne T3<\/a>. Depuis Dromel, le trajet &#8211;\u00a0sans arr\u00eat\u00a0&#8211; a dur\u00e9 une dizaine de minutes. Entre Capitaine-G\u00e8ze et la Gay&#8230;<\/p>\n","protected":false},"excerpt":{"rendered":"Tout nouveau, tout beau\u00a0: c\u2019est une double nouveaut\u00e9 que les Marseillais vont pouvoir d\u00e9couvrir ce mercredi 7\u00a0janvier. D\u2019abord,&hellip;\n","protected":false},"author":2,"featured_media":646144,"comment_status":"","ping_status":"","sticky":false,"template":"","format":"standard","meta":{"footnotes":""},"categories":[2814],"tags":[5734,1111,11,10903,1777,674,1011,27,3052,884,12,2043,12884,316,882,25,4104,4109,133],"class_list":{"0":"post-646143","1":"post","2":"type-post","3":"status-publish","4":"format-standard","5":"has-post-thumbnail","7":"category-marseille","8":"tag-5734","9":"tag-actu","10":"tag-actualites","11":"tag-avant-premiere","12":"tag-eu","13":"tag-europe","14":"tag-fr","15":"tag-france","16":"tag-ligne","17":"tag-marseille","18":"tag-news","19":"tag-nouvelle","20":"tag-ouverte","21":"tag-politique","22":"tag-provence-alpes-cote-dazur","23":"tag-republique-francaise","24":"tag-teste","25":"tag-tramway","26":"tag-video"},"share_on_mastodon":{"url":"https:\/\/pubeurope.com\/@fr\/115851539572067569","error":""},"_links":{"self":[{"href":"https:\/\/www.europesays.com\/fr\/wp-json\/wp\/v2\/posts\/646143","targetHints":{"allow":["GET"]}}],"collection":[{"href":"https:\/\/www.europesays.com\/fr\/wp-json\/wp\/v2\/posts"}],"about":[{"href":"https:\/\/www.europesays.com\/fr\/wp-json\/wp\/v2\/types\/post"}],"author":[{"embeddable":true,"href":"https:\/\/www.europesays.com\/fr\/wp-json\/wp\/v2\/users\/2"}],"replies":[{"embeddable":true,"href":"https:\/\/www.europesays.com\/fr\/wp-json\/wp\/v2\/comments?post=646143"}],"version-history":[{"count":0,"href":"https:\/\/www.europesays.com\/fr\/wp-json\/wp\/v2\/posts\/646143\/revisions"}],"wp:featuredmedia":[{"embeddable":true,"href":"https:\/\/www.europesays.com\/fr\/wp-json\/wp\/v2\/media\/646144"}],"wp:attachment":[{"href":"https:\/\/www.europesays.com\/fr\/wp-json\/wp\/v2\/media?parent=646143"}],"wp:term":[{"taxonomy":"category","embeddable":true,"href":"https:\/\/www.europesays.com\/fr\/wp-json\/wp\/v2\/categories?post=646143"},{"taxonomy":"post_tag","embeddable":true,"href":"https:\/\/www.europesays.com\/fr\/wp-json\/wp\/v2\/tags?post=646143"}],"curies":[{"name":"wp","href":"https:\/\/api.w.org\/{rel}","templated":true}]}}