{"id":646153,"date":"2026-01-07T02:54:16","date_gmt":"2026-01-07T02:54:16","guid":{"rendered":"https:\/\/www.europesays.com\/fr\/646153\/"},"modified":"2026-01-07T02:54:16","modified_gmt":"2026-01-07T02:54:16","slug":"neige-en-ile-de-france-metro-rer-transilien-routes-et-aeroports-quelles-perturbations-dans-les-transports-mercredi","status":"publish","type":"post","link":"https:\/\/www.europesays.com\/fr\/646153\/","title":{"rendered":"Neige en \u00cele-de-France\u00a0: m\u00e9tro, RER, Transilien, routes et a\u00e9roports\u2026 Quelles perturbations dans les transports mercredi\u00a0?"},"content":{"rendered":"<p class=\"paragraph text_align_left lp-f-body-02\">Ce mardi, une bonne part de la France est encore blanche de la neige tomb\u00e9e la veille. <a href=\"https:\/\/www.leparisien.fr\/meteo\/meteo-ou-va-t-il-le-plus-neiger-ce-mercredi-alors-que-38-departements-seront-en-vigilance-orange-06-01-2026-VWINJYJDJZBLBMN3HMDNW3MBDI.php\" target=\"_self\" rel=\"noopener\">De nouvelles et abondantes chutes<\/a> sont \u00e0 pr\u00e9voir durant la nuit ainsi que mercredi, \u00e0 en croire M\u00e9t\u00e9o-France, qui a plac\u00e9 38 d\u00e9partements en vigilance orange neige-verglas, dont ceux d\u2019\u00cele-de-France.<\/p>\n<p class=\"\">Plus important qu\u2019anticip\u00e9, l\u2019\u00e9pisode neigeux de lundi a entra\u00een\u00e9 d\u2019importantes perturbations dans les transports en commun franciliens. Mercredi, ils devraient de nouveau les frais des conditions m\u00e9t\u00e9orologiques. \u00ab En fonction du maintien de la neige cette nuit, des impacts s\u00e9rieux seraient \u00e0 pr\u00e9voir, majoritairement sur les transports utilisant le r\u00e9seau routier \u00bb, confirme \u00cele-de-France Mobilit\u00e9s dans un communiqu\u00e9. Les RER et m\u00e9tros devraient \u00eatre moins impact\u00e9s, mais les usagers doivent tout de m\u00eame s\u2019attendre \u00e0 des perturbations impossibles \u00e0 anticiper pour l\u2019heure. C\u2019est donc surtout si vous prenez le bus qu\u2019il faudra s\u2019attendre \u00e0 des difficult\u00e9s.<\/p>\n<p class=\"\">\u00ab Le fonctionnement des 1 900 lignes de bus et car franciliens s\u2019annonce fortement perturb\u00e9, voire \u00e0 l\u2019arr\u00eat, et sera d\u00e9cid\u00e9 en fonction des conditions r\u00e9elles de circulation et pour assurer la s\u00e9curit\u00e9 des conducteurs et des voyageurs \u00bb, souligne IDFM, pr\u00e9cisant que le r\u00e9seau \u00ab fonctionne \u00e0 plus de 85 % \u00bb ce mardi apr\u00e8s-midi.<\/p>\n<p class=\"\">Dans les d\u00e9partements de grande couronne, en revanche, il est d\u2019ores et d\u00e9j\u00e0 certain que le transport scolaire ne sera pas assur\u00e9 en raison d\u2019arr\u00eat\u00e9s pr\u00e9fectoraux. Idem dans le Val-de-Marne.<\/p>\n<p class=\"title-embed-dailymotion lp-color-text lp-f-subtitle-04\">Vid\u00e9oNeige : l\u2019\u00e9v\u00e9nement \u00ab un peu sous-\u00e9valu\u00e9 \u00bb par M\u00e9t\u00e9o France<\/p>\n<p>Les Franciliens invit\u00e9s \u00e0 reporter leurs trajets<\/p>\n<p class=\"\">Sur les routes, les chutes de neige devraient sans surprise ralentir le trafic sur le r\u00e9seau francilien. Lundi, <a href=\"https:\/\/www.leparisien.fr\/meteo\/neige-en-ile-de-france-plus-de-800-km-de-bouchons-sur-les-routes-le-precedent-record-largement-battu-05-01-2026-4ZSFHGQTL5GJNFOM7KICQVG254.php\" target=\"_self\" rel=\"noopener\">les embouteillages ont atteint un niveau record<\/a>, exc\u00e9dant les 1 000 km de bouchons en fin d\u2019apr\u00e8s-midi. Plusieurs accidents mortels ont \u00e9t\u00e9 r\u00e9pertori\u00e9s, causant <a href=\"https:\/\/www.leparisien.fr\/faits-divers\/neige-et-verglas-au-moins-cinq-morts-dans-des-accidents-de-la-route-06-01-2026-MV6EBRPNIBC73ADM4CIY2SP3LM.php\" target=\"_self\" rel=\"noopener\">au moins cinq morts<\/a>, dont un chauffeur de VTC, <a href=\"https:\/\/www.leparisien.fr\/val-de-marne-94\/le-perreux-sur-marne-94170\/neige-et-verglas-une-voiture-plonge-dans-la-marne-le-conducteur-decede-06-01-2026-NKWRUK3BTJH7NGQR3NHAP7PJBM.php\" target=\"_self\" rel=\"noopener\">tomb\u00e9 dans la Marne avec son v\u00e9hicule<\/a>.<\/p>\n<p class=\"\">Dans l\u2019espoir de fluidifier les routes et de r\u00e9duire les risques, Philippe Tabarot, le ministre des Transports, a \u00ab fortement conseill\u00e9 \u00bb ce mardi \u00e0 chacun de reporter tout d\u00e9placement pour la journ\u00e9e de mercredi et \u00e0 \u00ab privil\u00e9gier le t\u00e9l\u00e9travail, pour ceux qui le peuvent \u00bb.<\/p>\n<p class=\"\">Par mesure de s\u00e9curit\u00e9, la vitesse de circulation sera abaiss\u00e9e \u00e0 70 km\/h pour les v\u00e9hicules l\u00e9gers, autoris\u00e9s \u00e0 circuler en r\u00e9gion parisienne, a-t-il pr\u00e9cis\u00e9 lors d\u2019un point presse ce mardi. Le ministre des Transports pr\u00e9cise que la RN118 ne sera probablement pas ferm\u00e9e \u00e0 la circulation. Il pourrait cependant y avoir \u00ab des all\u00e9gements \u00bb, autrement dit des fermetures ponctuelles de sorties.<\/p>\n<p class=\"\">Les poids lourds, en revanche, seront interdits de circuler mercredi en \u00cele-de-France. Des restrictions pourraient \u00e9galement \u00eatre prises \u00ab dans la zone ouest \u00bb, a indiqu\u00e9 Philippe Tabarot.<\/p>\n<p>Des suppressions de vols \u00e0 pr\u00e9voir<\/p>\n<p class=\"\">Le manteau neigeux qui s\u2019appr\u00eate \u00e0 tomber sur la r\u00e9gion freine enfin l\u2019activit\u00e9 des a\u00e9roports parisiens. Une partie des vols pr\u00e9vus dans la matin\u00e9e seront ainsi supprim\u00e9s. Des annulations, rendues n\u00e9cessaires par les op\u00e9rations de d\u00e9neigement des pistes et de d\u00e9givrage des avions.<\/p>\n<p class=\"\">Selon Philippe Tabarot, elles concerneront environ 40 % des mouvements pr\u00e9vus entre 9 heures et 14 heures \u00e0 Paris-Charles-de-Gaulle, le premier a\u00e9roport fran\u00e7ais, et 25 % entre 6 heures et 13 heures \u00e0 Orly, le deuxi\u00e8me.<\/p>\n","protected":false},"excerpt":{"rendered":"Ce mardi, une bonne part de la France est encore blanche de la neige tomb\u00e9e la veille. De&hellip;\n","protected":false},"author":2,"featured_media":646154,"comment_status":"","ping_status":"","sticky":false,"template":"","format":"standard","meta":{"footnotes":""},"categories":[1888],"tags":[1111,1928,11,1927,1777,674,1011,27,1944,2487,12,1926,626,1925,25,2382],"class_list":{"0":"post-646153","1":"post","2":"type-post","3":"status-publish","4":"format-standard","5":"has-post-thumbnail","7":"category-paris","8":"tag-actu","9":"tag-actu-paris","10":"tag-actualites","11":"tag-actualites-paris","12":"tag-eu","13":"tag-europe","14":"tag-fr","15":"tag-france","16":"tag-ma-ville","17":"tag-meteo","18":"tag-news","19":"tag-news-paris","20":"tag-paris","21":"tag-paris-news","22":"tag-republique-francaise","23":"tag-transport-idf-oise"},"share_on_mastodon":{"url":"https:\/\/pubeurope.com\/@fr\/115851563045476909","error":""},"_links":{"self":[{"href":"https:\/\/www.europesays.com\/fr\/wp-json\/wp\/v2\/posts\/646153","targetHints":{"allow":["GET"]}}],"collection":[{"href":"https:\/\/www.europesays.com\/fr\/wp-json\/wp\/v2\/posts"}],"about":[{"href":"https:\/\/www.europesays.com\/fr\/wp-json\/wp\/v2\/types\/post"}],"author":[{"embeddable":true,"href":"https:\/\/www.europesays.com\/fr\/wp-json\/wp\/v2\/users\/2"}],"replies":[{"embeddable":true,"href":"https:\/\/www.europesays.com\/fr\/wp-json\/wp\/v2\/comments?post=646153"}],"version-history":[{"count":0,"href":"https:\/\/www.europesays.com\/fr\/wp-json\/wp\/v2\/posts\/646153\/revisions"}],"wp:featuredmedia":[{"embeddable":true,"href":"https:\/\/www.europesays.com\/fr\/wp-json\/wp\/v2\/media\/646154"}],"wp:attachment":[{"href":"https:\/\/www.europesays.com\/fr\/wp-json\/wp\/v2\/media?parent=646153"}],"wp:term":[{"taxonomy":"category","embeddable":true,"href":"https:\/\/www.europesays.com\/fr\/wp-json\/wp\/v2\/categories?post=646153"},{"taxonomy":"post_tag","embeddable":true,"href":"https:\/\/www.europesays.com\/fr\/wp-json\/wp\/v2\/tags?post=646153"}],"curies":[{"name":"wp","href":"https:\/\/api.w.org\/{rel}","templated":true}]}}