{"id":64616,"date":"2025-04-30T14:54:09","date_gmt":"2025-04-30T14:54:09","guid":{"rendered":"https:\/\/www.europesays.com\/fr\/64616\/"},"modified":"2025-04-30T14:54:09","modified_gmt":"2025-04-30T14:54:09","slug":"nancy-le-quai-claude-le-lorrain-et-la-rue-de-verdun-mis-en-sens-unique","status":"publish","type":"post","link":"https:\/\/www.europesays.com\/fr\/64616\/","title":{"rendered":"Nancy. Le quai Claude-le-Lorrain et la rue de Verdun mis en sens unique"},"content":{"rendered":"<p>Apr\u00e8s le quai Claude-le-Lorrain mis \u00e0 sens unique entre la rue de Boudonville et la rue de Verdun le 22\u00a0avril dernier (sauf pour les cyclistes), la rue de Verdun vient \u00e0 son tour d\u2019\u00eatre mise \u00e0 sens unique.<\/p>\n<p>Cette mesure marque le d\u00e9marrage des travaux visant \u00e0 refaire la voirie et \u00e0 <a href=\"https:\/\/www.estrepublicain.fr\/transport\/2025\/02\/01\/travaux-d-amenagements-rue-de-verdun-voici-la-solution-retenue\" target=\"_blank\" rel=\"nofollow noopener\">r\u00e9am\u00e9nager la rue<\/a> , avec la cr\u00e9ation de deux pistes cyclables s\u00e9curis\u00e9es ainsi que la <a href=\"https:\/\/www.estrepublicain.fr\/transport\/2025\/02\/05\/transformation-de-la-rue-de-verdun-grogne-et-inquietudes-exprimees-par-les-riverains\" target=\"_blank\" rel=\"nofollow noopener\">mise \u00e0 sens unique<\/a> pour les voitures (en direction du boulevard Albert-Ier, sur la portion comprise entre la rue Albert-Ier et la rue Isabey).<\/p>\n<p>  Les travaux sont pr\u00e9vus en quatre phases<\/p>\n<p><strong>Jusqu\u2019au 8\u00a0juin<\/strong>, la circulation dans la rue de Verdun sera maintenue sur une file \u00e0 sens unique en direction du boulevard Albert-Ier.<\/p>\n<p><strong>Du 9\u00a0juin au 6\u00a0juillet<\/strong>, en plus de la circulation sur une file rue de Verdun, la rue Jacquinot et une partie de la rue Isabey seront ferm\u00e9es \u00e0 la circulation.<\/p>\n<p><strong>Du 7\u00a0juillet au 3\u00a0ao\u00fbt<\/strong>, la rue de Verdun sera ferm\u00e9e entre le boulevard Albert-Ier et la rue Isabey (une d\u00e9viation sera mise en place par les rues de Metz et Auxonne).<\/p>\n<p><strong>Du 4\u00a0ao\u00fbt au 24\u00a0ao\u00fbt<\/strong>, fermeture totale de la rue de Verdun et mise en impasse des rues Jacquinet et Isabey.<\/p>\n<p><strong>\u00c0 l\u2019automne 2025<\/strong>, la rue de Verdun sera mise d\u00e9finitivement \u00e0 sens unique entre le boulevard Albert-Ier et la rue Isabey et restera \u00e0 double sens entre la rue Isabey et le quai Claude-le-Lorrain. Le chantier se terminera d\u00e9but 2026, avec la plantation des arbres.<\/p>\n","protected":false},"excerpt":{"rendered":"Apr\u00e8s le quai Claude-le-Lorrain mis \u00e0 sens unique entre la rue de Boudonville et la rue de Verdun&hellip;\n","protected":false},"author":2,"featured_media":64617,"comment_status":"","ping_status":"","sticky":false,"template":"","format":"standard","meta":{"footnotes":""},"categories":[9635],"tags":[1111,11,1704,1777,674,1011,27,775,1702,1703,12,25,104],"class_list":{"0":"post-64616","1":"post","2":"type-post","3":"status-publish","4":"format-standard","5":"has-post-thumbnail","7":"category-nancy","8":"tag-actu","9":"tag-actualites","10":"tag-edition-nancy-et-agglomeration","11":"tag-eu","12":"tag-europe","13":"tag-fr","14":"tag-france","15":"tag-grand-est","16":"tag-nancy","17":"tag-nancy-ville-54b","18":"tag-news","19":"tag-republique-francaise","20":"tag-societe"},"share_on_mastodon":{"url":"https:\/\/pubeurope.com\/@fr\/114427492057314028","error":""},"_links":{"self":[{"href":"https:\/\/www.europesays.com\/fr\/wp-json\/wp\/v2\/posts\/64616","targetHints":{"allow":["GET"]}}],"collection":[{"href":"https:\/\/www.europesays.com\/fr\/wp-json\/wp\/v2\/posts"}],"about":[{"href":"https:\/\/www.europesays.com\/fr\/wp-json\/wp\/v2\/types\/post"}],"author":[{"embeddable":true,"href":"https:\/\/www.europesays.com\/fr\/wp-json\/wp\/v2\/users\/2"}],"replies":[{"embeddable":true,"href":"https:\/\/www.europesays.com\/fr\/wp-json\/wp\/v2\/comments?post=64616"}],"version-history":[{"count":0,"href":"https:\/\/www.europesays.com\/fr\/wp-json\/wp\/v2\/posts\/64616\/revisions"}],"wp:featuredmedia":[{"embeddable":true,"href":"https:\/\/www.europesays.com\/fr\/wp-json\/wp\/v2\/media\/64617"}],"wp:attachment":[{"href":"https:\/\/www.europesays.com\/fr\/wp-json\/wp\/v2\/media?parent=64616"}],"wp:term":[{"taxonomy":"category","embeddable":true,"href":"https:\/\/www.europesays.com\/fr\/wp-json\/wp\/v2\/categories?post=64616"},{"taxonomy":"post_tag","embeddable":true,"href":"https:\/\/www.europesays.com\/fr\/wp-json\/wp\/v2\/tags?post=64616"}],"curies":[{"name":"wp","href":"https:\/\/api.w.org\/{rel}","templated":true}]}}