{"id":646165,"date":"2026-01-07T03:00:11","date_gmt":"2026-01-07T03:00:11","guid":{"rendered":"https:\/\/www.europesays.com\/fr\/646165\/"},"modified":"2026-01-07T03:00:11","modified_gmt":"2026-01-07T03:00:11","slug":"une-danse-de-maduro-a-t-elle-vexe-trump-et-provoque-la-chute-du-maitre-de-caracas","status":"publish","type":"post","link":"https:\/\/www.europesays.com\/fr\/646165\/","title":{"rendered":"Une danse de Maduro a-t-elle vex\u00e9 Trump et provoqu\u00e9 la chute du ma\u00eetre de Caracas\u00a0?"},"content":{"rendered":"<p>Si le p\u00e9trole et la lutte contre le narcotrafic sont mis en avant pour expliquer <a href=\"https:\/\/www.20minutes.fr\/monde\/etats-unis\/4194195-20260104-attaque-americaine-venezuela-preparatifs-trump-spectateur-emission-recit-raid-contre-maduro\" target=\"_blank\" class=\"c-link c-link--is-underlined\" rel=\"noopener\">la d\u00e9cision de Donald Trump de capturer Nicol\u00e1s Maduro<\/a>, l\u2019\u00e9l\u00e9ment d\u00e9clencheur pourrait lui \u00eatre \u00e0 chercher du c\u00f4t\u00e9 d\u2019un pas de danse. L\u2019ancien ma\u00eetre de Caracas pourrait en effet avoir vex\u00e9 le locataire de la Maison-Blanche.<\/p>\n<p>Donald Trump a reproch\u00e9 mardi au pr\u00e9sident v\u00e9n\u00e9zu\u00e9lien d\u00e9chu \u2013 <a href=\"https:\/\/www.20minutes.fr\/monde\/etats-unis\/4194504-20260106-attaque-americaine-venezuela-prisonnier-guerre-innocent-maduro-combatif-devant-juge\" target=\"_blank\" class=\"c-link c-link--is-underlined\" rel=\"noopener\">d\u00e9sormais incarc\u00e9r\u00e9 \u00e0 New York<\/a> \u2013 d\u2019avoir imit\u00e9 ses d\u00e9sormais c\u00e9l\u00e8bres gestes de danse, dans un discours particuli\u00e8rement h\u00e9t\u00e9roclite devant des \u00e9lus conservateurs. \u00ab\u00a0C\u2019est un homme violent. Il se montre et il essaie un peu d\u2019imiter ma danse\u00a0\u00bb, a d\u00e9clar\u00e9 le pr\u00e9sident am\u00e9ricain.<\/p>\n<p>Un discours de Trump remix\u00e9 avec de l\u2019\u00e9lectro<\/p>\n<p>Selon le New York Times, la Maison-Blanche a \u00e9t\u00e9 particuli\u00e8rement agac\u00e9e par certaines des derni\u00e8res apparitions publiques de Nicol\u00e1s Maduro avant sa capture, pendant lesquelles le pr\u00e9sident v\u00e9n\u00e9zu\u00e9lien dansait pour d\u00e9fier les menaces am\u00e9ricaines au son d\u2019extraits de l\u2019un de ses discours, remix\u00e9s avec de la musique \u00e9lectronique. Ces sc\u00e8nes auraient jou\u00e9 un r\u00f4le dans la d\u00e9cision de l\u2019administration Trump de d\u00e9clencher l\u2019op\u00e9ration militaire au Venezuela, avance le journal.<\/p>\n<p>Donald Trump a conclu tous ses meetings de campagne en gesticulant au son du tube YMCA des Village People, et il a gard\u00e9 cette habitude depuis son retour au pouvoir. Il l\u2019a d\u2019ailleurs fait mardi \u00e0 la fin de son discours devant les r\u00e9publicains de la Chambre des repr\u00e9sentants.<\/p>\n<p>Macron moqu\u00e9<\/p>\n<p>Visiblement d\u2019excellente humeur, le pr\u00e9sident am\u00e9ricain a aussi confi\u00e9 que son \u00e9pouse Melania n\u2019appr\u00e9ciait gu\u00e8re ces prestations. \u00ab\u00a0Elle d\u00e9teste quand je danse\u00a0\u00bb, a-t-il affirm\u00e9. Imitant <a href=\"https:\/\/www.20minutes.fr\/tempo\/style\/4174034-20250919-quoi-lubie-melania-trump-chapeaux-xxl\" target=\"_blank\" class=\"c-link c-link--is-underlined\" rel=\"noopener\">Melania Trump<\/a>, il a assur\u00e9 qu\u2019elle lui aurait lanc\u00e9\u00a0: \u00ab\u00a0Ch\u00e9ri, ce n\u2019est pas digne d\u2019un pr\u00e9sident\u00a0\u00bb ou encore \u00ab\u00a0Tu imagines FDR (l\u2019ancien pr\u00e9sident Franklin Delano Roosevelt) en train de danser\u00a0?\u00a0\u00bb.<\/p>\n<p><a href=\"https:\/\/www.20minutes.fr\/monde\/etats-unis\/\" target=\"_blank\" class=\"c-link c-btn c-btn--primary\" rel=\"noopener\">Notre dossier sur les Etats-Unis<\/a><\/p>\n<p>Sautant d\u2019un sujet \u00e0 l\u2019autre pendant son allocution, le pr\u00e9sident am\u00e9ricain s\u2019est livr\u00e9 \u00e0 d\u2019autres imitations, se moquant en particulier d\u2019un halt\u00e9rophile transgenre et aussi d\u2019Emmanuel Macron.<\/p>\n<p>Le discours avait pour objectif de mobiliser les parlementaires r\u00e9publicains avant les \u00e9lections de mi-mandat de l\u2019automne prochain, \u00e0 l\u2019heure o\u00f9 la cote de confiance de Donald Trump ne cesse de s\u2019\u00e9roder.<\/p>\n","protected":false},"excerpt":{"rendered":"Si le p\u00e9trole et la lutte contre le narcotrafic sont mis en avant pour expliquer la d\u00e9cision de&hellip;\n","protected":false},"author":2,"featured_media":646166,"comment_status":"","ping_status":"","sticky":false,"template":"","format":"standard","meta":{"footnotes":""},"categories":[1589],"tags":[47,11,5972,75,1073,73,1866,74,12,338,844,887,1864,1865,1863,308,337,133],"class_list":{"0":"post-646165","1":"post","2":"type-post","3":"status-publish","4":"format-standard","5":"has-post-thumbnail","7":"category-etats-unis","8":"tag-actualite","9":"tag-actualites","10":"tag-danse","11":"tag-donald-trump","12":"tag-emmanuel-macron","13":"tag-etats-unis","14":"tag-etats-unis-damerique","15":"tag-monde","16":"tag-news","17":"tag-nicolas-maduro","18":"tag-petrole","19":"tag-trafic-de-drogue","20":"tag-united-states","21":"tag-united-states-of-america","22":"tag-us","23":"tag-usa","24":"tag-venezuela","25":"tag-video"},"share_on_mastodon":{"url":"https:\/\/pubeurope.com\/@fr\/115851586658240705","error":""},"_links":{"self":[{"href":"https:\/\/www.europesays.com\/fr\/wp-json\/wp\/v2\/posts\/646165","targetHints":{"allow":["GET"]}}],"collection":[{"href":"https:\/\/www.europesays.com\/fr\/wp-json\/wp\/v2\/posts"}],"about":[{"href":"https:\/\/www.europesays.com\/fr\/wp-json\/wp\/v2\/types\/post"}],"author":[{"embeddable":true,"href":"https:\/\/www.europesays.com\/fr\/wp-json\/wp\/v2\/users\/2"}],"replies":[{"embeddable":true,"href":"https:\/\/www.europesays.com\/fr\/wp-json\/wp\/v2\/comments?post=646165"}],"version-history":[{"count":0,"href":"https:\/\/www.europesays.com\/fr\/wp-json\/wp\/v2\/posts\/646165\/revisions"}],"wp:featuredmedia":[{"embeddable":true,"href":"https:\/\/www.europesays.com\/fr\/wp-json\/wp\/v2\/media\/646166"}],"wp:attachment":[{"href":"https:\/\/www.europesays.com\/fr\/wp-json\/wp\/v2\/media?parent=646165"}],"wp:term":[{"taxonomy":"category","embeddable":true,"href":"https:\/\/www.europesays.com\/fr\/wp-json\/wp\/v2\/categories?post=646165"},{"taxonomy":"post_tag","embeddable":true,"href":"https:\/\/www.europesays.com\/fr\/wp-json\/wp\/v2\/tags?post=646165"}],"curies":[{"name":"wp","href":"https:\/\/api.w.org\/{rel}","templated":true}]}}