{"id":646169,"date":"2026-01-07T03:02:16","date_gmt":"2026-01-07T03:02:16","guid":{"rendered":"https:\/\/www.europesays.com\/fr\/646169\/"},"modified":"2026-01-07T03:02:16","modified_gmt":"2026-01-07T03:02:16","slug":"wael-mohya-la-pepite-de-gladbach-au-centre-du-duel-allemagne-maroc","status":"publish","type":"post","link":"https:\/\/www.europesays.com\/fr\/646169\/","title":{"rendered":"Wael Mohya, la p\u00e9pite de Gladbach au centre du duel Allemagne\u2013Maroc"},"content":{"rendered":"<p>\u00c0 17 ans (n\u00e9 le 31 d\u00e9cembre 2008), Wael Mohya s\u2019impose d\u00e9j\u00e0 comme l\u2019un des profils les plus suivis du Borussia M\u00f6nchengladbach. Milieu offensif de formation, capable d\u2019\u00e9voluer aussi sur les c\u00f4t\u00e9s, le joueur (1,79 m, ambidextre) poss\u00e8de la double nationalit\u00e9 allemande et marocaine, un d\u00e9tail qui place naturellement son avenir international sous les projecteurs des deux f\u00e9d\u00e9rations.\u00a0<\/p>\n<p>Son ascension s\u2019est acc\u00e9l\u00e9r\u00e9e \u00e0 l\u2019automne 2025, lorsque Gladbach lui a offert ses premi\u00e8res minutes en match officiel en Coupe d\u2019Allemagne face \u00e0 Karlsruher SC. Entr\u00e9 en fin de rencontre, Mohya est devenu, \u00e0 16 ans, 9 mois et 27 jours, le plus jeune joueur \u00e0 disputer un match officiel dans l\u2019histoire du club, effa\u00e7ant l\u2019ancien record d\u00e9tenu par Karlheinz Pflipsen. L\u2019anecdote a m\u00eame eu un arri\u00e8re-plan r\u00e9glementaire, l\u2019encadrement devant composer avec les contraintes li\u00e9es \u00e0 son \u00e2ge.\u00a0<\/p>\n<p>Quelques semaines plus tard, le jeune meneur de jeu a encore franchi un palier avec ses d\u00e9buts en Bundesliga contre Wolfsburg, le 13 d\u00e9cembre 2025. Lanc\u00e9 en cours de match, il est devenu le plus jeune joueur de Gladbach \u00e0 appara\u00eetre en championnat (16 ans et 347 jours), d\u00e9passant Marko Marin dans les livres d\u2019histoire du club. Une confirmation de la trajectoire \u00e9clair d\u2019un joueur d\u00e9j\u00e0 identifi\u00e9, en interne, comme un \u00e9l\u00e9ment \u00e0 fort potentiel.\u00a0<\/p>\n<p>Reste d\u00e9sormais la question de la s\u00e9lection. Mohya est international de jeunes avec l\u2019Allemagne et figure dans le giron de la Mannschaft U18, ce qui indique une orientation claire \u00e0 court terme.\u00a0 Mais son \u00e9ligibilit\u00e9 pour le Maroc maintient le dossier ouvert: tant qu\u2019il n\u2019a pas verrouill\u00e9 son avenir au niveau A, le choix final demeure possible et sera d\u2019autant plus scrut\u00e9 que le Royaume a, ces derni\u00e8res ann\u00e9es, renforc\u00e9 sa capacit\u00e9 \u00e0 attirer et int\u00e9grer des binationaux \u00e0 fort rendement.<\/p>\n","protected":false},"excerpt":{"rendered":"\u00c0 17 ans (n\u00e9 le 31 d\u00e9cembre 2008), Wael Mohya s\u2019impose d\u00e9j\u00e0 comme l\u2019un des profils les plus&hellip;\n","protected":false},"author":2,"featured_media":646170,"comment_status":"","ping_status":"","sticky":false,"template":"","format":"standard","meta":{"footnotes":""},"categories":[1587],"tags":[11,672,1804,1805,1803,1777,674,1801,12,1802],"class_list":{"0":"post-646169","1":"post","2":"type-post","3":"status-publish","4":"format-standard","5":"has-post-thumbnail","7":"category-allemagne","8":"tag-actualites","9":"tag-allemagne","10":"tag-bundesrepublik-deutschland","11":"tag-de","12":"tag-deutschland","13":"tag-eu","14":"tag-europe","15":"tag-germany","16":"tag-news","17":"tag-republique-federale-dallemagne"},"share_on_mastodon":{"url":"https:\/\/pubeurope.com\/@fr\/115851594617488197","error":""},"_links":{"self":[{"href":"https:\/\/www.europesays.com\/fr\/wp-json\/wp\/v2\/posts\/646169","targetHints":{"allow":["GET"]}}],"collection":[{"href":"https:\/\/www.europesays.com\/fr\/wp-json\/wp\/v2\/posts"}],"about":[{"href":"https:\/\/www.europesays.com\/fr\/wp-json\/wp\/v2\/types\/post"}],"author":[{"embeddable":true,"href":"https:\/\/www.europesays.com\/fr\/wp-json\/wp\/v2\/users\/2"}],"replies":[{"embeddable":true,"href":"https:\/\/www.europesays.com\/fr\/wp-json\/wp\/v2\/comments?post=646169"}],"version-history":[{"count":0,"href":"https:\/\/www.europesays.com\/fr\/wp-json\/wp\/v2\/posts\/646169\/revisions"}],"wp:featuredmedia":[{"embeddable":true,"href":"https:\/\/www.europesays.com\/fr\/wp-json\/wp\/v2\/media\/646170"}],"wp:attachment":[{"href":"https:\/\/www.europesays.com\/fr\/wp-json\/wp\/v2\/media?parent=646169"}],"wp:term":[{"taxonomy":"category","embeddable":true,"href":"https:\/\/www.europesays.com\/fr\/wp-json\/wp\/v2\/categories?post=646169"},{"taxonomy":"post_tag","embeddable":true,"href":"https:\/\/www.europesays.com\/fr\/wp-json\/wp\/v2\/tags?post=646169"}],"curies":[{"name":"wp","href":"https:\/\/api.w.org\/{rel}","templated":true}]}}