{"id":646179,"date":"2026-01-07T03:07:12","date_gmt":"2026-01-07T03:07:12","guid":{"rendered":"https:\/\/www.europesays.com\/fr\/646179\/"},"modified":"2026-01-07T03:07:12","modified_gmt":"2026-01-07T03:07:12","slug":"la-consommation-electrique-atteint-des-niveaux-exceptionnels-en-france","status":"publish","type":"post","link":"https:\/\/www.europesays.com\/fr\/646179\/","title":{"rendered":"La consommation \u00e9lectrique atteint des niveaux exceptionnels en France"},"content":{"rendered":"<p>Alors qu\u2019un nouvel \u00e9pisode de <a href=\"https:\/\/www.20minutes.fr\/dossier\/neige\" class=\"c-link c-link--is-underlined\" target=\"_blank\" rel=\"noopener\">neige<\/a> et de verglas s\u2019appr\u00eate \u00e0 de nouveau frapper une large partie de l\u2019Hexagone mercredi 7\u00a0janvier, la consommation d\u2019\u00e9lectricit\u00e9 en France a franchi ce mardi le seuil des 90 gigawatts\u00a0: un niveau in\u00e9dit depuis pr\u00e8s de sept ans.<\/p>\n<p>Selon des donn\u00e9es de <a href=\"https:\/\/www.20minutes.fr\/dossier\/rte\" class=\"c-link c-link--is-underlined\" target=\"_blank\" rel=\"noopener\">RTE<\/a> consult\u00e9es par l\u2019AFP, la demande \u00e9lectrique a d\u00e9pass\u00e9 les 90 GW, un seuil qui n\u2019avait plus \u00e9t\u00e9 atteint depuis le 28\u00a0f\u00e9vrier 2018, sans toutefois s\u2019approcher du record historique de 102 GW enregistr\u00e9 le 8\u00a0f\u00e9vrier 2012. L\u2019an dernier, le pic annuel avait culmin\u00e9 \u00e0 87 GW, le 14\u00a0janvier 2025.<\/p>\n<\/p>\n<p>Des centrales \u00e0 gaz \u00ab\u00a0\u00e0 plein r\u00e9gime\u00a0\u00bb<\/p>\n<p>M\u00e9t\u00e9o-France a plac\u00e9 38 d\u00e9partements en vigilance orange pour la neige et le verglas, avec des pluies vergla\u00e7antes attendues sur l\u2019Ouest et de fortes chutes de neige pr\u00e9vues en \u00cele-de-France et dans le Nord-Est, o\u00f9 plusieurs centim\u00e8tres pourraient s\u2019accumuler.<\/p>\n<p>C\u00f4t\u00e9 \u00e9nergie, GRDF a \u00e9galement signal\u00e9 une forte sollicitation du r\u00e9seau gazier, avec une puissance fournie de 125 GW mardi matin, un niveau qui n\u2019avait plus \u00e9t\u00e9 observ\u00e9 depuis trois ans. Les centrales \u00e0 gaz ont fonctionn\u00e9 \u00ab\u00a0\u00e0 plein r\u00e9gime\u00a0\u00bb, a pr\u00e9cis\u00e9 le gestionnaire.<\/p>\n<p>\u00c9viter tout d\u00e9placement mercredi en \u00cele-de-France<\/p>\n<p>Les conditions m\u00e9t\u00e9orologiques devraient entra\u00eener d\u2019importantes perturbations dans les transports. Le ministre des Transports Philippe Tabarot a \u00ab\u00a0fortement conseill\u00e9\u00a0\u00bb d\u2019\u00e9viter tout d\u00e9placement mercredi en \u00cele-de-France, \u00e9voquant des incertitudes sur le fonctionnement des bus. \u00ab\u00a0Les m\u00e9tros devraient fonctionner, les <a href=\"https:\/\/www.20minutes.fr\/societe\/rer\/\" class=\"c-link c-link--is-underlined\" target=\"_blank\" rel=\"noopener\">RER<\/a> devraient fonctionner, les trains devraient fonctionner, nous avons des r\u00e9serves sur les bus\u00a0\u00bb, a-t-il d\u00e9clar\u00e9, avant de souligner sur CNews que \u00ab\u00a0<a href=\"https:\/\/www.20minutes.fr\/dossier\/meteo_france\" class=\"c-link c-link--is-underlined\" target=\"_blank\" rel=\"noopener\">M\u00e9t\u00e9o-France<\/a> parle d\u2019un \u00e9v\u00e9nement qui peut \u00eatre encore sup\u00e9rieur \u00e0 celui de lundi en termes de neige [\u2026] qui viendra sur un sol qui est d\u00e9j\u00e0 gel\u00e9\u00a0\u00bb.<\/p>\n<p><a href=\"https:\/\/www.20minutes.fr\/dossier\/neige\" class=\"c-link c-btn c-btn--primary\" target=\"_blank\" rel=\"noopener\">Tous nos articles sur cet \u00e9pisode neigeux<\/a>Bus et car \u00ab\u00a0fortement perturb\u00e9s, voire \u00e0 l\u2019arr\u00eat\u00a0\u00bb<\/p>\n<p><a href=\"https:\/\/www.20minutes.fr\/dossier\/ile-de-france\" class=\"c-link c-link--is-underlined\" target=\"_blank\" rel=\"noopener\">Ile-de-France<\/a> Mobilit\u00e9s a averti que le r\u00e9seau de bus et de cars pourrait \u00eatre \u00ab\u00a0fortement perturb\u00e9, voire \u00e0 l\u2019arr\u00eat\u00a0\u00bb, tandis que les transports scolaires sont suspendus mercredi dans tous les d\u00e9partements de grande couronne francilienne, une mesure \u00e9galement adopt\u00e9e dans les <a href=\"https:\/\/www.20minutes.fr\/lille\/hauts-france\/\" class=\"c-link c-link--is-underlined\" target=\"_blank\" rel=\"noopener\">Hauts-de-France<\/a>.<\/p>\n<p>Le trafic a\u00e9rien sera lui aussi affect\u00e9, avec l\u2019annulation d\u2019environ 40\u00a0% des vols \u00e0 Paris-Charles-de-Gaulle entre 9\u00a0heures et 14\u00a0heures, et de 25\u00a0% \u00e0 Orly entre 6\u00a0heures et 13\u00a0heures Des difficult\u00e9s sont \u00e9galement attendues \u00e0 l\u2019a\u00e9roport de Nantes, d\u00e9j\u00e0 ferm\u00e9 toute la journ\u00e9e de mardi. Sur le rail, la <a href=\"https:\/\/www.20minutes.fr\/dossier\/sncf\" class=\"c-link c-link--is-underlined\" target=\"_blank\" rel=\"noopener\">SNCF<\/a> a annonc\u00e9 l\u2019interruption pr\u00e9ventive de certains axes \u00e9lectriques et une r\u00e9duction de vitesse sur les lignes \u00e0 grande vitesse.<\/p>\n","protected":false},"excerpt":{"rendered":"Alors qu\u2019un nouvel \u00e9pisode de neige et de verglas s\u2019appr\u00eate \u00e0 de nouveau frapper une large partie de&hellip;\n","protected":false},"author":2,"featured_media":646180,"comment_status":"","ping_status":"","sticky":false,"template":"","format":"standard","meta":{"footnotes":""},"categories":[4],"tags":[47,11,1011,27,3447,662,3059,2357,10584,12,25,104],"class_list":{"0":"post-646179","1":"post","2":"type-post","3":"status-publish","4":"format-standard","5":"has-post-thumbnail","7":"category-france","8":"tag-actualite","9":"tag-actualites","10":"tag-fr","11":"tag-france","12":"tag-froid","13":"tag-ile-de-france","14":"tag-intemperies","15":"tag-meteo-france","16":"tag-neige","17":"tag-news","18":"tag-republique-francaise","19":"tag-societe"},"share_on_mastodon":{"url":"https:\/\/pubeurope.com\/@fr\/115851614167266573","error":""},"_links":{"self":[{"href":"https:\/\/www.europesays.com\/fr\/wp-json\/wp\/v2\/posts\/646179","targetHints":{"allow":["GET"]}}],"collection":[{"href":"https:\/\/www.europesays.com\/fr\/wp-json\/wp\/v2\/posts"}],"about":[{"href":"https:\/\/www.europesays.com\/fr\/wp-json\/wp\/v2\/types\/post"}],"author":[{"embeddable":true,"href":"https:\/\/www.europesays.com\/fr\/wp-json\/wp\/v2\/users\/2"}],"replies":[{"embeddable":true,"href":"https:\/\/www.europesays.com\/fr\/wp-json\/wp\/v2\/comments?post=646179"}],"version-history":[{"count":0,"href":"https:\/\/www.europesays.com\/fr\/wp-json\/wp\/v2\/posts\/646179\/revisions"}],"wp:featuredmedia":[{"embeddable":true,"href":"https:\/\/www.europesays.com\/fr\/wp-json\/wp\/v2\/media\/646180"}],"wp:attachment":[{"href":"https:\/\/www.europesays.com\/fr\/wp-json\/wp\/v2\/media?parent=646179"}],"wp:term":[{"taxonomy":"category","embeddable":true,"href":"https:\/\/www.europesays.com\/fr\/wp-json\/wp\/v2\/categories?post=646179"},{"taxonomy":"post_tag","embeddable":true,"href":"https:\/\/www.europesays.com\/fr\/wp-json\/wp\/v2\/tags?post=646179"}],"curies":[{"name":"wp","href":"https:\/\/api.w.org\/{rel}","templated":true}]}}