{"id":646185,"date":"2026-01-07T03:15:15","date_gmt":"2026-01-07T03:15:15","guid":{"rendered":"https:\/\/www.europesays.com\/fr\/646185\/"},"modified":"2026-01-07T03:15:15","modified_gmt":"2026-01-07T03:15:15","slug":"cyclisme-alula-tour-parcours-et-profils-de-lalula-tour-2026-qui-succedera-a-pidcock","status":"publish","type":"post","link":"https:\/\/www.europesays.com\/fr\/646185\/","title":{"rendered":"Cyclisme. AlUla Tour &#8211; Parcours et profils de l\u2019AlUla Tour 2026 : qui succ\u00e9dera \u00e0 Pidcock ?"},"content":{"rendered":"<p>En 2026, l\u2019<strong><a href=\"https:\/\/www.cyclismactu.net\/..\/news-alula-tour-route-l-alula-tour-gagne-en-prestige-et-passe-en-proseries-en-2026-91116.html\" target=\"_blank\" rel=\"noopener\">AlUla Tour<\/a><\/strong> va gagner en prestige. L\u2019\u00e9preuve saoudienne est promue en <strong><a href=\"https:\/\/www.cyclismactu.net\/..\/\" target=\"_blank\" rel=\"noopener\">ProSeries<\/a><\/strong>, en cat\u00e9gorie 2.1, pour la premi\u00e8re fois de sa jeune histoire. Ce mardi 6 janvier 2026, le parcours de la sixi\u00e8me \u00e9dition a \u00e9t\u00e9 pr\u00e9sent\u00e9, avec au programme trois \u00e9tapes pour sprinteurs et deux \u00e9tapes pour les hommes forts du classement g\u00e9n\u00e9ral. De nombreux coureurs sont d\u2019ores et d\u00e9j\u00e0 annonc\u00e9s : qui succ\u00e9dera au Britannique <strong><a href=\"https:\/\/www.cyclismactu.net\/..\/news-route-pinarello-est-nouveau-co-sponsor-titre-de-equipe-q36-5-de-tom-pidcock-90947.html\" target=\"_blank\" rel=\"noopener\">Tom Pidcock<\/a><\/strong> (Q36.5 Pro Cycling Team), vainqueur l\u2019an pass\u00e9 ?<\/p>\n<p>Vid\u00e9o &#8211; Tom Pidcock, vainqueur de l&rsquo;\u00e9dition 2025 Lire la suite de l&rsquo;article&#13;<\/p>\n<p>\u00a0<\/p>\n<p>&#13;<br \/>\nLes principales t\u00eates d\u2019affiche&#13;<\/p>\n<p>Comme chaque ann\u00e9e, les sprinteurs auront \u00e9norm\u00e9ment d\u2019opportunit\u00e9s sur cette semaine saoudienne. L\u2019occasion de voir le premier duel de 2026 entre l\u2019ancien champion d\u2019Europe <strong>Tim Merlier<\/strong> (Soudal Quick-Step) et le maillot vert du dernier <strong>Tour de France<\/strong>, l\u2019Italien <strong>Jonathan Milan<\/strong> (Lidl-Trek).<\/p>\n<p>&#13;<\/p>\n<p>Du c\u00f4t\u00e9 du classement g\u00e9n\u00e9ral, le Slov\u00e8ne <strong>Jakob Omrzel<\/strong>, 19 ans, vainqueur du <strong>Giro NextGen<\/strong> et nouveau membre de l\u2019\u00e9quipe WorldTour <strong>Bahrain Victorious<\/strong>, sera de la partie. <strong>Jan Christen<\/strong> (21 ans) et <strong>Igor Arrieta<\/strong> (23 ans) seront pr\u00e9sents chez <strong>UAE Team Emirates-XRG<\/strong>. <strong>Nicolas Vinokourov<\/strong>, 23 ans et quatri\u00e8me du dernier <strong>Tour du Langkawi<\/strong>, portera les couleurs de <strong>XDS Astana<\/strong>. Enfin, <strong>Jaume Guardeno<\/strong>, 22 ans et 14e \u00e0 ses d\u00e9buts sur la derni\u00e8re <strong>Vuelta<\/strong>, s\u2019annonce comme le nouveau grand grimpeur espagnol au sein de <strong>Caja Rural-Seguros RGA<\/strong>.<\/p>\n<p>&#13;<\/p>\n<p>\u00a0<\/p>\n<p>&#13;<br \/>\nParcours et profils&#13;<\/p>\n<p>Mardi 27 janvier &#8211;<strong>\u00a0\u00c9tape 1<\/strong>\u00a0: AlUla Camel Cup Track-AlUla Camel Cup Track, 158km<\/p>\n<p>&#13;<\/p>\n<p><img decoding=\"async\" src=\"https:\/\/www.europesays.com\/fr\/wp-content\/uploads\/2026\/01\/G9_utomWoAAOBsZ.jpeg\" style=\"max-width:100%;max-height:100%;\" alt=\"image\" loading=\"lazy\"\/><\/p>\n<p>&#13;<\/p>\n<p>\u00a0<\/p>\n<p>&#13;<\/p>\n<p>Mercredi 28 janvier-<strong>\u00a0\u00c9tape 2\u00a0<\/strong>: AlManshiyah Train Station-AlManshiyah Train Station,\u00a0152km<\/p>\n<p>&#13;<\/p>\n<p><img decoding=\"async\" src=\"https:\/\/www.europesays.com\/fr\/wp-content\/uploads\/2026\/01\/G9_vGtCW4AEqsRF.jpeg\" style=\"max-width:100%;max-height:100%;\" alt=\"image\" loading=\"lazy\"\/><\/p>\n<p>&#13;<\/p>\n<p>\u00a0<\/p>\n<p>&#13;<\/p>\n<p>Jeudi 29 janvier &#8211;<strong>\u00a0\u00c9tape 3\u00a0<\/strong>:\u00a0Winter Park-Bir Jaydah Mountain Wirkah, 142,1km<\/p>\n<p>&#13;<\/p>\n<p><img decoding=\"async\" src=\"https:\/\/www.europesays.com\/fr\/wp-content\/uploads\/2026\/01\/G9_vhlRWsAIbJKR.jpeg\" style=\"max-width:100%;max-height:100%;\" alt=\"image\" loading=\"lazy\"\/><\/p>\n<p>&#13;<\/p>\n<p>\u00a0<\/p>\n<p>&#13;<\/p>\n<p>Vendredi 30 janvier &#8211;<strong>\u00a0\u00c9tape 4\u00a0<\/strong>:\u00a0Winter Park-Shalal Sijlyat Rocks, 184km<\/p>\n<p>&#13;<\/p>\n<p><img decoding=\"async\" src=\"https:\/\/www.europesays.com\/fr\/wp-content\/uploads\/2026\/01\/G9_vrzGWwAEIvsJ.jpeg\" style=\"max-width:100%;max-height:100%;\" alt=\"image\" loading=\"lazy\"\/><\/p>\n<p>&#13;<\/p>\n<p>\u00a0<\/p>\n<p>&#13;<\/p>\n<p>Samedi 31 janvier &#8211;<strong>\u00a0\u00c9tape 5\u00a0<\/strong>:\u00a0AlUla Old Town-Skyviews of Harrat Uwayrid, 163,9km<\/p>\n<p>&#13;<\/p>\n<p><img decoding=\"async\" src=\"https:\/\/www.europesays.com\/fr\/wp-content\/uploads\/2026\/01\/G9_wP6wXAAAlh_T.jpeg\" style=\"max-width:100%;max-height:100%;\" alt=\"image\" loading=\"lazy\"\/><\/p>\n","protected":false},"excerpt":{"rendered":"En 2026, l\u2019AlUla Tour va gagner en prestige. L\u2019\u00e9preuve saoudienne est promue en ProSeries, en cat\u00e9gorie 2.1, pour&hellip;\n","protected":false},"author":2,"featured_media":646186,"comment_status":"","ping_status":"","sticky":false,"template":"","format":"standard","meta":{"footnotes":""},"categories":[1411],"tags":[75187,1154,207,211,1011,27,209,60,210,212,208,213],"class_list":{"0":"post-646185","1":"post","2":"type-post","3":"status-publish","4":"format-standard","5":"has-post-thumbnail","7":"category-cyclisme","8":"tag-alula-tour","9":"tag-cycling","10":"tag-cyclisme","11":"tag-ffc","12":"tag-fr","13":"tag-france","14":"tag-route","15":"tag-sports","16":"tag-tour-de-france","17":"tag-uci","18":"tag-velo","19":"tag-world-tour"},"share_on_mastodon":{"url":"https:\/\/pubeurope.com\/@fr\/115851645869235764","error":""},"_links":{"self":[{"href":"https:\/\/www.europesays.com\/fr\/wp-json\/wp\/v2\/posts\/646185","targetHints":{"allow":["GET"]}}],"collection":[{"href":"https:\/\/www.europesays.com\/fr\/wp-json\/wp\/v2\/posts"}],"about":[{"href":"https:\/\/www.europesays.com\/fr\/wp-json\/wp\/v2\/types\/post"}],"author":[{"embeddable":true,"href":"https:\/\/www.europesays.com\/fr\/wp-json\/wp\/v2\/users\/2"}],"replies":[{"embeddable":true,"href":"https:\/\/www.europesays.com\/fr\/wp-json\/wp\/v2\/comments?post=646185"}],"version-history":[{"count":0,"href":"https:\/\/www.europesays.com\/fr\/wp-json\/wp\/v2\/posts\/646185\/revisions"}],"wp:featuredmedia":[{"embeddable":true,"href":"https:\/\/www.europesays.com\/fr\/wp-json\/wp\/v2\/media\/646186"}],"wp:attachment":[{"href":"https:\/\/www.europesays.com\/fr\/wp-json\/wp\/v2\/media?parent=646185"}],"wp:term":[{"taxonomy":"category","embeddable":true,"href":"https:\/\/www.europesays.com\/fr\/wp-json\/wp\/v2\/categories?post=646185"},{"taxonomy":"post_tag","embeddable":true,"href":"https:\/\/www.europesays.com\/fr\/wp-json\/wp\/v2\/tags?post=646185"}],"curies":[{"name":"wp","href":"https:\/\/api.w.org\/{rel}","templated":true}]}}