{"id":646193,"date":"2026-01-07T03:20:28","date_gmt":"2026-01-07T03:20:28","guid":{"rendered":"https:\/\/www.europesays.com\/fr\/646193\/"},"modified":"2026-01-07T03:20:28","modified_gmt":"2026-01-07T03:20:28","slug":"la-commission-continue-a-condition-que-son-rapporteur-charles-alloncle-la-mette-en-sourdine-liberation","status":"publish","type":"post","link":"https:\/\/www.europesays.com\/fr\/646193\/","title":{"rendered":"la commission continue, \u00e0 condition que son rapporteur Charles Alloncle la mette en sourdine \u2013 Lib\u00e9ration"},"content":{"rendered":"<p class=\"sc-cPiKLX AiZTS text-element\">C\u2019\u00e9tait une r\u00e9union cruciale, apr\u00e8s <a href=\"https:\/\/www.liberation.fr\/economie\/medias\/radio-france-et-france-televisions-au-crible-des-deputes-ce-nest-pas-une-commission-denquete-sur-mais-contre-laudiovisuel-public-20251125_JMLMLR3BENGZ3JHOLGK7R6SRLE\/\" target=\"_blank\" rel=\"noreferrer noopener\" title=\"https:\/\/www.liberation.fr\/economie\/medias\/radio-france-et-france-televisions-au-crible-des-deputes-ce-nest-pas-une-commission-denquete-sur-mais-contre-laudiovisuel-public-20251125_JMLMLR3BENGZ3JHOLGK7R6SRLE\/\">des auditions sous tension <\/a>et une interruption pendant deux semaines. La tr\u00e8s agit\u00e9e commission d\u2019enqu\u00eate \u00absur la neutralit\u00e9 le fonctionnement et le financement de l\u2019audiovisuel public\u00bb reprendra ses travaux \u00e0 compter du 19 janvier, a annonc\u00e9 son pr\u00e9sident, le d\u00e9put\u00e9 Horizons J\u00e9r\u00e9mie Patrier-Leitus, \u00e0 l\u2019issue d\u2019un bureau qu\u2019il avait convoqu\u00e9 ce mardi 6 janvier.<\/p>\n<p class=\"sc-cPiKLX AiZTS text-element\">Quatre r\u00e8gles devront dor\u00e9navant \u00eatre respect\u00e9es. \u00abLa communication en temps r\u00e9el sur les r\u00e9seaux sociaux pendant les auditions\u00bb est d\u00e9sormais proscrite. Le rapporteur, le pr\u00e9sident et les d\u00e9put\u00e9s membres doivent \u00e9galement s\u2019engager \u00e0 respecter une forme de \u00abdiscr\u00e9tion, de mod\u00e9ration et de sobri\u00e9t\u00e9 des expressions\u00bb, et \u00e0 ne pas \u00abd\u00e9former les propos des personnes auditionn\u00e9es\u00bb. Enfin, tout document \u00e9voqu\u00e9 par le rapporteur durant les discussions devra \u00eatre communiqu\u00e9 au bureau de la commission. \u00abLe rapporteur et les membres du bureau ont accept\u00e9 ces r\u00e8gles\u00bb, pr\u00e9cise le communiqu\u00e9 de J\u00e9r\u00e9m<\/p>\n","protected":false},"excerpt":{"rendered":"C\u2019\u00e9tait une r\u00e9union cruciale, apr\u00e8s des auditions sous tension et une interruption pendant deux semaines. La tr\u00e8s agit\u00e9e&hellip;\n","protected":false},"author":2,"featured_media":646194,"comment_status":"","ping_status":"","sticky":false,"template":"","format":"standard","meta":{"footnotes":""},"categories":[1356],"tags":[416,58,59,1011,27,2400,10316,36187,252,1364],"class_list":{"0":"post-646193","1":"post","2":"type-post","3":"status-publish","4":"format-standard","5":"has-post-thumbnail","7":"category-television","8":"tag-assemblee-nationale","9":"tag-divertissement","10":"tag-entertainment","11":"tag-fr","12":"tag-france","13":"tag-france-televisions","14":"tag-radio-france","15":"tag-services-publics","16":"tag-television","17":"tag-tv"},"share_on_mastodon":{"url":"https:\/\/pubeurope.com\/@fr\/115851665271803227","error":""},"_links":{"self":[{"href":"https:\/\/www.europesays.com\/fr\/wp-json\/wp\/v2\/posts\/646193","targetHints":{"allow":["GET"]}}],"collection":[{"href":"https:\/\/www.europesays.com\/fr\/wp-json\/wp\/v2\/posts"}],"about":[{"href":"https:\/\/www.europesays.com\/fr\/wp-json\/wp\/v2\/types\/post"}],"author":[{"embeddable":true,"href":"https:\/\/www.europesays.com\/fr\/wp-json\/wp\/v2\/users\/2"}],"replies":[{"embeddable":true,"href":"https:\/\/www.europesays.com\/fr\/wp-json\/wp\/v2\/comments?post=646193"}],"version-history":[{"count":0,"href":"https:\/\/www.europesays.com\/fr\/wp-json\/wp\/v2\/posts\/646193\/revisions"}],"wp:featuredmedia":[{"embeddable":true,"href":"https:\/\/www.europesays.com\/fr\/wp-json\/wp\/v2\/media\/646194"}],"wp:attachment":[{"href":"https:\/\/www.europesays.com\/fr\/wp-json\/wp\/v2\/media?parent=646193"}],"wp:term":[{"taxonomy":"category","embeddable":true,"href":"https:\/\/www.europesays.com\/fr\/wp-json\/wp\/v2\/categories?post=646193"},{"taxonomy":"post_tag","embeddable":true,"href":"https:\/\/www.europesays.com\/fr\/wp-json\/wp\/v2\/tags?post=646193"}],"curies":[{"name":"wp","href":"https:\/\/api.w.org\/{rel}","templated":true}]}}