{"id":646195,"date":"2026-01-07T03:21:11","date_gmt":"2026-01-07T03:21:11","guid":{"rendered":"https:\/\/www.europesays.com\/fr\/646195\/"},"modified":"2026-01-07T03:21:11","modified_gmt":"2026-01-07T03:21:11","slug":"actus-champagne-fm-la-sanef-demande-a-ses-usagers-de-ne-pas-prendre-la-route-ce-mercredi","status":"publish","type":"post","link":"https:\/\/www.europesays.com\/fr\/646195\/","title":{"rendered":"Actus &#8211; Champagne FM &#8211; La Sanef demande \u00e0 ses usagers de ne pas prendre la route ce mercredi"},"content":{"rendered":"\n<p>En raison de la perturbation neigeuse attendue, la situation s\u2019annonce compliqu\u00e9e, ce mercredi 7 janvier, sur les routes.<\/p>\n<p>Mais sur les autoroutes aussi.<\/p>\n<p>Des cumuls de neige importants sont possibles par endroit. <\/p>\n<p>Le vent qui accompagnera ces pr\u00e9cipitations fait redouter des formations de cong\u00e8res sur les secteurs les plus expos\u00e9s. <\/p>\n<p>Des pluies vergla\u00e7antes pourraient \u00e9galement se produire, apr\u00e8s le passage de la perturbation neigeuse.<\/p>\n<p>Dans ces conditions, le groupe Sanef conseille \u00e0 ses clients de ne pas prendre la route \u00e0 partir de la nuit prochaine et jusqu\u2019\u00e0 la lev\u00e9e de la vigilance, un \u00ab\u00a0conseil de prudence et de bon sens\u00a0\u00bb.<\/p>\n<p>Les conducteurs contraints de se d\u00e9placer sont invit\u00e9s \u00e0 v\u00e9rifier l\u2019\u00e9tat de leur v\u00e9hicule (pneus, chauffage, lave-glace\u2026) et \u00e0 emporter une couverture, de l\u2019eau et des victuailles. <\/p>\n<p>Ils doivent pr\u00e9parer leur trajet, en consultant les conditions de circulation sur le site sanef.com.<\/p>\n<p>!function(f,b,e,v,n,t,s)<br \/>\n{if(f.fbq)return;n=f.fbq=function(){n.callMethod?<br \/>\nn.callMethod.apply(n,arguments):n.queue.push(arguments)};<br \/>\nif(!f._fbq)f._fbq=n;n.push=n;n.loaded=!0;n.version=&rsquo;2.0&prime;;<br \/>\nn.queue=[];t=b.createElement(e);t.async=!0;<br \/>\nt.src=v;s=b.getElementsByTagName(e)[0];<br \/>\ns.parentNode.insertBefore(t,s)}(window, document,&rsquo;script&rsquo;,<br \/>\n&lsquo;https:\/\/connect.facebook.net\/en_US\/fbevents.js&rsquo;);<br \/>\nfbq(&lsquo;init&rsquo;, &lsquo;804989127308002&rsquo;);<br \/>\nfbq(&lsquo;track&rsquo;, &lsquo;PageView&rsquo;);<\/p>\n","protected":false},"excerpt":{"rendered":"En raison de la perturbation neigeuse attendue, la situation s\u2019annonce compliqu\u00e9e, ce mercredi 7 janvier, sur les routes.&hellip;\n","protected":false},"author":2,"featured_media":646196,"comment_status":"","ping_status":"","sticky":false,"template":"","format":"standard","meta":{"footnotes":""},"categories":[1355],"tags":[11,3723,65455,5591,52029,65464,65463,65459,58,59,65456,1011,27,876,38839,30237,37289,37290,1114,4537,23664,12650,1361,873,12,1825,4243,65457,65461,65462,65458,56304,1964,65460],"class_list":{"0":"post-646195","1":"post","2":"type-post","3":"status-publish","4":"format-standard","5":"has-post-thumbnail","7":"category-musique","8":"tag-actualites","9":"tag-actus","10":"tag-ardennes","11":"tag-aube","12":"tag-chalons","13":"tag-champagne-ardennes","14":"tag-champagne-fm","15":"tag-charleville-mezieres","16":"tag-divertissement","17":"tag-entertainment","18":"tag-epernay","19":"tag-fr","20":"tag-france","21":"tag-france-3","22":"tag-france-bleu","23":"tag-haute-marne","24":"tag-info-locale","25":"tag-info-regionale","26":"tag-infos","27":"tag-lunion","28":"tag-la-voix-du-nord","29":"tag-marne","30":"tag-music","31":"tag-musique","32":"tag-news","33":"tag-radio","34":"tag-reims","35":"tag-rethel","36":"tag-romilly","37":"tag-sainte-menehould","38":"tag-sedan","39":"tag-sezanne","40":"tag-troyes","41":"tag-vouziers"},"share_on_mastodon":{"url":"https:\/\/pubeurope.com\/@fr\/115851669201335484","error":""},"_links":{"self":[{"href":"https:\/\/www.europesays.com\/fr\/wp-json\/wp\/v2\/posts\/646195","targetHints":{"allow":["GET"]}}],"collection":[{"href":"https:\/\/www.europesays.com\/fr\/wp-json\/wp\/v2\/posts"}],"about":[{"href":"https:\/\/www.europesays.com\/fr\/wp-json\/wp\/v2\/types\/post"}],"author":[{"embeddable":true,"href":"https:\/\/www.europesays.com\/fr\/wp-json\/wp\/v2\/users\/2"}],"replies":[{"embeddable":true,"href":"https:\/\/www.europesays.com\/fr\/wp-json\/wp\/v2\/comments?post=646195"}],"version-history":[{"count":0,"href":"https:\/\/www.europesays.com\/fr\/wp-json\/wp\/v2\/posts\/646195\/revisions"}],"wp:featuredmedia":[{"embeddable":true,"href":"https:\/\/www.europesays.com\/fr\/wp-json\/wp\/v2\/media\/646196"}],"wp:attachment":[{"href":"https:\/\/www.europesays.com\/fr\/wp-json\/wp\/v2\/media?parent=646195"}],"wp:term":[{"taxonomy":"category","embeddable":true,"href":"https:\/\/www.europesays.com\/fr\/wp-json\/wp\/v2\/categories?post=646195"},{"taxonomy":"post_tag","embeddable":true,"href":"https:\/\/www.europesays.com\/fr\/wp-json\/wp\/v2\/tags?post=646195"}],"curies":[{"name":"wp","href":"https:\/\/api.w.org\/{rel}","templated":true}]}}