{"id":646197,"date":"2026-01-07T03:22:16","date_gmt":"2026-01-07T03:22:16","guid":{"rendered":"https:\/\/www.europesays.com\/fr\/646197\/"},"modified":"2026-01-07T03:22:16","modified_gmt":"2026-01-07T03:22:16","slug":"mister-nobody-contre-poutine-un-precieux-temoignage-sur-le-systeme-totalitaire-russe-telerama","status":"publish","type":"post","link":"https:\/\/www.europesays.com\/fr\/646197\/","title":{"rendered":"\u201cMister Nobody contre Poutine\u201d, un pr\u00e9cieux t\u00e9moignage sur le syst\u00e8me totalitaire russe &#8211; T\u00e9l\u00e9rama"},"content":{"rendered":"<ol>\n<li><a href=\"https:\/\/news.google.com\/rss\/articles\/CBMiywFBVV95cUxQQ19rRDhOcDFlX2dzbXRySTBNWGhXVWVmakFXZmVOR09jZU55aU0xeW10eWZ3aURNMVQyMFpEaHE4RDB1OWxsdFJnUmhPb3ZmR1dBN2xyc2lGdW5nYmcxMF9VRHM5bkFuZjI0X1ozRDRrakFZSU9XT1RjU1VCSmFGWmp5UF9WdkNpVXRsMTdlbmhYblJ5TWZCYTZYOEJYNm9rdEUwSlFwMFhPbUd0Z1FaZ1h0cE5DdkpsZ2ZIdEducUgxOFRELWx0SVRDaw?oc=5\" target=\"_blank\" rel=\"noopener\">\u201cMister Nobody contre Poutine\u201d, un pr\u00e9cieux t\u00e9moignage sur le syst\u00e8me totalitaire russe<\/a>&nbsp;&nbsp;T\u00e9l\u00e9rama<\/li>\n<li><a href=\"https:\/\/news.google.com\/rss\/articles\/CBMi7wFBVV95cUxNaUI2LUtRVUx0REFKUm0taHdVbjdQV2VJMWFBMmY0OUYwSDU2ZzRTTGNPY3RsX1BDWU1EdFhkazVxSHBFSEJmRTRGTnZ6UjdwS0VKdHJNQWFfUi0tLVpBUFdscTZlbEdXQ1ZWYVJ4Y3BwVjdjbEVoYlpLTGxobmlZM3NHS2EybnhYNEVEZUxZWm80NFhiX2ViSEpnbnVqM2diU29yZnBZYlc0djViQXVvdHp0ZGZVbVkxeGlHTThJNG5hbE9qY1NvOTBabzloVTJyZFExdm8xcjdRX1NzSF9FanZTTVdZSnpUa2JkZ3BmRQ?oc=5\" target=\"_blank\" rel=\"noopener\">\u201cMr. Nobody against Putin\u201d : un documentaire gla\u00e7ant sur l\u2019endoctrinement patriotique de la jeunesse russe<\/a>&nbsp;&nbsp;Le Nouvel Obs<\/li>\n<li><a href=\"https:\/\/news.google.com\/rss\/articles\/CBMi3AFBVV95cUxNRzROU25QWmh1YnF2TnAyU1pLandEa2p3TTNTSzlUNWx6TTl6eno4UE5mckRxRC1xcHkzY3h6R1BhOWIwX19XeTlsOVF6MTJjR2dzX0Vhd3djelRXM1ZqMURacGtyc0lXQVRKcDdmeFhUQ21qQUR3VnZJd2J6dWphQVBGNXhUWWpyeFBsc3NhRFkyVGdaYV9MU3RucXlJTWJqTlU3eXFCT3dySFRPTWpyVGVuMTBJV3Fsck14SnpiNURPMDIzempGTy1ybFNIcFo4UU1EaDBrcEF0akhV?oc=5\" target=\"_blank\" rel=\"noopener\">\u00abMr. Nobody Against Poutine\u00bb : Pavel Talankin, un dissident contre les salades russes<\/a>&nbsp;&nbsp;Lib\u00e9ration<\/li>\n<li><a href=\"https:\/\/news.google.com\/rss\/articles\/CBMiyAFBVV95cUxNTHR0LVNsbWVydnZJWU9MdEU5MzAxeVJyX1pzMXBhVmZBYlFPUUlfZy1TWlZjWVl5ZThWdVFnRXRoMF9QZWJJNHhfc0YzLVRwekdPMUxKZlNBOFB6MVJOWnF3NTFZaHNVWDRSWHpTSkV6UUY0bjVadHdzTmRVY3d0ZHF3aG9wSG5rVG1IZGVfczJFaHRBT2FnRVdYYm0yTnUxeU1xZnVEQlBLVXFiWkYyQzMzTEI5MW9WUDZYdlE3WWVMaW1OOHJWcQ?oc=5\" target=\"_blank\" rel=\"noopener\">Le r\u00e9alisateur Pavel Talankin, un \u00ab Monsieur Personne \u00bb contre le bourrage de cr\u00e2ne de Poutine<\/a>&nbsp;&nbsp;Le Figaro<\/li>\n<li><a href=\"https:\/\/news.google.com\/rss\/articles\/CBMiqAFBVV95cUxPRHJfQUJVS1R2Sm9OVGpUSmNnTXZzR3JnLTBnWnhWbHdjRWVrVnl0bVI1dDEwVjh3MG0tYW5haDM2eEhjS2x3WTE3YjR4dndhaGl4Qjd2MXdsTThHb2hJUVBvNjNkU0t4bWJ6Z1R3bFpVZEYwSE8td0syc0VsNHJabWE4RzlSdUZpeVRKa3dCY2hxYWZLMjBzWEEzcDlSNFl5T3dUdmRhUnfSAa4BQVVfeXFMT25MN0xtS3RBX0p2VmctVFhybFlwTVlONDhibG93aXBlSXN4YnJEcGE4WWpVMXJIdUQ0Nko2Z0xqd1dial9PU1BFZFRzVmZXdHdXaFdnNGZ4QWRid3FZOHN0Ull6WFRVRlRodDFXdEY2d0FWOTJiUFdXQ19PLTF5UjJLRjU1b2ZaVDV0Ulk2NTQzSER2dExITjZwSjdVYXgwVjNsZEROQzhaSFVHNzFB?oc=5\" target=\"_blank\" rel=\"noopener\">\u201cMr. Nobody against Putin\u201d : la guerre vue depuis une petite ville de l\u2019Oural<\/a>&nbsp;&nbsp;Philosophie Magazine<\/li>\n<\/ol>\n","protected":false},"excerpt":{"rendered":"\u201cMister Nobody contre Poutine\u201d, un pr\u00e9cieux t\u00e9moignage sur le syst\u00e8me totalitaire russe&nbsp;&nbsp;T\u00e9l\u00e9rama \u201cMr. Nobody against Putin\u201d : un&hellip;\n","protected":false},"author":2,"featured_media":646198,"comment_status":"","ping_status":"","sticky":false,"template":"","format":"standard","meta":{"footnotes":""},"categories":[1354],"tags":[58,59,1346,1011,27,1360],"class_list":{"0":"post-646197","1":"post","2":"type-post","3":"status-publish","4":"format-standard","5":"has-post-thumbnail","7":"category-films","8":"tag-divertissement","9":"tag-entertainment","10":"tag-films","11":"tag-fr","12":"tag-france","13":"tag-movies"},"share_on_mastodon":{"url":"https:\/\/pubeurope.com\/@fr\/115851673139358698","error":""},"_links":{"self":[{"href":"https:\/\/www.europesays.com\/fr\/wp-json\/wp\/v2\/posts\/646197","targetHints":{"allow":["GET"]}}],"collection":[{"href":"https:\/\/www.europesays.com\/fr\/wp-json\/wp\/v2\/posts"}],"about":[{"href":"https:\/\/www.europesays.com\/fr\/wp-json\/wp\/v2\/types\/post"}],"author":[{"embeddable":true,"href":"https:\/\/www.europesays.com\/fr\/wp-json\/wp\/v2\/users\/2"}],"replies":[{"embeddable":true,"href":"https:\/\/www.europesays.com\/fr\/wp-json\/wp\/v2\/comments?post=646197"}],"version-history":[{"count":0,"href":"https:\/\/www.europesays.com\/fr\/wp-json\/wp\/v2\/posts\/646197\/revisions"}],"wp:featuredmedia":[{"embeddable":true,"href":"https:\/\/www.europesays.com\/fr\/wp-json\/wp\/v2\/media\/646198"}],"wp:attachment":[{"href":"https:\/\/www.europesays.com\/fr\/wp-json\/wp\/v2\/media?parent=646197"}],"wp:term":[{"taxonomy":"category","embeddable":true,"href":"https:\/\/www.europesays.com\/fr\/wp-json\/wp\/v2\/categories?post=646197"},{"taxonomy":"post_tag","embeddable":true,"href":"https:\/\/www.europesays.com\/fr\/wp-json\/wp\/v2\/tags?post=646197"}],"curies":[{"name":"wp","href":"https:\/\/api.w.org\/{rel}","templated":true}]}}