{"id":646205,"date":"2026-01-07T03:26:21","date_gmt":"2026-01-07T03:26:21","guid":{"rendered":"https:\/\/www.europesays.com\/fr\/646205\/"},"modified":"2026-01-07T03:26:21","modified_gmt":"2026-01-07T03:26:21","slug":"ces-2026-msi-prestige-13-ai-a3m-nouvel-ultrabook-oled-2-8k-fin-tres-leger-de-899-grammes-sous-intel-panther-lake-performant-wi-fi-7-thunderbolt-et-double-biometrie","status":"publish","type":"post","link":"https:\/\/www.europesays.com\/fr\/646205\/","title":{"rendered":"CES 2026 \u2013 MSI Prestige 13 AI+ A3M, nouvel Ultrabook OLED 2.8K fin tr\u00e8s l\u00e9ger de 899 grammes sous Intel Panther Lake performant Wi-Fi 7, Thunderbolt et double biom\u00e9trie"},"content":{"rendered":"<p>Au CES 2026 le  MSI Prestige 13 AI+ A3M se positionne comme l\u2019un des PC portables les plus l\u00e9gers avec son poids plume de moins de 900 grammes. Cet Ultrabook repose pourtant sur un processeur Intel Panther Lake derni\u00e8re g\u00e9n\u00e9ration performant, un \u00e9cran OLED 2.8K, un syst\u00e8me d\u2019authentification biom\u00e9trique \u00e0 2 facteurs ou encore une connectivit\u00e9 r\u00e9cente Wi-Fi 7 be et Bluetooth 6.0 en plus du Thunderbolt.<\/p>\n<p><a href=\"https:\/\/www.laptopspirit.fr\/wp-content\/uploads\/new\/2026\/01\/CES-2026-MSI-Prestige-13-AI-A3MG-5.jpg\" data-slb-active=\"1\" data-slb-asset=\"1462441254\" data-slb-internal=\"0\" data-slb-group=\"370509\" target=\"_blank\" rel=\"noopener\"><img loading=\"lazy\" decoding=\"async\" width=\"1024\" height=\"655\" data-id=\"370514\" src=\"https:\/\/www.europesays.com\/fr\/wp-content\/uploads\/2026\/01\/CES-2026-MSI-Prestige-13-AI-A3MG-5-1024x655.jpg\" alt=\"CES 2026 MSI Prestige 13 AI+ A3MG\" class=\"wp-image-370514\"  \/><\/a><\/p>\n<p><a href=\"https:\/\/www.laptopspirit.fr\/wp-content\/uploads\/new\/2026\/01\/CES-2026-MSI-Prestige-13-AI-A3MG-1.jpg\" data-slb-active=\"1\" data-slb-asset=\"854903464\" data-slb-internal=\"0\" data-slb-group=\"370509\" target=\"_blank\" rel=\"noopener\"><img loading=\"lazy\" decoding=\"async\" width=\"800\" height=\"1024\" data-id=\"370511\" src=\"https:\/\/www.europesays.com\/fr\/wp-content\/uploads\/2026\/01\/CES-2026-MSI-Prestige-13-AI-A3MG-1-800x1024.jpg\" alt=\"CES 2026 MSI Prestige 13 AI+ A3MG\" class=\"wp-image-370511\"  \/><\/a><\/p>\n<p><a href=\"https:\/\/www.europesays.com\/fr\/wp-content\/uploads\/2026\/01\/CES-2026-MSI-Prestige-13-AI-A3MG-9.jpg\" data-slb-active=\"1\" data-slb-asset=\"1883234371\" data-slb-internal=\"0\" data-slb-group=\"370509\"><img loading=\"lazy\" decoding=\"async\" width=\"508\" height=\"614\" data-id=\"370512\" src=\"https:\/\/www.europesays.com\/fr\/wp-content\/uploads\/2026\/01\/CES-2026-MSI-Prestige-13-AI-A3MG-9.jpg\" alt=\"CES 2026 MSI Prestige 13 AI+ A3MG\" class=\"wp-image-370512\"  \/><\/a><\/p>\n<p><a href=\"https:\/\/www.laptopspirit.fr\/wp-content\/uploads\/new\/2026\/01\/CES-2026-MSI-Prestige-13-AI-A3MG-2.jpg\" data-slb-active=\"1\" data-slb-asset=\"1366792499\" data-slb-internal=\"0\" data-slb-group=\"370509\" target=\"_blank\" rel=\"noopener\"><img fetchpriority=\"high\" decoding=\"async\" width=\"1024\" height=\"334\" data-id=\"370520\" src=\"https:\/\/www.europesays.com\/fr\/wp-content\/uploads\/2026\/01\/CES-2026-MSI-Prestige-13-AI-A3MG-2-1024x334.jpg\" alt=\"CES 2026 MSI Prestige 13 AI+ A3MG\" class=\"wp-image-370520\"  \/><\/a><\/p>\n<p>Le <strong>MSI Prestige 13 AI+ A3MG<\/strong> adopte un design Platinum Gray en <strong>alliage de magn\u00e9sium-aluminium<\/strong> robuste gr\u00e2ce \u00e0 sa certification <strong>MIL-STD<\/strong>.<\/p>\n<p><a href=\"https:\/\/www.laptopspirit.fr\/wp-content\/uploads\/new\/2026\/01\/CES-2026-MSI-Prestige-13-AI-A3MG-10.jpg\" data-slb-active=\"1\" data-slb-asset=\"637919075\" data-slb-internal=\"0\" data-slb-group=\"370509\" target=\"_blank\" rel=\"noopener\"><img loading=\"lazy\" decoding=\"async\" width=\"1024\" height=\"667\" src=\"https:\/\/www.europesays.com\/fr\/wp-content\/uploads\/2026\/01\/CES-2026-MSI-Prestige-13-AI-A3MG-10-1024x667.jpg\" alt=\"CES 2026 MSI Prestige 13 AI+ A3MG\" class=\"wp-image-370515\"  \/><\/a><\/p>\n<p>Il mesure 299 x 210 x <strong>15.9 mm<\/strong> p\u00e8se <strong>seulement 899 grammes<\/strong> ce qui le rend tr\u00e8s facile \u00e0 transporter.<br \/>Si MSI ne pr\u00e9cise pas son autonomie, la marque nous assure qu\u2019il peut tenir une journ\u00e9e avec sa <strong>batterie Li-Polym\u00e8re 4 cellules 53.8Whr<\/strong> (une option 75Whr serait aussi pr\u00e9vue) associ\u00e9e \u00e0 un adaptateur 65W \u2013 mais il faudra attendre les premiers tests concrets pour en avoir le c\u0153ur net\u00a0:<\/p>\n<blockquote class=\"wp-block-quote\">\n<p>Des tournages en ext\u00e9rieur \u00e0 de la cr\u00e9ation en fin de soir\u00e9e, restez aliment\u00e9 sans interruption chaque fois que l\u2019inspiration vous vient. <\/p>\n<\/blockquote>\n<p>En tous les cas la puissance processeur est au rendez-vous puisque cet <strong>Ultrabook<\/strong> s\u2019appuie sur un <strong>Intel <a href=\"https:\/\/www.laptopspirit.fr\/367841\/panther-lake-intel-devoile-la-nouvelle-architecture-processeur-core-ultra-300-avec-iris-xe3-pour-futurs-pc-portables-gamer-performants-et-ultrabooks.html\" target=\"_blank\" rel=\"noopener\">Panther Lake<\/a> derni\u00e8re g\u00e9n\u00e9ration<\/strong>, jusqu\u2019au<strong> Core Ultra 9 386H<\/strong> \u00e0 solution graphique int\u00e9gr\u00e9e <strong>Intel Arc<\/strong>.<\/p>\n<p><a href=\"https:\/\/www.laptopspirit.fr\/wp-content\/uploads\/new\/2026\/01\/CES-2026-MSI-Prestige-13-AI-A3MG-7.jpg\" data-slb-active=\"1\" data-slb-asset=\"387354628\" data-slb-internal=\"0\" data-slb-group=\"370509\" target=\"_blank\" rel=\"noopener\"><img loading=\"lazy\" decoding=\"async\" width=\"1024\" height=\"607\" src=\"https:\/\/www.europesays.com\/fr\/wp-content\/uploads\/2026\/01\/CES-2026-MSI-Prestige-13-AI-A3MG-7-1024x607.jpg\" alt=\"CES 2026 MSI Prestige 13 AI+ A3MG\" class=\"wp-image-370518\"  \/><\/a><\/p>\n<p>Le Panther Lake s\u2019accompagne d\u2019une m\u00e9moire vive maximale basse consommation soud\u00e9e de <strong>64 Go LPDDR5x<\/strong> ainsi que d\u2019un <strong>stockage SSD M.2 NVMe PCIe 4.0<\/strong> x4.<\/p>\n<p><a href=\"https:\/\/www.europesays.com\/fr\/wp-content\/uploads\/2026\/01\/CES-2026-MSI-Prestige-13-AI-A3MG-3.jpg\" data-slb-active=\"1\" data-slb-asset=\"1464505220\" data-slb-internal=\"0\" data-slb-group=\"370509\"><img loading=\"lazy\" decoding=\"async\" width=\"776\" height=\"820\" src=\"https:\/\/www.europesays.com\/fr\/wp-content\/uploads\/2026\/01\/CES-2026-MSI-Prestige-13-AI-A3MG-3.jpg\" alt=\"CES 2026 MSI Prestige 13 AI+ A3MG\" class=\"wp-image-370517\"  \/><\/a><\/p>\n<p>Ce nouveau PC portable dispose \u00e9galement d\u2019une connectique r\u00e9cente <strong>Wi-Fi 7 be<\/strong> (2\u00d72, Intel Killer), <strong>Bluetooth 6.0<\/strong>, HDMI 2.1 (8K@60Hz, 4K@120Hz), audio combo Casque\/Micro, 2 USB 3.2 (Gen1) et <strong>2 USB 4 Type-C<\/strong> (Gen3, Power Delivery 100W) <strong>Thunderbolt 4<\/strong> ainsi qu\u2019un lecteur de cartes<strong> microSD<\/strong>.<\/p>\n<p><a href=\"https:\/\/www.europesays.com\/fr\/wp-content\/uploads\/2026\/01\/CES-2026-MSI-Prestige-13-AI-A3MG-8.jpg\" data-slb-active=\"1\" data-slb-asset=\"897767040\" data-slb-internal=\"0\" data-slb-group=\"370509\"><img loading=\"lazy\" decoding=\"async\" width=\"792\" height=\"523\" src=\"https:\/\/www.europesays.com\/fr\/wp-content\/uploads\/2026\/01\/CES-2026-MSI-Prestige-13-AI-A3MG-8.jpg\" alt=\"CES 2026 MSI Prestige 13 AI+ A3MG\" class=\"wp-image-370513\"  \/><\/a><\/p>\n<p>Il se pare \u00e9galement d\u2019un <strong>\u00e9cran 13.3 pouces<\/strong> brillant <strong>OLED 2.8K<\/strong> (2880\u00d71800) 100% <strong>DCI-P3 <\/strong>DisplayHDR True Black 600 \u00e0 faible \u00e9mission de lumi\u00e8re bleue.<\/p>\n<p><a href=\"https:\/\/www.europesays.com\/fr\/wp-content\/uploads\/2026\/01\/CES-2026-MSI-Prestige-13-AI-A3MG-6.jpg\" data-slb-active=\"1\" data-slb-asset=\"18430685\" data-slb-internal=\"0\" data-slb-group=\"370509\"><img loading=\"lazy\" decoding=\"async\" width=\"651\" height=\"404\" src=\"https:\/\/www.europesays.com\/fr\/wp-content\/uploads\/2026\/01\/CES-2026-MSI-Prestige-13-AI-A3MG-6.jpg\" alt=\"CES 2026 MSI Prestige 13 AI+ A3MG\" class=\"wp-image-370519\"  \/><\/a><\/p>\n<p>Au-dessus tr\u00f4ne une <strong>webcam Infrarouge<\/strong> 1080p permettant la <strong>reconnaissance faciale<\/strong>.<br \/>Bon point\u00a0: elle peut \u00eatre d\u00e9sactiv\u00e9 via la fonctionnalit\u00e9 Webcam Shutter pour pr\u00e9server la vie priv\u00e9e.<\/p>\n<p>Comme un <strong>lecteur d\u2019empreintes digitales<\/strong> est \u00e9galement pr\u00e9sent, on se retrouve donc sous cet ordinateur portable avec une <strong>solution d\u2019authentification biom\u00e9trique \u00e0 2 facteurs<\/strong>, notamment exploitable par Windows Hello.<\/p>\n<p><a href=\"https:\/\/www.laptopspirit.fr\/wp-content\/uploads\/new\/2026\/01\/CES-2026-MSI-Prestige-13-AI-A3MG-4.jpg\" data-slb-active=\"1\" data-slb-asset=\"28749865\" data-slb-internal=\"0\" data-slb-group=\"370509\" target=\"_blank\" rel=\"noopener\"><img loading=\"lazy\" decoding=\"async\" width=\"1024\" height=\"617\" src=\"https:\/\/www.europesays.com\/fr\/wp-content\/uploads\/2026\/01\/CES-2026-MSI-Prestige-13-AI-A3MG-4-1024x617.jpg\" alt=\"CES 2026 MSI Prestige 13 AI+ A3MG\" class=\"wp-image-370516\"  \/><\/a><\/p>\n<p>Pourvu d\u2019un <strong>clavier chiclet r\u00e9tro \u00e9clair\u00e9<\/strong> (blanc) et de 2 haut-parleurs DTS Audio (2 x 2W), le MSI Prestige 13 AI+ A3MG sera commercialis\u00e9 courant 2026 \u00e0 un tarif pour l\u2019instant non sp\u00e9cifi\u00e9.<\/p>\n<p>Retrouvez l\u2019actualit\u00e9 li\u00e9e au <a href=\"https:\/\/www.laptopspirit.fr\/tag\/ces-2026\" target=\"_blank\" rel=\"noopener\">CES 2026 ici<\/a><\/p>\n","protected":false},"excerpt":{"rendered":"Au CES 2026 le MSI Prestige 13 AI+ A3M se positionne comme l\u2019un des PC portables les plus&hellip;\n","protected":false},"author":2,"featured_media":646206,"comment_status":"","ping_status":"","sticky":false,"template":"","format":"standard","meta":{"footnotes":""},"categories":[7],"tags":[1011,27,43,40,41,39,42,44],"class_list":{"0":"post-646205","1":"post","2":"type-post","3":"status-publish","4":"format-standard","5":"has-post-thumbnail","7":"category-sciences-et-technologies","8":"tag-fr","9":"tag-france","10":"tag-science","11":"tag-science-and-technology","12":"tag-sciences","13":"tag-sciences-et-technologies","14":"tag-technologies","15":"tag-technology"},"share_on_mastodon":{"url":"https:\/\/pubeurope.com\/@fr\/115851689352053060","error":""},"_links":{"self":[{"href":"https:\/\/www.europesays.com\/fr\/wp-json\/wp\/v2\/posts\/646205","targetHints":{"allow":["GET"]}}],"collection":[{"href":"https:\/\/www.europesays.com\/fr\/wp-json\/wp\/v2\/posts"}],"about":[{"href":"https:\/\/www.europesays.com\/fr\/wp-json\/wp\/v2\/types\/post"}],"author":[{"embeddable":true,"href":"https:\/\/www.europesays.com\/fr\/wp-json\/wp\/v2\/users\/2"}],"replies":[{"embeddable":true,"href":"https:\/\/www.europesays.com\/fr\/wp-json\/wp\/v2\/comments?post=646205"}],"version-history":[{"count":0,"href":"https:\/\/www.europesays.com\/fr\/wp-json\/wp\/v2\/posts\/646205\/revisions"}],"wp:featuredmedia":[{"embeddable":true,"href":"https:\/\/www.europesays.com\/fr\/wp-json\/wp\/v2\/media\/646206"}],"wp:attachment":[{"href":"https:\/\/www.europesays.com\/fr\/wp-json\/wp\/v2\/media?parent=646205"}],"wp:term":[{"taxonomy":"category","embeddable":true,"href":"https:\/\/www.europesays.com\/fr\/wp-json\/wp\/v2\/categories?post=646205"},{"taxonomy":"post_tag","embeddable":true,"href":"https:\/\/www.europesays.com\/fr\/wp-json\/wp\/v2\/tags?post=646205"}],"curies":[{"name":"wp","href":"https:\/\/api.w.org\/{rel}","templated":true}]}}