{"id":646216,"date":"2026-01-07T03:32:31","date_gmt":"2026-01-07T03:32:31","guid":{"rendered":"https:\/\/www.europesays.com\/fr\/646216\/"},"modified":"2026-01-07T03:32:31","modified_gmt":"2026-01-07T03:32:31","slug":"gel-et-verglas-la-ville-de-saint-etienne-interdit-lacces-aux-terrains-de-plein-air","status":"publish","type":"post","link":"https:\/\/www.europesays.com\/fr\/646216\/","title":{"rendered":"Gel et verglas : la Ville de Saint-\u00c9tienne interdit l\u2019acc\u00e8s aux terrains de plein air"},"content":{"rendered":"<p>Face aux conditions m\u00e9t\u00e9orologiques actuelles marqu\u00e9es par le gel et le verglas, la Ville de Saint-\u00c9tienne a pris un arr\u00eat\u00e9 interdisant l\u2019acc\u00e8s et l\u2019utilisation de la majorit\u00e9 des terrains sportifs ext\u00e9rieurs, afin de garantir la s\u00e9curit\u00e9 des usagers et de pr\u00e9server les \u00e9quipements.<\/p>\n<p>En raison des conditions climatiques d\u00e9grad\u00e9es, la Ville de Saint-\u00c9tienne renforce les mesures d\u00e9j\u00e0 en vigueur concernant les \u00e9quipements sportifs de plein air. Un arr\u00eat\u00e9 municipal a \u00e9t\u00e9 pris ce jour pour \u00e9tendre celui du 5 janvier 2026 relatif aux conditions d\u2019acc\u00e8s et d\u2019utilisation des installations sportives ext\u00e9rieures.<\/p>\n<p>Concr\u00e8tement, l\u2019acc\u00e8s et l\u2019utilisation de l\u2019ensemble des terrains synth\u00e9tiques, stabilis\u00e9s et en herbe sont d\u00e9sormais interdits jusqu\u2019\u00e0 nouvel ordre. Cette d\u00e9cision vise un double objectif : assurer la s\u00e9curit\u00e9 des usagers, expos\u00e9s aux risques de chute li\u00e9s au gel et au verglas, et pr\u00e9server la qualit\u00e9 des terrains, particuli\u00e8rement vuln\u00e9rables dans ces conditions m\u00e9t\u00e9orologiques.<\/p>\n<p>Une exception est toutefois pr\u00e9vue pour le stade Geoffroy-Guichard, \u00e9quip\u00e9 d\u2019un syst\u00e8me de mise hors gel permettant de maintenir la praticabilit\u00e9 de la pelouse en toute s\u00e9curit\u00e9.<\/p>\n<p>\u00a0<\/p>\n<p>B. Maestracci<\/p>\n","protected":false},"excerpt":{"rendered":"Face aux conditions m\u00e9t\u00e9orologiques actuelles marqu\u00e9es par le gel et le verglas, la Ville de Saint-\u00c9tienne a pris&hellip;\n","protected":false},"author":2,"featured_media":646217,"comment_status":"","ping_status":"","sticky":false,"template":"","format":"standard","meta":{"footnotes":""},"categories":[9653],"tags":[1111,11,2430,1777,674,1011,27,12,25,4001],"class_list":{"0":"post-646216","1":"post","2":"type-post","3":"status-publish","4":"format-standard","5":"has-post-thumbnail","7":"category-saint-etienne","8":"tag-actu","9":"tag-actualites","10":"tag-auvergne-rhone-alpes","11":"tag-eu","12":"tag-europe","13":"tag-fr","14":"tag-france","15":"tag-news","16":"tag-republique-francaise","17":"tag-saint-etienne"},"share_on_mastodon":{"url":"https:\/\/pubeurope.com\/@fr\/115851712434146399","error":""},"_links":{"self":[{"href":"https:\/\/www.europesays.com\/fr\/wp-json\/wp\/v2\/posts\/646216","targetHints":{"allow":["GET"]}}],"collection":[{"href":"https:\/\/www.europesays.com\/fr\/wp-json\/wp\/v2\/posts"}],"about":[{"href":"https:\/\/www.europesays.com\/fr\/wp-json\/wp\/v2\/types\/post"}],"author":[{"embeddable":true,"href":"https:\/\/www.europesays.com\/fr\/wp-json\/wp\/v2\/users\/2"}],"replies":[{"embeddable":true,"href":"https:\/\/www.europesays.com\/fr\/wp-json\/wp\/v2\/comments?post=646216"}],"version-history":[{"count":0,"href":"https:\/\/www.europesays.com\/fr\/wp-json\/wp\/v2\/posts\/646216\/revisions"}],"wp:featuredmedia":[{"embeddable":true,"href":"https:\/\/www.europesays.com\/fr\/wp-json\/wp\/v2\/media\/646217"}],"wp:attachment":[{"href":"https:\/\/www.europesays.com\/fr\/wp-json\/wp\/v2\/media?parent=646216"}],"wp:term":[{"taxonomy":"category","embeddable":true,"href":"https:\/\/www.europesays.com\/fr\/wp-json\/wp\/v2\/categories?post=646216"},{"taxonomy":"post_tag","embeddable":true,"href":"https:\/\/www.europesays.com\/fr\/wp-json\/wp\/v2\/tags?post=646216"}],"curies":[{"name":"wp","href":"https:\/\/api.w.org\/{rel}","templated":true}]}}