{"id":646220,"date":"2026-01-07T03:37:14","date_gmt":"2026-01-07T03:37:14","guid":{"rendered":"https:\/\/www.europesays.com\/fr\/646220\/"},"modified":"2026-01-07T03:37:14","modified_gmt":"2026-01-07T03:37:14","slug":"la-deputee-rn-du-var-laure-lavalette-se-declare-candidate-aux-elections-municipales-de-toulon","status":"publish","type":"post","link":"https:\/\/www.europesays.com\/fr\/646220\/","title":{"rendered":"La d\u00e9put\u00e9e RN du Var Laure Lavalette se d\u00e9clare candidate aux \u00e9lections municipales de Toulon"},"content":{"rendered":"<p>                    Par<br \/>\n        <strong><br \/>\n            <a href=\"https:\/\/actu.fr\/auteur\/laetitia-soula-gmail-com\" title=\"Consulter tous les articles de Laetitia Soula\" target=\"_blank\" rel=\"noopener\">Laetitia Soula<\/a><br \/>\n                    <\/strong><\/p>\n<p>        Publi\u00e9 le<\/p>\n<p>            6 janv. 2026 \u00e0 17h24        <\/p>\n<p>La m\u00e9diatique porte-parole du <strong>Rassemblement national<\/strong> (RN) et d\u00e9put\u00e9e du <a href=\"https:\/\/actu.fr\/provence-alpes-cote-d-azur\/var_83\" target=\"_blank\" rel=\"noopener\"><strong>Var<\/strong> <\/a><strong>Laure Lavalette<\/strong>, a officiellement annonc\u00e9 sa candidature aux <strong>\u00e9lections municipales de <\/strong><a href=\"https:\/\/actu.fr\/provence-alpes-cote-d-azur\/toulon_83137\" target=\"_blank\" rel=\"noopener\"><strong>Toulon<\/strong><\/a>, qui se d\u00e9rouleront les <strong>15 et 22\u00a0mars<\/strong> 2026.<\/p>\n<p>    <a href=\"https:\/\/www.facebook.com\/plugins\/post.php?href=https%3A%2F%2Fwww.facebook.com%2FLavaletteLaure%2Fposts%2Fpfbid0tbHf5fzarxxPvNLTPNQEC7VwvqvAWLCpourHth5R2T4dHSeGmyKvZ577zVSAssSvl&amp;show_text=true&amp;width=350\" title=\"Ouvrie le lien\" target=\"_blank\" rel=\"noopener\">Cliquez ici pour visualiser le contenu<\/a><\/p>\n<p>Dans l\u2019opposition depuis 2014<\/p>\n<p class=\" wall-content\">Actuellement \u00e9lue <strong>conseill\u00e8re municipale de l\u2019opposition<\/strong> \u00e0 la mairie de Toulon (<strong>depuis 2014<\/strong>), Laure Lavalette est connue pour repr\u00e9senter la tendance <strong>catholique traditionaliste<\/strong>.<\/p>\n<p class=\" wall-content\">Dans un <strong>communiqu\u00e9<\/strong> diffus\u00e9 ce 6 janvier 2026 au matin sur ses <strong>r\u00e9seaux sociaux<\/strong>, elle annonce vouloir \u00ab\u2009restaurer la confiance, <strong>r\u00e9tablir la s\u00e9curit\u00e9<\/strong>, redynamiser les quartiers oubli\u00e9s\u2009\u00bb.<\/p>\n<p class=\" wall-content\">Se d\u00e9crivant comme \u00ab\u2009une <strong>m\u00e8re de famille<\/strong> de 49\u00a0ans\u2009\u00bb, l\u2019\u00e9lue de la formation d\u2019<strong>extr\u00eame droite<\/strong> \u00e9voque le r\u00e8gne de l\u2019ancien maire de droite <strong>Hubert Falco<\/strong>.<\/p>\n<p class=\" wall-content\">Celui qui a \u00e9t\u00e9 aux commandes de la mairie <strong>de 2001 \u00e0 2023<\/strong>, a \u00e9t\u00e9 d\u00e9mis de son mandat \u00e0 la suite d\u2019une <strong>condamnation judiciaire<\/strong> pour recel de <strong>d\u00e9tournement de fonds publics<\/strong>. Sa premi\u00e8re adjointe, <strong>Jos\u00e9e Massi<\/strong> (sans \u00e9tiquette), a pris sa suite.<\/p>\n<p>Meeting au Palais de Neptune<\/p>\n<p class=\" wall-content\">\u00ab\u2009Notre ville doit \u00e9crire <strong>une nouvelle page<\/strong> de son histoire\u2009\u00bb, affirme <strong>Laure Lavalette<\/strong> qui donne rendez-vous aux <strong>Toulonnais<\/strong> le mercredi 14\u00a0janvier 2026 pour un <strong>meeting au Palais de Neptune<\/strong>.<\/p>\n<p>Votre r\u00e9gion, votre actu !<\/p>\n<p>Recevez chaque jour les infos qui comptent pour vous.<\/p>\n<p>\t<a href=\"https:\/\/actu.fr\/newsletter\" class=\"ac-btn ac-btn--corner ac-btn--medium ac-btn--blue800\" target=\"_blank\" rel=\"noopener\">S&rsquo;incrire<\/a><\/p>\n<p class=\" wall-content\">Amie de <strong>Marine le Pen et Jordan Bardella<\/strong>, la femme politique affirme se pr\u00e9senter <strong>sans \u00e9tiquette<\/strong>, mais \u00ab\u2009soutenue par le <strong>RN\u2009<\/strong>\u00bb.<\/p>\n<p class=\" wall-content\">Personnalisez votre actualit\u00e9 en ajoutant vos villes et m\u00e9dias en favori avec <a href=\"https:\/\/moncompte.actu.fr\" title=\"D\u00e9couvez Mon Actu\" rel=\"nofollow noopener\" data-trk=\"{&quot;cta&quot;:{&quot;action&quot;:&quot;https:\\\/\\\/moncompte.actu.fr&quot;,&quot;category&quot;:&quot;mon compte&quot;,&quot;from&quot;:&quot;article footer&quot;,&quot;name&quot;:&quot;Mon actu&quot;,&quot;type&quot;:&quot;cta&quot;}}\" target=\"_blank\">Mon Actu<\/a>.<\/p>\n","protected":false},"excerpt":{"rendered":"Par Laetitia Soula Publi\u00e9 le 6 janv. 2026 \u00e0 17h24 La m\u00e9diatique porte-parole du Rassemblement national (RN) et&hellip;\n","protected":false},"author":2,"featured_media":646221,"comment_status":"","ping_status":"","sticky":false,"template":"","format":"standard","meta":{"footnotes":""},"categories":[9619],"tags":[1111,11,4188,1777,674,1011,27,3434,12,316,882,2556,25,2310],"class_list":{"0":"post-646220","1":"post","2":"type-post","3":"status-publish","4":"format-standard","5":"has-post-thumbnail","7":"category-toulon","8":"tag-actu","9":"tag-actualites","10":"tag-elections-municipales","11":"tag-eu","12":"tag-europe","13":"tag-fr","14":"tag-france","15":"tag-municipales-2026","16":"tag-news","17":"tag-politique","18":"tag-provence-alpes-cote-dazur","19":"tag-rassemblement-national-rn","20":"tag-republique-francaise","21":"tag-toulon"},"share_on_mastodon":{"url":"https:\/\/pubeurope.com\/@fr\/115851732142261174","error":""},"_links":{"self":[{"href":"https:\/\/www.europesays.com\/fr\/wp-json\/wp\/v2\/posts\/646220","targetHints":{"allow":["GET"]}}],"collection":[{"href":"https:\/\/www.europesays.com\/fr\/wp-json\/wp\/v2\/posts"}],"about":[{"href":"https:\/\/www.europesays.com\/fr\/wp-json\/wp\/v2\/types\/post"}],"author":[{"embeddable":true,"href":"https:\/\/www.europesays.com\/fr\/wp-json\/wp\/v2\/users\/2"}],"replies":[{"embeddable":true,"href":"https:\/\/www.europesays.com\/fr\/wp-json\/wp\/v2\/comments?post=646220"}],"version-history":[{"count":0,"href":"https:\/\/www.europesays.com\/fr\/wp-json\/wp\/v2\/posts\/646220\/revisions"}],"wp:featuredmedia":[{"embeddable":true,"href":"https:\/\/www.europesays.com\/fr\/wp-json\/wp\/v2\/media\/646221"}],"wp:attachment":[{"href":"https:\/\/www.europesays.com\/fr\/wp-json\/wp\/v2\/media?parent=646220"}],"wp:term":[{"taxonomy":"category","embeddable":true,"href":"https:\/\/www.europesays.com\/fr\/wp-json\/wp\/v2\/categories?post=646220"},{"taxonomy":"post_tag","embeddable":true,"href":"https:\/\/www.europesays.com\/fr\/wp-json\/wp\/v2\/tags?post=646220"}],"curies":[{"name":"wp","href":"https:\/\/api.w.org\/{rel}","templated":true}]}}