{"id":646222,"date":"2026-01-07T03:38:23","date_gmt":"2026-01-07T03:38:23","guid":{"rendered":"https:\/\/www.europesays.com\/fr\/646222\/"},"modified":"2026-01-07T03:38:23","modified_gmt":"2026-01-07T03:38:23","slug":"les-bars-du-square-de-la-babote-a-montpellier-impactes-par-lincendie-dune-armoire-electrique","status":"publish","type":"post","link":"https:\/\/www.europesays.com\/fr\/646222\/","title":{"rendered":"Les bars du square de la Babote, \u00e0 Montpellier, impact\u00e9s par l\u2019incendie d\u2019une armoire \u00e9lectrique"},"content":{"rendered":"<p>\n                                                                L\u2019incendie de compteurs \u00e9lectriques a provoqu\u00e9 une coupure de courant, ce week-end, pour les riverains du square de la Babote, \u00e0 Montpellier.\n                            <\/p>\n<p>L\u2019incendie d\u2019une armoire \u00e9lectrique\u00a0a entra\u00een\u00e9 une coupure de courant, ce week-end, pour les riverains du square de la Babote. Le sinistre s\u2019est d\u00e9clar\u00e9 ce samedi 3\u00a0janvier, vers 20\u00a0h\u00a030, et a entra\u00een\u00e9 l\u2019intervention des sapeurs-pompiers de l\u2019H\u00e9rault apr\u00e8s un d\u00e9gagement de fum\u00e9e.<\/p>\n<p>Habitations et commerces priv\u00e9s de courant<\/p>\n<p>Rapidement ma\u00eetris\u00e9, l\u2019incendie a impact\u00e9 une dizaine d\u2019habitations ainsi que cinq \u00e9tablissements dont les bars du square de La Babote. L\u2019\u00e9lectricit\u00e9 a \u00e9t\u00e9 r\u00e9tablie au moyen d\u2019une ligne provisoire par les \u00e9quipes d\u2019Enedis, ce dimanche. Des r\u00e9parations plus lourdes devront \u00eatre engag\u00e9es dans les semaines \u00e0 venir.<\/p>\n","protected":false},"excerpt":{"rendered":"L\u2019incendie de compteurs \u00e9lectriques a provoqu\u00e9 une coupure de courant, ce week-end, pour les riverains du square de&hellip;\n","protected":false},"author":2,"featured_media":646223,"comment_status":"","ping_status":"","sticky":false,"template":"","format":"standard","meta":{"footnotes":""},"categories":[9599],"tags":[1111,11,1777,674,118,1011,27,7089,1310,2208,12,2680,25],"class_list":{"0":"post-646222","1":"post","2":"type-post","3":"status-publish","4":"format-standard","5":"has-post-thumbnail","7":"category-montpellier","8":"tag-actu","9":"tag-actualites","10":"tag-eu","11":"tag-europe","12":"tag-faits-divers","13":"tag-fr","14":"tag-france","15":"tag-herault","16":"tag-incendie","17":"tag-montpellier","18":"tag-news","19":"tag-occitanie","20":"tag-republique-francaise"},"share_on_mastodon":{"url":"https:\/\/pubeurope.com\/@fr\/115851736108512001","error":""},"_links":{"self":[{"href":"https:\/\/www.europesays.com\/fr\/wp-json\/wp\/v2\/posts\/646222","targetHints":{"allow":["GET"]}}],"collection":[{"href":"https:\/\/www.europesays.com\/fr\/wp-json\/wp\/v2\/posts"}],"about":[{"href":"https:\/\/www.europesays.com\/fr\/wp-json\/wp\/v2\/types\/post"}],"author":[{"embeddable":true,"href":"https:\/\/www.europesays.com\/fr\/wp-json\/wp\/v2\/users\/2"}],"replies":[{"embeddable":true,"href":"https:\/\/www.europesays.com\/fr\/wp-json\/wp\/v2\/comments?post=646222"}],"version-history":[{"count":0,"href":"https:\/\/www.europesays.com\/fr\/wp-json\/wp\/v2\/posts\/646222\/revisions"}],"wp:featuredmedia":[{"embeddable":true,"href":"https:\/\/www.europesays.com\/fr\/wp-json\/wp\/v2\/media\/646223"}],"wp:attachment":[{"href":"https:\/\/www.europesays.com\/fr\/wp-json\/wp\/v2\/media?parent=646222"}],"wp:term":[{"taxonomy":"category","embeddable":true,"href":"https:\/\/www.europesays.com\/fr\/wp-json\/wp\/v2\/categories?post=646222"},{"taxonomy":"post_tag","embeddable":true,"href":"https:\/\/www.europesays.com\/fr\/wp-json\/wp\/v2\/tags?post=646222"}],"curies":[{"name":"wp","href":"https:\/\/api.w.org\/{rel}","templated":true}]}}