{"id":646224,"date":"2026-01-07T03:39:37","date_gmt":"2026-01-07T03:39:37","guid":{"rendered":"https:\/\/www.europesays.com\/fr\/646224\/"},"modified":"2026-01-07T03:39:37","modified_gmt":"2026-01-07T03:39:37","slug":"zoumana-camara-montpellier-dunkerque-nous-a-surclasses","status":"publish","type":"post","link":"https:\/\/www.europesays.com\/fr\/646224\/","title":{"rendered":"Zoumana Camara (Montpellier) : \u00ab\u00a0Dunkerque nous a surclass\u00e9s\u00a0\u00bb"},"content":{"rendered":"<p>Montpellier n&rsquo;avance plus. Ce lundi 5 janvier, en cl\u00f4ture de la <a href=\"https:\/\/www.foot-national.com\/data\/resultat-ligue2.html\" target=\"_blank\" rel=\"noopener\">18e journ\u00e9e de Ligue 2<\/a>, le club h\u00e9raultais a encha\u00een\u00e9 un quatri\u00e8me match de rang en championnat sans la moindre victoire. Apr\u00e8s ses d\u00e9faites \u00e0 Reims (0-2) et contre Pau (0-1) ainsi que le nul face \u00e0 Grenoble (1-1) en fin d&rsquo;ann\u00e9e 2025, le MHSC de Zoumana Camara a d\u00e9marr\u00e9 2026 par <a href=\"https:\/\/www.foot-national.com\/actus\/dunkerque-simpose-a-montpellier-et-revient-a-deux-points-du-podium-934850\" target=\"_blank\" rel=\"noopener\">un revers contre l&rsquo;USL Dunkerque \u00e0 la Mosson (1-3)<\/a>. De quoi provoquer \u00ab\u00a0\u00e9norm\u00e9ment de regrets et de d\u00e9ceptions\u00a0\u00bb chez l&rsquo;entra\u00eeneur montpelli\u00e9rain apr\u00e8s la rencontre.<\/p>\n<p>En conf\u00e9rence de presse, dans des propos relay\u00e9s par <a href=\"https:\/\/www.midilibre.fr\/2026\/01\/05\/mhsc-dunkerque-je-nai-pas-envie-de-passer-pour-un-entraineur-qui-cherche-des-excuses-ou-qui-se-cache-assume-zoumana-camara-13145439.php\" target=\"_blank\" rel=\"noopener\">Le Midi Libre<\/a>, le technicien a indiqu\u00e9 s&rsquo;attendre \u00e0 \u00ab\u00a0beaucoup de g\u00e9n\u00e9rosit\u00e9, de combativit\u00e9, de hargne\u00a0\u00bb face \u00e0 l&rsquo;USLD. Mais \u00ab\u00a0j\u2019ai senti mon \u00e9quipe sur le reculoir, souvent en retard. C\u2019est \u00e0 ce niveau-l\u00e0 que je suis d\u00e9\u00e7u. Je pense que cette \u00e9quipe de Dunkerque nous a surclass\u00e9s, mais je pense qu\u2019on pouvait compenser avec de l\u2019envie, de la g\u00e9n\u00e9rosit\u00e9\u00a0\u00bb, a estim\u00e9 l&rsquo;ex-coach des U19 du Paris Saint-Germain. Paradoxalement, ce dernier dit ne pas \u00eatre \u00ab\u00a0inquiet\u00a0\u00bb par la mauvaise s\u00e9rie en cours de sa formation.<\/p>\n<p>\u00ab\u00a0C\u2019est quelque chose de pas r\u00e9aliste\u00a0\u00bb<\/p>\n<p>Car \u00ab\u00a0je sais le chemin qu\u2019il nous reste \u00e0 parcourir, je sais le chemin qu\u2019on doit faire dans ce championnat. On vient de redescendre, il faut dig\u00e9rer, il faut apprendre, il faut m\u00fbrir, il faut se battre. Ce que je cherche \u00e0 faire comprendre, c\u2019est plus de r\u00e9alisme par rapport \u00e0 l\u2019environnement. Je peux peut-\u00eatre passer pour un coach qui manque d\u2019ambition, loin de l\u00e0, j\u2019en ai, j\u2019en ai \u00e9norm\u00e9ment, mais encore une fois, je pense que le r\u00e9alisme, c\u2019est tr\u00e8s important pour pouvoir avancer. On n\u2019est pas encore une \u00e9quipe pr\u00eate pour jouer le haut de tableau, loin de l\u00e0. (&#8230;) On verra vers la fin du championnat o\u00f9 est-ce qu\u2019on se situe. Mais vouloir viser haut ou nous comparer avec le peloton de t\u00eate, je pense que c\u2019est quelque chose de pas r\u00e9aliste\u00a0\u00bb, a encore jug\u00e9 Zoumana Camara, dont l&rsquo;effectif manque selon lui de \u00ab\u00a0maturit\u00e9, de l\u2019exp\u00e9rience\u00a0\u00bb et \u00ab\u00a0d&rsquo;un ou deux joueurs \u00e0 certains postes\u00a0\u00bb.<\/p>\n<p>Au classement, le MHSC se positionne au neuvi\u00e8me rang, \u00e0 d\u00e9sormais six longueurs du top 5 et donc des barrages d&rsquo;accession. Apr\u00e8s son seizi\u00e8me de finale de Coupe de France \u00e0 Metz (Ligue 1) ce dimanche 11 janvier (18h), Montpellier se rendra ensuite \u00e0 Boulogne-sur-Mer pour tenter de se relancer en championnat (16\/01, 20h).<\/p>\n<p>Partagez cette info avec vos amis et vos proches en cliquant ici<br \/>Pour r\u00e9sumer<\/p>\n<p>L&rsquo;entra\u00eeneur de Montpellier Zoumana Camara a r\u00e9agi \u00e0 la claque inflig\u00e9e par l&rsquo;USL Dunkerque en cl\u00f4ture de la 18e journ\u00e9e de Ligue 2, ce lundi 5 janvier (1-3). Le technicien ne se dit pas \u00ab\u00a0inquiet\u00a0\u00bb de la mauvaise s\u00e9rie en cours de sa formation.<\/p>\n<p> <img decoding=\"async\" width=\"76\" height=\"76\" loading=\"lazy\" src=\"https:\/\/www.europesays.com\/fr\/wp-content\/uploads\/2025\/04\/logo-florian-sermaise.jpg\" alt=\"Florian Sermaise\"\/><\/p>\n","protected":false},"excerpt":{"rendered":"Montpellier n&rsquo;avance plus. Ce lundi 5 janvier, en cl\u00f4ture de la 18e journ\u00e9e de Ligue 2, le club&hellip;\n","protected":false},"author":2,"featured_media":646225,"comment_status":"","ping_status":"","sticky":false,"template":"","format":"standard","meta":{"footnotes":""},"categories":[9599],"tags":[1111,11,1777,674,1011,27,59995,2208,12,2680,25],"class_list":{"0":"post-646224","1":"post","2":"type-post","3":"status-publish","4":"format-standard","5":"has-post-thumbnail","7":"category-montpellier","8":"tag-actu","9":"tag-actualites","10":"tag-eu","11":"tag-europe","12":"tag-fr","13":"tag-france","14":"tag-ligue-2-actus","15":"tag-montpellier","16":"tag-news","17":"tag-occitanie","18":"tag-republique-francaise"},"share_on_mastodon":{"url":"https:\/\/pubeurope.com\/@fr\/115851739911772141","error":""},"_links":{"self":[{"href":"https:\/\/www.europesays.com\/fr\/wp-json\/wp\/v2\/posts\/646224","targetHints":{"allow":["GET"]}}],"collection":[{"href":"https:\/\/www.europesays.com\/fr\/wp-json\/wp\/v2\/posts"}],"about":[{"href":"https:\/\/www.europesays.com\/fr\/wp-json\/wp\/v2\/types\/post"}],"author":[{"embeddable":true,"href":"https:\/\/www.europesays.com\/fr\/wp-json\/wp\/v2\/users\/2"}],"replies":[{"embeddable":true,"href":"https:\/\/www.europesays.com\/fr\/wp-json\/wp\/v2\/comments?post=646224"}],"version-history":[{"count":0,"href":"https:\/\/www.europesays.com\/fr\/wp-json\/wp\/v2\/posts\/646224\/revisions"}],"wp:featuredmedia":[{"embeddable":true,"href":"https:\/\/www.europesays.com\/fr\/wp-json\/wp\/v2\/media\/646225"}],"wp:attachment":[{"href":"https:\/\/www.europesays.com\/fr\/wp-json\/wp\/v2\/media?parent=646224"}],"wp:term":[{"taxonomy":"category","embeddable":true,"href":"https:\/\/www.europesays.com\/fr\/wp-json\/wp\/v2\/categories?post=646224"},{"taxonomy":"post_tag","embeddable":true,"href":"https:\/\/www.europesays.com\/fr\/wp-json\/wp\/v2\/tags?post=646224"}],"curies":[{"name":"wp","href":"https:\/\/api.w.org\/{rel}","templated":true}]}}