{"id":646226,"date":"2026-01-07T03:41:26","date_gmt":"2026-01-07T03:41:26","guid":{"rendered":"https:\/\/www.europesays.com\/fr\/646226\/"},"modified":"2026-01-07T03:41:26","modified_gmt":"2026-01-07T03:41:26","slug":"racine-et-augustin-soutenance-de-victoire-malenfer-rouen","status":"publish","type":"post","link":"https:\/\/www.europesays.com\/fr\/646226\/","title":{"rendered":"Racine et Augustin. Soutenance de Victoire Malenfer (Rouen)"},"content":{"rendered":"<p><strong>Victoire Malenfer<\/strong><\/p>\n<p>soutiendra le <strong>14 janvier 2026 \u00e0 14h <\/strong>une th\u00e8se de doctorat dont le sujet est\u00a0:<\/p>\n<p><strong>Racine et Augustin<\/strong><\/p>\n<p>devant un jury compos\u00e9 de:<\/p>\n<p>Carine Barbafieri<\/p>\n<p>Emmanuel Bury<\/p>\n<p>Tony Gheeraert (dir.)<\/p>\n<p>Sylvaine Guyot<\/p>\n<p>Anne R\u00e9gent-Susini (rapportrice)<\/p>\n<p>Charles-Olivier Stiker-M\u00e9tral (rapporteur)<\/p>\n<p>La soutenance se tiendra dans la <strong>salle du Conseil de l&rsquo;UFR des Lettres <\/strong>et Sciences humaines de l&rsquo;Universit\u00e9 de Rouen (b\u00e2timent 3), rue Lavoisier, 76 130 <strong>Mont-Saint-Aignan.<\/strong><\/p>\n<p><strong>R\u00e9sum\u00e9<\/strong><\/p>\n<p>La question pol\u00e9mique des liens unissant l&rsquo;\u0153uvre tragique de Racine et la pens\u00e9e de saint Augustin s&rsquo;est souvent concentr\u00e9e sur le d\u00e9bat exclusif de la gr\u00e2ce et du p\u00e9ch\u00e9 originel. De ce fait, les r\u00e9ponses critiques apport\u00e9es \u00e0 cette hypoth\u00e8se se sont trouv\u00e9es plut\u00f4t tranch\u00e9es, d\u2019autant plus que la haine visc\u00e9rale d\u2019Augustin et ses disciples pour le th\u00e9\u00e2tre para\u00eet exclure toute activit\u00e9 dramaturgique d\u2019inspiration augustinienne. Cette th\u00e8se propose, en s\u2019appuyant sur la lecture des textes d\u2019Augustin et de ses relais, notamment \u00e0 Port-Royal, de r\u00e9examiner l\u2019influence de l\u2019augustinisme sur la production tragique de Racine. Bien loin de livrer une clef herm\u00e9neutique univoque, l\u2019hypoth\u00e8se augustinienne nous para\u00eet au contraire inviter \u00e0 une double interpr\u00e9tation des textes raciniens\u00a0: l\u2019inexistence effective des dieux pa\u00efens, la conduite de l\u2019action par les passions et la marginalisation d\u2019une fatalit\u00e9 extrins\u00e8que ressortissent \u00e0 des cadres de pens\u00e9e augustiniens qui nourrissent la trag\u00e9die racinienne, non pas en noircissant simplement \u00e0 outrance la vision de l\u2019homme, mais en cr\u00e9ant une communaut\u00e9 d\u2019\u00e9motions avec le public, engag\u00e9 \u00e0 mettre \u00e0 distance le discours des personnages. Les implications psychiques et politiques de ce rapport \u00e0 la transcendance sont nombreuses et semblent refl\u00e9ter les relations qu\u2019entretiennent la cit\u00e9 terrestre et la cit\u00e9 de Dieu dans la pens\u00e9e augustinienne. Racine ne nous est donc pas simplement paru comme un auteur lointainement influenc\u00e9 par un courant religieux qu\u2019il aurait tr\u00e8s rapidement fr\u00e9quent\u00e9 dans sa jeunesse, mais bien comme un v\u00e9ritable acteur des diff\u00e9rentes mouvances de l\u2019augustinisme dans la deuxi\u00e8me moiti\u00e9 du XVIIe si\u00e8cle.<\/p>\n","protected":false},"excerpt":{"rendered":"Victoire Malenfer soutiendra le 14 janvier 2026 \u00e0 14h une th\u00e8se de doctorat dont le sujet est\u00a0: Racine&hellip;\n","protected":false},"author":2,"featured_media":646227,"comment_status":"","ping_status":"","sticky":false,"template":"","format":"standard","meta":{"footnotes":""},"categories":[9587],"tags":[1111,11,1777,674,1011,27,12,5161,25,9590],"class_list":{"0":"post-646226","1":"post","2":"type-post","3":"status-publish","4":"format-standard","5":"has-post-thumbnail","7":"category-rouen","8":"tag-actu","9":"tag-actualites","10":"tag-eu","11":"tag-europe","12":"tag-fr","13":"tag-france","14":"tag-news","15":"tag-normandie","16":"tag-republique-francaise","17":"tag-rouen"},"share_on_mastodon":{"url":"https:\/\/pubeurope.com\/@fr\/115851747855313694","error":""},"_links":{"self":[{"href":"https:\/\/www.europesays.com\/fr\/wp-json\/wp\/v2\/posts\/646226","targetHints":{"allow":["GET"]}}],"collection":[{"href":"https:\/\/www.europesays.com\/fr\/wp-json\/wp\/v2\/posts"}],"about":[{"href":"https:\/\/www.europesays.com\/fr\/wp-json\/wp\/v2\/types\/post"}],"author":[{"embeddable":true,"href":"https:\/\/www.europesays.com\/fr\/wp-json\/wp\/v2\/users\/2"}],"replies":[{"embeddable":true,"href":"https:\/\/www.europesays.com\/fr\/wp-json\/wp\/v2\/comments?post=646226"}],"version-history":[{"count":0,"href":"https:\/\/www.europesays.com\/fr\/wp-json\/wp\/v2\/posts\/646226\/revisions"}],"wp:featuredmedia":[{"embeddable":true,"href":"https:\/\/www.europesays.com\/fr\/wp-json\/wp\/v2\/media\/646227"}],"wp:attachment":[{"href":"https:\/\/www.europesays.com\/fr\/wp-json\/wp\/v2\/media?parent=646226"}],"wp:term":[{"taxonomy":"category","embeddable":true,"href":"https:\/\/www.europesays.com\/fr\/wp-json\/wp\/v2\/categories?post=646226"},{"taxonomy":"post_tag","embeddable":true,"href":"https:\/\/www.europesays.com\/fr\/wp-json\/wp\/v2\/tags?post=646226"}],"curies":[{"name":"wp","href":"https:\/\/api.w.org\/{rel}","templated":true}]}}