{"id":646228,"date":"2026-01-07T03:45:11","date_gmt":"2026-01-07T03:45:11","guid":{"rendered":"https:\/\/www.europesays.com\/fr\/646228\/"},"modified":"2026-01-07T03:45:11","modified_gmt":"2026-01-07T03:45:11","slug":"les-drakkars-de-caen-battus-par-grenoble-3-6-en-demi-finale-de-la-coupe-de-france-de-hockey-sur-glace","status":"publish","type":"post","link":"https:\/\/www.europesays.com\/fr\/646228\/","title":{"rendered":"Les Drakkars de Caen battus par Grenoble (3-6) en demi-finale de la coupe de France de hockey-sur-glace"},"content":{"rendered":"<p>Pas d&rsquo;exploit pour les Drakkars de Caen ce mardi 6 janvier face \u00e0 Grenoble, l\u2019une des meilleures formations fran\u00e7aises de hockey-sur-glace. Le club de ligue Magnus s\u2019est impos\u00e9 6-3 malgr\u00e9 un beau sursaut des Normands dans la seconde moiti\u00e9 du match.<\/p>\n<p>La magie de la coupe de France avait rempli les gradins de la patinoire de Caen-la-Mer ce mardi 6 janvier, avec l\u2019espoir d\u2019un exploit du petit contre le gros. Mais les Drakkars, pensionnaires de D1, le 2e \u00e9chelon de ce sport en France, ont \u00e9t\u00e9 battus par Grenoble, l&rsquo;une des meilleures formations de l&rsquo;\u00e9lite. Les Br\u00fbleurs de loups se sont impos\u00e9s 6-3 en demi-finale de la Coupe de France.<\/p>\n<p>Les supporters caennais ont redout\u00e9 une humiliation quand les Drakkars \u00e9taient men\u00e9s 5-0 apr\u00e8s une demi-heure de jeu. Mais les Normands ont su relever la t\u00eate, en scorant deux fois avant la fin du deuxi\u00e8me tiers (P\u00e9pin 35e, Par\u00e9 37e). Le dernier acte a \u00e9t\u00e9 \u00e9quilibr\u00e9 avec un but de chaque c\u00f4t\u00e9, le russe Nikiforov a offert au public caennais une ultime r\u00e9alisation \u00e0 une minute de la fin. Le parcours en coupe de France s\u2019arr\u00eate l\u00e0 pour le HC Caen, leader depuis le week-end dernier du championnat D1. Le club a pu mesurer l\u2019\u00e9cart avec un cador de l\u2019\u00e9lite et surtout pu constater \u00e0 quel point son public r\u00eave de retrouver la Magnus apr\u00e8s une d\u00e9cennie de sevrage.<\/p>\n<p>Les r\u00e9actions<\/p>\n<p>Jaroslav Prosvic (entra\u00eeneur du HC Caen) : \u201cDe la d\u00e9ception parce qu\u2019on a compl\u00e8tement rat\u00e9 les premi\u00e8res 30 minutes, on a pu voir l\u2019\u00e9cart avec le niveau de l\u2019adversaire. Mais aussi beaucoup de fiert\u00e9 d&rsquo;\u00eatre certain du parcours des gar\u00e7ons, et notamment les derni\u00e8res 30 minutes parce que \u00e7a a montr\u00e9 quand m\u00eame un gros caract\u00e8re de l\u2019\u00e9quipe. On n&rsquo;a jamais abandonn\u00e9. Et \u00e7a, c&rsquo;est vraiment positif pour la suite\u201d<\/p>\n<p>Titouan Lane (attaquant du HC Caen) : \u201cPeut \u00eatre un peu de trac au d\u00e9but, ils nous ont fait impression. Et puis au bout de 30 minutes, on a su se r\u00e9veiller. On a saisi nos chance. On aurait pu pousser un peu plus vers la fin, mais en tout cas moi, j&rsquo;ai le sentiment d&rsquo;avoir tout donn\u00e9. Puis je suis quand m\u00eame content du parcours, le fait de jouer contre des \u00e9quipes de Magnus. Battre Amiens en prolongations, jouer Grenoble, tout \u00e7a, c&rsquo;est que de l&rsquo;exp\u00e9rience. Et puis ce soir, y avait de l&rsquo;ambiance avec tout ce que le club a mis en place. Franchement, c&rsquo;\u00e9tait incroyable\u201d.<\/p>\n<p>Edo Terglav (entra\u00eeneur de Grenoble) : \u201cOn voulait vite marquer et c&rsquo;est exactement ce qu\u2019on a fait. C\u2019\u00e9tait important pour nous de prendre une avance contre une \u00e9quipe en pleine confiance, chez elle, avec un public incroyable. Mais apr\u00e8s, en peu de temps, on s\u2019est embarqu\u00e9s un peu dans nos mauvaises habitudes de prendre quelques p\u00e9nalit\u00e9s. C&rsquo;est un peu notre d\u00e9faut depuis une grande partie de la saison. Et puis franchement, ils ont montr\u00e9 beaucoup de caract\u00e8re pour revenir dans ce match. Donc le travail est fait d&rsquo;\u00eatre qualifi\u00e9 pour la finale\u201d.<\/p>\n<p>Les Grenoblois attendent de conna\u00eetre leur adversaire pour cette finale (Rouen ou Chamonix) et vont aussi tenter de conserver leur titre de champion de France. Quant aux Caennais, ce choc face \u00e0 un cador de la ligue Magnus ne peut que d\u00e9cupler leur envie de r\u00e9ussir une magnifique fin de saison en D1. Prochain rendez-vous samedi \u00e0 Valenciennes, o\u00f9 ils sauteront sur la glace avec l\u2019\u00e9tiquette d\u2019\u00e9quipe \u00e0 battre\u00a0: leader avec une s\u00e9rie 10 victoires cons\u00e9cutives en championnat<\/p>\n","protected":false},"excerpt":{"rendered":"Pas d&rsquo;exploit pour les Drakkars de Caen ce mardi 6 janvier face \u00e0 Grenoble, l\u2019une des meilleures formations&hellip;\n","protected":false},"author":2,"featured_media":646229,"comment_status":"","ping_status":"","sticky":false,"template":"","format":"standard","meta":{"footnotes":""},"categories":[9566],"tags":[1111,11,2430,1777,674,1011,27,2731,12,25],"class_list":{"0":"post-646228","1":"post","2":"type-post","3":"status-publish","4":"format-standard","5":"has-post-thumbnail","7":"category-grenoble","8":"tag-actu","9":"tag-actualites","10":"tag-auvergne-rhone-alpes","11":"tag-eu","12":"tag-europe","13":"tag-fr","14":"tag-france","15":"tag-grenoble","16":"tag-news","17":"tag-republique-francaise"},"share_on_mastodon":{"url":"https:\/\/pubeurope.com\/@fr\/115851763534680270","error":""},"_links":{"self":[{"href":"https:\/\/www.europesays.com\/fr\/wp-json\/wp\/v2\/posts\/646228","targetHints":{"allow":["GET"]}}],"collection":[{"href":"https:\/\/www.europesays.com\/fr\/wp-json\/wp\/v2\/posts"}],"about":[{"href":"https:\/\/www.europesays.com\/fr\/wp-json\/wp\/v2\/types\/post"}],"author":[{"embeddable":true,"href":"https:\/\/www.europesays.com\/fr\/wp-json\/wp\/v2\/users\/2"}],"replies":[{"embeddable":true,"href":"https:\/\/www.europesays.com\/fr\/wp-json\/wp\/v2\/comments?post=646228"}],"version-history":[{"count":0,"href":"https:\/\/www.europesays.com\/fr\/wp-json\/wp\/v2\/posts\/646228\/revisions"}],"wp:featuredmedia":[{"embeddable":true,"href":"https:\/\/www.europesays.com\/fr\/wp-json\/wp\/v2\/media\/646229"}],"wp:attachment":[{"href":"https:\/\/www.europesays.com\/fr\/wp-json\/wp\/v2\/media?parent=646228"}],"wp:term":[{"taxonomy":"category","embeddable":true,"href":"https:\/\/www.europesays.com\/fr\/wp-json\/wp\/v2\/categories?post=646228"},{"taxonomy":"post_tag","embeddable":true,"href":"https:\/\/www.europesays.com\/fr\/wp-json\/wp\/v2\/tags?post=646228"}],"curies":[{"name":"wp","href":"https:\/\/api.w.org\/{rel}","templated":true}]}}