{"id":646230,"date":"2026-01-07T03:49:16","date_gmt":"2026-01-07T03:49:16","guid":{"rendered":"https:\/\/www.europesays.com\/fr\/646230\/"},"modified":"2026-01-07T03:49:16","modified_gmt":"2026-01-07T03:49:16","slug":"entre-ambition-et-appat-du-gain-un-mercato-sous-haute-tension-demarre","status":"publish","type":"post","link":"https:\/\/www.europesays.com\/fr\/646230\/","title":{"rendered":"Entre ambition et app\u00e2t du gain, un mercato sous haute tension d\u00e9marre"},"content":{"rendered":"<p><strong>Sixi\u00e8me \u00e0 deux longueurs du podium, le Stade Rennais s\u2019est incontestablement relanc\u00e9 en Ligue 1. Durant le mercato d\u2019hiver qui vient d\u2019ouvrir ses portes, comme l\u2019\u00e9t\u00e9 prochain, les Rouge et Noir seront tiraill\u00e9s entre l\u2019envie de conserver leurs meilleurs \u00e9l\u00e9ments, et celui de r\u00e9cup\u00e9rer quelques gros ch\u00e8ques. <\/strong><\/p>\n<p>Aux portes du limogeage il y a quelques semaines \u00e0 peine, Habib Beye va-t-il guider Rennes vers une qualification europ\u00e9enne ? En tout cas, la formation bretonne a commenc\u00e9 2026 comme elle avait termin\u00e9 2025. \u00c0 savoir, par une victoire, et pas n\u2019importe laquelle, sur la pelouse du LOSC (0-2). Sixi\u00e8me de <a href=\"https:\/\/wesportfr.com\/football\/ligue-1\/\" target=\"_blank\" rel=\"noopener\">Ligue 1<\/a> \u00e0 mi-parcours, le Stade Rennais n\u2019a que deux petits points de retard sur l\u2019OM et le podium. Autant dire qu\u2019une qualification en Ligue des champions est redevenue possible. <\/p>\n<p>Cette r\u00e9ussite du moment, le pensionnaire du Roazhon Park la doit avant tout avec un groupe bien huil\u00e9. Mais aussi \u00e0 quelques individualit\u00e9s qui sortent du lot. Est\u00e9ban Lepaul, troisi\u00e8me meilleur buteur du Championnat de France avec neuf r\u00e9alisations, fait beaucoup de bien \u00e0 la finition. Mais Rennes s\u2019appuie, comme souvent, sur ces jeunes talents. Kader Me\u00eft\u00e9, \u00e0 peine majeur, est promis \u00e0 un brillant avenir. Que dire de J\u00e9r\u00e9my Jacquet, qui, \u00e0 seulement 20 ans, poss\u00e8de d\u00e9j\u00e0 la meilleure valeur marchande, avec 20 millions d\u2019euros. Et apr\u00e8s ? <\/p>\n<p><strong>\u00c0 lire aussi \u2013 <\/strong><\/p>\n<p>rs<\/p>\n<p>Rennes peut-il dire non \u00e0 100 millions d\u2019euros ? <\/p>\n<p>Le revers de la m\u00e9daille, comme ce fut le cas pour Ousmane Demb\u00e9l\u00e9 ou Eduardo Camavinga dans un pass\u00e9 pas si lointain, c\u2019est la forte concurrence de plusieurs cadors europ\u00e9ens pour chiper les meilleurs talents du Stade Rennais. Ces derniers jours, on a parl\u00e9 d\u2019une offre potentielle autour des 40 millions d\u2019euros pour Kader Me\u00eft\u00e9. Le plus jeune joueur de l\u2019effectif professionnel des Rouge et Noir a d\u00e9j\u00e0 marqu\u00e9 3 buts cette saison en Ligue 1, dont un pas plus tard que le mois dernier. <\/p>\n<p>Concernant J\u00e9r\u00e9my Jacquet, le Stade Rennais attendrait dans les 60 millions d\u2019euros. Un montant sur\u00e9valu\u00e9, histoire d\u2019\u00e9loigner la meute. Mais un panic buy en provenance d\u2019un g\u00e9ant de Premier League n\u2019est pas \u00e0 exclure, m\u00eame \u00e0 ce prix. Autrement dit, en l\u2019espace de deux ventes, l\u2019actuel sixi\u00e8me de Ligue 1 pourrait empocher dans les 100 millions d\u2019euros. <\/p>\n<p>Autrement dit, le club dirig\u00e9 par Arnaud Pouille va vite se retrouver confront\u00e9 \u00e0 un dilemme. Soit  il renfloue les caisses en r\u00e9alisant deux superbes transferts. Soit, il conserve de s\u00e9rieuses munitions, dans l\u2019optique de disputer la prochaine phase de ligue de la Ligue des champions, autrement qu\u2019avec le simple r\u00f4le de figurant. Habib Beye, le coach rennais, retient son souffle. Perdra-t-il ses diamants d\u00e8s ce mois de janvier 2026 ? <\/p>\n","protected":false},"excerpt":{"rendered":"Sixi\u00e8me \u00e0 deux longueurs du podium, le Stade Rennais s\u2019est incontestablement relanc\u00e9 en Ligue 1. Durant le mercato&hellip;\n","protected":false},"author":2,"featured_media":646231,"comment_status":"","ping_status":"","sticky":false,"template":"","format":"standard","meta":{"footnotes":""},"categories":[2821],"tags":[1111,11,829,1777,674,1011,27,12,584,25],"class_list":{"0":"post-646230","1":"post","2":"type-post","3":"status-publish","4":"format-standard","5":"has-post-thumbnail","7":"category-rennes","8":"tag-actu","9":"tag-actualites","10":"tag-bretagne","11":"tag-eu","12":"tag-europe","13":"tag-fr","14":"tag-france","15":"tag-news","16":"tag-rennes","17":"tag-republique-francaise"},"share_on_mastodon":{"url":"https:\/\/pubeurope.com\/@fr\/115851779478802921","error":""},"_links":{"self":[{"href":"https:\/\/www.europesays.com\/fr\/wp-json\/wp\/v2\/posts\/646230","targetHints":{"allow":["GET"]}}],"collection":[{"href":"https:\/\/www.europesays.com\/fr\/wp-json\/wp\/v2\/posts"}],"about":[{"href":"https:\/\/www.europesays.com\/fr\/wp-json\/wp\/v2\/types\/post"}],"author":[{"embeddable":true,"href":"https:\/\/www.europesays.com\/fr\/wp-json\/wp\/v2\/users\/2"}],"replies":[{"embeddable":true,"href":"https:\/\/www.europesays.com\/fr\/wp-json\/wp\/v2\/comments?post=646230"}],"version-history":[{"count":0,"href":"https:\/\/www.europesays.com\/fr\/wp-json\/wp\/v2\/posts\/646230\/revisions"}],"wp:featuredmedia":[{"embeddable":true,"href":"https:\/\/www.europesays.com\/fr\/wp-json\/wp\/v2\/media\/646231"}],"wp:attachment":[{"href":"https:\/\/www.europesays.com\/fr\/wp-json\/wp\/v2\/media?parent=646230"}],"wp:term":[{"taxonomy":"category","embeddable":true,"href":"https:\/\/www.europesays.com\/fr\/wp-json\/wp\/v2\/categories?post=646230"},{"taxonomy":"post_tag","embeddable":true,"href":"https:\/\/www.europesays.com\/fr\/wp-json\/wp\/v2\/tags?post=646230"}],"curies":[{"name":"wp","href":"https:\/\/api.w.org\/{rel}","templated":true}]}}