{"id":646250,"date":"2026-01-07T04:02:55","date_gmt":"2026-01-07T04:02:55","guid":{"rendered":"https:\/\/www.europesays.com\/fr\/646250\/"},"modified":"2026-01-07T04:02:55","modified_gmt":"2026-01-07T04:02:55","slug":"football-coupe-de-france-sur-quelle-chaine-tele-regarder-le-choc-lille","status":"publish","type":"post","link":"https:\/\/www.europesays.com\/fr\/646250\/","title":{"rendered":"Football. Coupe de France\u00a0: sur quelle cha\u00eene t\u00e9l\u00e9 regarder le\u00a0choc Lille"},"content":{"rendered":"<p><a href=\"https:\/\/www.ledauphine.com\/sport\/2026\/01\/03\/ligue-1-lyon-coule-monaco-grace-a-un-double-de-sulc-et-se-rapproche-du-podium\" target=\"_blank\" rel=\"noopener\">Tombeurs de Monaco (3-1)<\/a> pour d\u00e9buter l&rsquo;ann\u00e9e 2026 le week-end dernier, les Lyonnais vont devoir encha\u00eener avec la Coupe de France ce dimanche (20h45). C&rsquo;est un nouveau choc qui attend l&rsquo;Olympique lyonnais. Les joueurs de Paulo Fonseca se rendent \u00e0 Lille, battu dans la frustration par Rennes en championnat.\u00a0<\/p>\n<p>La premi\u00e8re opposition entre les deux formations avaient vu les co\u00e9quipiers de Taylor Morton <a href=\"https:\/\/www.ledauphine.com\/sport\/2025\/09\/28\/ligue-1-brest-enchaine-metz-et-le-havre-n-avancent-pas-lyon-s-en-sort-bien\" target=\"_blank\" rel=\"noopener\">s&rsquo;imposer (1-0)<\/a> gr\u00e2ce \u00e0 un grand Dominik Greif.\u00a0<\/p>\n<p><a href=\"https:\/\/www.ledauphine.com\/sport\/2025\/12\/21\/ol-service-minimum-pendant-les-fetes\" target=\"_blank\" rel=\"noopener\">Apr\u00e8s avoir \u00e9limin\u00e9 (3-0) Saint-Cyr\/Collonges en 32es de finale<\/a>, les Rhodaniens auront \u00e0 coeur de poursuivre leur parcours en Coupe de France.<\/p>\n<p>La rencontre sera \u00e0 suivre sur beIN Sports 1.<\/p>\n","protected":false},"excerpt":{"rendered":"Tombeurs de Monaco (3-1) pour d\u00e9buter l&rsquo;ann\u00e9e 2026 le week-end dernier, les Lyonnais vont devoir encha\u00eener avec la&hellip;\n","protected":false},"author":2,"featured_media":646251,"comment_status":"","ping_status":"","sticky":false,"template":"","format":"standard","meta":{"footnotes":""},"categories":[2815],"tags":[1111,11,15922,1777,674,1701,63,1011,27,811,7020,1307,2428,12,9442,25,2429,517,1947,2205],"class_list":{"0":"post-646250","1":"post","2":"type-post","3":"status-publish","4":"format-standard","5":"has-post-thumbnail","7":"category-lille","8":"tag-actu","9":"tag-actualites","10":"tag-coupe-de-france-de-football","11":"tag-eu","12":"tag-europe","13":"tag-fil-info-sport","14":"tag-football","15":"tag-fr","16":"tag-france","17":"tag-hauts-de-france","18":"tag-ligue-1-football","19":"tag-lille","20":"tag-lyon","21":"tag-news","22":"tag-ol-olympique-lyonnais","23":"tag-republique-francaise","24":"tag-rhone","25":"tag-sport","26":"tag-sport-national","27":"tag-television-medias"},"share_on_mastodon":{"url":"https:\/\/pubeurope.com\/@fr\/115851834307832230","error":""},"_links":{"self":[{"href":"https:\/\/www.europesays.com\/fr\/wp-json\/wp\/v2\/posts\/646250","targetHints":{"allow":["GET"]}}],"collection":[{"href":"https:\/\/www.europesays.com\/fr\/wp-json\/wp\/v2\/posts"}],"about":[{"href":"https:\/\/www.europesays.com\/fr\/wp-json\/wp\/v2\/types\/post"}],"author":[{"embeddable":true,"href":"https:\/\/www.europesays.com\/fr\/wp-json\/wp\/v2\/users\/2"}],"replies":[{"embeddable":true,"href":"https:\/\/www.europesays.com\/fr\/wp-json\/wp\/v2\/comments?post=646250"}],"version-history":[{"count":0,"href":"https:\/\/www.europesays.com\/fr\/wp-json\/wp\/v2\/posts\/646250\/revisions"}],"wp:featuredmedia":[{"embeddable":true,"href":"https:\/\/www.europesays.com\/fr\/wp-json\/wp\/v2\/media\/646251"}],"wp:attachment":[{"href":"https:\/\/www.europesays.com\/fr\/wp-json\/wp\/v2\/media?parent=646250"}],"wp:term":[{"taxonomy":"category","embeddable":true,"href":"https:\/\/www.europesays.com\/fr\/wp-json\/wp\/v2\/categories?post=646250"},{"taxonomy":"post_tag","embeddable":true,"href":"https:\/\/www.europesays.com\/fr\/wp-json\/wp\/v2\/tags?post=646250"}],"curies":[{"name":"wp","href":"https:\/\/api.w.org\/{rel}","templated":true}]}}