{"id":646258,"date":"2026-01-07T04:07:13","date_gmt":"2026-01-07T04:07:13","guid":{"rendered":"https:\/\/www.europesays.com\/fr\/646258\/"},"modified":"2026-01-07T04:07:13","modified_gmt":"2026-01-07T04:07:13","slug":"ces-etablissements-de-fete-prennent-une-decision-radicale","status":"publish","type":"post","link":"https:\/\/www.europesays.com\/fr\/646258\/","title":{"rendered":"ces \u00e9tablissements de f\u00eate prennent une d\u00e9cision radicale"},"content":{"rendered":"<p>                    Par<br \/>\n        <strong><br \/>\n            <a href=\"https:\/\/actu.fr\/auteur\/emma-ressegaire\" title=\"Consulter tous les articles de Emma Ressegaire\" target=\"_blank\" rel=\"noopener\">Emma Ressegaire<\/a><br \/>\n                    <\/strong><\/p>\n<p>        Publi\u00e9 le<\/p>\n<p>            6 janv. 2026 \u00e0 16h38        <\/p>\n<p>L\u2019enqu\u00eate men\u00e9e sur l\u2019origine de l\u2019incendie, <strong>qui a tu\u00e9 au moins 40 personnes et fait une centaine de bless\u00e9s,<\/strong> dans un <a href=\"https:\/\/actu.fr\/societe\/incendie-de-crans-montana-un-manquement-aux-controles-de-securite-du-bar-reconnu-par-la-commune_63656333.html\" target=\"_blank\" rel=\"noopener\">bar \u00e0 Crans-Montana<\/a> (Suisse) lors de la nuit de la Saint-Sylvestre, s\u2019oriente vers la piste des bougies incandescentes.<\/p>\n<p class=\" wall-content\">Un drame qui fait r\u00e9fl\u00e9chir sur les pratiques des \u00e9tablissements de nuit.\u00a0Quelques jours apr\u00e8s cette catastrophe, certains professionnels de la nuit ont annonc\u00e9 leur intention d<strong>\u2019interdire l\u2019utilisation de ces bougies incandescentes<\/strong> (aussi appel\u00e9s feux de Bengale) dans leur \u00e9tablissement.<\/p>\n<p>Des \u00e9tablissements lyonnais interdisent les feux de Bengale<\/p>\n<p class=\" wall-content\">C\u2019est le cas \u00e0 <a href=\"https:\/\/actu.fr\/auvergne-rhone-alpes\/lyon_69123\" target=\"_blank\" rel=\"noopener\">Lyon<\/a> avec le groupe \u00ab\u00a0La Maison\u00a0\u00bb qui poss\u00e8de plusieurs \u00e9tablissements : La Maison, Members, le <a href=\"https:\/\/actu.fr\/auvergne-rhone-alpes\/lyon_69123\/lyon-un-celebre-restaurant-de-ce-quartier-tres-chic-touche-par-des-vents-contraires_63439127.html\" target=\"_blank\" rel=\"noopener\">Caf\u00e9 du Pond<\/a>, Mamy Rose et le <a href=\"https:\/\/actu.fr\/auvergne-rhone-alpes\/lyon_69123\/lyon-une-voiture-en-feu-projetee-sur-cette-celebre-boite-de-nuit-ce-que-l-on-sait_61924917.html\" target=\"_blank\" rel=\"noopener\">Azar Club<\/a>. \u00ab\u00a0Nous avons fait le choix d\u2019adapter certains usages afin de <strong>garantir un cadre toujours plus s\u00fbr<\/strong> pour nos clients et nos \u00e9quipes. \u00c0 ce titre, les sparkles (scintillants) ne seront plus utilis\u00e9s au sein de nos \u00e9tablissements\u00a0\u00bb, indique le groupe dans une storie publi\u00e9e sur Instagram.<\/p>\n<p class=\" wall-content\">Cette d\u00e9cision a \u00e9t\u00e9 prise pour deux raisons.<\/p>\n<p>Symbole et dangerosit\u00e9<\/p>\n<p class=\" wall-content\">La premi\u00e8re est par respect pour les victimes. \u00ab\u00a0<strong>C\u2019est symbolique par rapport \u00e0 ce qu\u2019il s\u2019est pass\u00e9,<\/strong> bien que, pour nous, il n\u2019y a pas de risque que le plafond prenne feu\u00a0\u00bb, relate Jean-Claude Lavorel, directeur du groupe \u00ab\u00a0La Maison\u00a0\u00bb, qui explique \u00e0 actu Lyon que de nombreux contr\u00f4les sont effectu\u00e9s chaque ann\u00e9e.\u00a0<\/p>\n<p class=\" wall-content\">La deuxi\u00e8me est que l\u2019entrepreneur lyonnais juge ces bougies dangereuses. \u00ab\u00a0Il y a aussi<strong> une certaine appr\u00e9hension<\/strong> que cela br\u00fble un serveur ou un client\u00a0\u00bb.<\/p>\n<p class=\" wall-content\">De plus, dans la grande majorit\u00e9, ces bougies scintillantes avaient d\u00e9j\u00e0 \u00e9t\u00e9 remplac\u00e9es par des b\u00e2tons lumineux. \u00ab\u00a0<strong>C\u2019est moins spectaculaire<\/strong> mais cela fait son effet quand m\u00eame\u00a0\u00bb, conclut Jean-Claude Lavorel.<\/p>\n<p>Votre r\u00e9gion, votre actu !<\/p>\n<p>Recevez chaque jour les infos qui comptent pour vous.<\/p>\n<p>\t<a href=\"https:\/\/actu.fr\/newsletter\" class=\"ac-btn ac-btn--corner ac-btn--medium ac-btn--blue800\" target=\"_blank\" rel=\"noopener\">S&rsquo;incrire<\/a><\/p>\n<p class=\" wall-content\">\u00c0 noter que quelques-unes d\u2019entre elles ont quand m\u00eame \u00e9t\u00e9 conserv\u00e9es pour des anniversaires organis\u00e9s dans ses restaurants.\u00a0<\/p>\n<p class=\" wall-content\">Personnalisez votre actualit\u00e9 en ajoutant vos villes et m\u00e9dias en favori avec <a href=\"https:\/\/moncompte.actu.fr\" title=\"D\u00e9couvez Mon Actu\" rel=\"nofollow noopener\" data-trk=\"{&quot;cta&quot;:{&quot;action&quot;:&quot;https:\\\/\\\/moncompte.actu.fr&quot;,&quot;category&quot;:&quot;mon compte&quot;,&quot;from&quot;:&quot;article footer&quot;,&quot;name&quot;:&quot;Mon actu&quot;,&quot;type&quot;:&quot;cta&quot;}}\" target=\"_blank\">Mon Actu<\/a>.<\/p>\n","protected":false},"excerpt":{"rendered":"Par Emma Ressegaire Publi\u00e9 le 6 janv. 2026 \u00e0 16h38 L\u2019enqu\u00eate men\u00e9e sur l\u2019origine de l\u2019incendie, qui a&hellip;\n","protected":false},"author":2,"featured_media":646259,"comment_status":"","ping_status":"","sticky":false,"template":"","format":"standard","meta":{"footnotes":""},"categories":[1889],"tags":[1111,11,2430,1777,674,1011,27,2428,873,12,25,104],"class_list":{"0":"post-646258","1":"post","2":"type-post","3":"status-publish","4":"format-standard","5":"has-post-thumbnail","7":"category-lyon","8":"tag-actu","9":"tag-actualites","10":"tag-auvergne-rhone-alpes","11":"tag-eu","12":"tag-europe","13":"tag-fr","14":"tag-france","15":"tag-lyon","16":"tag-musique","17":"tag-news","18":"tag-republique-francaise","19":"tag-societe"},"share_on_mastodon":{"url":"https:\/\/pubeurope.com\/@fr\/115851850046711744","error":""},"_links":{"self":[{"href":"https:\/\/www.europesays.com\/fr\/wp-json\/wp\/v2\/posts\/646258","targetHints":{"allow":["GET"]}}],"collection":[{"href":"https:\/\/www.europesays.com\/fr\/wp-json\/wp\/v2\/posts"}],"about":[{"href":"https:\/\/www.europesays.com\/fr\/wp-json\/wp\/v2\/types\/post"}],"author":[{"embeddable":true,"href":"https:\/\/www.europesays.com\/fr\/wp-json\/wp\/v2\/users\/2"}],"replies":[{"embeddable":true,"href":"https:\/\/www.europesays.com\/fr\/wp-json\/wp\/v2\/comments?post=646258"}],"version-history":[{"count":0,"href":"https:\/\/www.europesays.com\/fr\/wp-json\/wp\/v2\/posts\/646258\/revisions"}],"wp:featuredmedia":[{"embeddable":true,"href":"https:\/\/www.europesays.com\/fr\/wp-json\/wp\/v2\/media\/646259"}],"wp:attachment":[{"href":"https:\/\/www.europesays.com\/fr\/wp-json\/wp\/v2\/media?parent=646258"}],"wp:term":[{"taxonomy":"category","embeddable":true,"href":"https:\/\/www.europesays.com\/fr\/wp-json\/wp\/v2\/categories?post=646258"},{"taxonomy":"post_tag","embeddable":true,"href":"https:\/\/www.europesays.com\/fr\/wp-json\/wp\/v2\/tags?post=646258"}],"curies":[{"name":"wp","href":"https:\/\/api.w.org\/{rel}","templated":true}]}}