{"id":646260,"date":"2026-01-07T04:09:24","date_gmt":"2026-01-07T04:09:24","guid":{"rendered":"https:\/\/www.europesays.com\/fr\/646260\/"},"modified":"2026-01-07T04:09:24","modified_gmt":"2026-01-07T04:09:24","slug":"episode-neigeux-en-ile-de-france-quelles-consequences-pour-les-transports","status":"publish","type":"post","link":"https:\/\/www.europesays.com\/fr\/646260\/","title":{"rendered":"\u00c9pisode neigeux en Ile-de-France : quelles cons\u00e9quences pour les transports ?"},"content":{"rendered":"<p>Les chutes de neige qui touchent la r\u00e9gion depuis lundi ne facilitent pas la circulation des transports en commun. Et si, cet apr\u00e8s-midi, le r\u00e9seau d\u2019Ile-de-France Mobilit\u00e9s fonctionnait \u00e0 plus de 85 %, il pourrait en \u00eatre tout autrement demain, l\u2019\u00e9pisode neigeux \u00e9tant susceptible de se poursuivre cette nuit et dans la matin\u00e9e de mercredi.<\/p>\n<p>Par d\u00e9cision pr\u00e9fectorale, les transports scolaires seront ainsi suspendus pour la journ\u00e9e du 7 janvier dans les quatre d\u00e9partements de grande couronne (Yvelines, Seine-et-Marne, Essonne et Val d\u2019Oise). Pour les autres usagers, \u00ab en fonction du maintien de la neige cette nuit, des impacts seraient \u00e0 pr\u00e9voir, majoritairement sur les transports utilisant le r\u00e9seau routier \u00bb, annonce Ile-de-France Mobilit\u00e9s qui invite ceux qui le peuvent \u00e0 reporter leurs d\u00e9placements et les salari\u00e9s \u00e0 privil\u00e9gier le t\u00e9l\u00e9travail si cela est possible. Ou, \u00e0 d\u00e9faut, \u00e0 anticiper au maximum leurs trajets en s\u2019informant sur les applications et comptes X de leurs lignes.<\/p>\n<p>Si \u00ab l\u2019ensemble des agents \u0153uvrant au quotidien sur toutes les lignes franciliennes restent totalement mobilis\u00e9s et au service des voyageurs pour r\u00e9aliser les meilleurs plans de transports possibles, d\u00e9neiger, saler, informer et assister les voyageurs sur le terrain comme \u00e0 distance \u00bb, l\u2019autorit\u00e9 organisatrice des transports dans la r\u00e9gion pr\u00e9vient que \u00ab le fonctionnement des 1 900 lignes de bus et car franciliens s\u2019annonce fortement perturb\u00e9, voire \u00e0 l\u2019arr\u00eat, et sera d\u00e9cid\u00e9 en fonction des conditions r\u00e9elles de circulation et pour assurer la s\u00e9curit\u00e9 des conducteurs et des voyageurs \u00bb.<\/p>\n","protected":false},"excerpt":{"rendered":"Les chutes de neige qui touchent la r\u00e9gion depuis lundi ne facilitent pas la circulation des transports en&hellip;\n","protected":false},"author":2,"featured_media":646261,"comment_status":"","ping_status":"","sticky":false,"template":"","format":"standard","meta":{"footnotes":""},"categories":[1592],"tags":[1111,11,7048,1936,1777,674,1011,27,75193,662,14484,15882,10584,12,626,25,1937,800,2216,75194,2292,1938],"class_list":{"0":"post-646260","1":"post","2":"type-post","3":"status-publish","4":"format-standard","5":"has-post-thumbnail","7":"category-ile-de-france","8":"tag-actu","9":"tag-actualites","10":"tag-bus","11":"tag-essonne","12":"tag-eu","13":"tag-europe","14":"tag-fr","15":"tag-france","16":"tag-grande-couronne","17":"tag-ile-de-france","18":"tag-ile-de-france-mobilitu00e9s","19":"tag-mu00e9tu00e9o","20":"tag-neige","21":"tag-news","22":"tag-paris","23":"tag-republique-francaise","24":"tag-seine-et-marne","25":"tag-transports","26":"tag-transports-en-commun","27":"tag-transports-scolaires","28":"tag-val-doise","29":"tag-yvelines"},"share_on_mastodon":{"url":"https:\/\/pubeurope.com\/@fr\/115851857992321898","error":""},"_links":{"self":[{"href":"https:\/\/www.europesays.com\/fr\/wp-json\/wp\/v2\/posts\/646260","targetHints":{"allow":["GET"]}}],"collection":[{"href":"https:\/\/www.europesays.com\/fr\/wp-json\/wp\/v2\/posts"}],"about":[{"href":"https:\/\/www.europesays.com\/fr\/wp-json\/wp\/v2\/types\/post"}],"author":[{"embeddable":true,"href":"https:\/\/www.europesays.com\/fr\/wp-json\/wp\/v2\/users\/2"}],"replies":[{"embeddable":true,"href":"https:\/\/www.europesays.com\/fr\/wp-json\/wp\/v2\/comments?post=646260"}],"version-history":[{"count":0,"href":"https:\/\/www.europesays.com\/fr\/wp-json\/wp\/v2\/posts\/646260\/revisions"}],"wp:featuredmedia":[{"embeddable":true,"href":"https:\/\/www.europesays.com\/fr\/wp-json\/wp\/v2\/media\/646261"}],"wp:attachment":[{"href":"https:\/\/www.europesays.com\/fr\/wp-json\/wp\/v2\/media?parent=646260"}],"wp:term":[{"taxonomy":"category","embeddable":true,"href":"https:\/\/www.europesays.com\/fr\/wp-json\/wp\/v2\/categories?post=646260"},{"taxonomy":"post_tag","embeddable":true,"href":"https:\/\/www.europesays.com\/fr\/wp-json\/wp\/v2\/tags?post=646260"}],"curies":[{"name":"wp","href":"https:\/\/api.w.org\/{rel}","templated":true}]}}