{"id":646270,"date":"2026-01-07T04:14:17","date_gmt":"2026-01-07T04:14:17","guid":{"rendered":"https:\/\/www.europesays.com\/fr\/646270\/"},"modified":"2026-01-07T04:14:17","modified_gmt":"2026-01-07T04:14:17","slug":"plusieurs-milliers-de-soldats-francais-pourraient-etre-deployes-pour-maintenir-la-paix-en-ukraine-liberation","status":"publish","type":"post","link":"https:\/\/www.europesays.com\/fr\/646270\/","title":{"rendered":"\u00abPlusieurs milliers\u00bb de soldats fran\u00e7ais pourraient \u00eatre d\u00e9ploy\u00e9s pour maintenir la paix en Ukraine \u2013 Lib\u00e9ration"},"content":{"rendered":"<p class=\"sc-cPiKLX AiZTS text-element\">\u00abPlusieurs milliers\u00bb de soldats fran\u00e7ais pourraient \u00eatre d\u00e9ploy\u00e9s pour maintenir la paix en Ukraine apr\u00e8s la signature d\u2019un cessez-le-feu avec la Russie, dans le cadre du d\u00e9ploiement de la \u00abforce multinationale\u00bb de la Coalition des volontaires, a affirm\u00e9 mardi soir Emmanuel Macron. Le pr\u00e9sident fran\u00e7ais a\u00a0\u00e9voqu\u00e9 le potentiel envoi de \u00abplusieurs milliers d\u2019hommes, [&#8230;] dans le cadre de nos op\u00e9rations ext\u00e9rieures\u00bb, le jour\u00a0\u00abd\u2019apr\u00e8s la paix\u00bb, dans un entretien accord\u00e9 en marge d\u2019un sommet des alli\u00e9s de l\u2019Ukraine \u00e0 Paris.\u00a0 \u00abCe ne sont pas des forces qu\u2019on engage au combat\u00bb,\u00a0mais \u00abune force de r\u00e9assurance\u00bb, a-t-il ajout\u00e9 sur France 2.<\/p>\n<p class=\"sc-cPiKLX AiZTS text-element\">Les Europ\u00e9ens ont affich\u00e9 un front uni mardi \u00e0 Paris, s\u2019engageant \u00e0 fournir des garanties de s\u00e9curit\u00e9 \u00abrobustes\u00bb \u00e0 l\u2019Ukraine, dont le d\u00e9ploiement dans le pays d\u2019une \u00abforce multinationale\u00bb soutenue par les Etats-Unis, dans l\u2019hypoth\u00e8se encore lointaine d\u2019un cessez-le-feu conclu avec la Russie. La <a href=\"https:\/\/www.liberation.fr\/international\/europe\/paix-en-ukraine-les-allies-se-reunissent-a-kyiv-avant-un-sommet-la-semaine-prochaine-en-france-20260103_D3DHCEOG7NC6BIA4OQAJDVABLQ\/\" target=\"_blank\" rel=\"noreferrer noopener\" title=\"https:\/\/www.liberation.fr\/international\/europe\/paix-en-ukraine-les-allies-se-reunissent-a-kyiv-avant-un-sommet-la-semaine-prochaine-en-france-20260103_D3DHCEOG7NC6BIA4OQAJDVABLQ\/\">\u00abCoalition des volontaires\u00bb<\/a>, qui regroupe les dirigeants de la quasi-totalit\u00e9 des pays europ\u00e9ens, du Canada, de l\u2019Otan et de l\u2019UE, s\u2019est r\u00e9unie dans la capitale fran\u00e7aise en pr\u00e9sence des deux \u00e9missaires de Donald Trump sur l\u2019Ukraine, Steve Witkoff et Jared Kushner.<\/p>\n<p class=\"sc-cPiKLX AiZTS text-element\">Cette trentaine de dirigeants a abouti \u00e0 la signature d\u2019une d\u00e9claration d\u2019intention conjointe sur \u00able d\u00e9ploiement d\u2019une force multinationale apr\u00e8s un cessez-le-feu\u00bb en Ukraine. Cette force, form\u00e9e par les pays volontaires de la coalition, sera men\u00e9e par les Europ\u00e9ens et \u00absoutenue\u00bb par les Etats-Unis, selon la d\u00e9claration finale publi\u00e9e par la pr\u00e9sidence fran\u00e7aise. Ce d\u00e9ploiement devra apporter \u00abune forme de r\u00e9assurance, le jour d\u2019apr\u00e8s le cessez-le-feu\u00bb, a d\u00e9taill\u00e9 Emmanuel Macron, saluant une \u00abavanc\u00e9e consid\u00e9rable\u00bb. Cette d\u00e9claration \u00abreconna\u00eet pour la premi\u00e8re fois\u00bb une \u00abconvergence op\u00e9rationnelle\u00bb entre cette coalition, l\u2019Ukraine et les Etats-Unis, avec des garanties de s\u00e9curit\u00e9 \u00abrobustes\u00bb.<\/p>\n<p class=\"sc-cPiKLX AiZTS text-element\">Cette d\u00e9claration commune, sign\u00e9e pr\u00e8s de quatre ans apr\u00e8s le d\u00e9but de l\u2019invasion russe en f\u00e9vrier 2022, int\u00e8gre notamment des \u00abm\u00e9canismes de surveillance\u00bb du cessez-le-feu plac\u00e9s sous \u00ableadership am\u00e9ricain\u00bb, a d\u00e9taill\u00e9 Emmanuel Macron. Des dispositifs \u00abde solidarit\u00e9 et d\u2019intervention\u00bb en cas de nouvelle attaque russe sont \u00e9galement pr\u00e9vus, sans que l\u2019on sache pr\u00e9cis\u00e9ment \u00e0 quel niveau les Am\u00e9ricains s\u2019impliqueraient dans cette hypoth\u00e8se. Les garanties de s\u00e9curit\u00e9 sont \u00aben grande partie finalis\u00e9es\u00bb et permettent aux Ukrainiens de savoir que lorsque ce conflit prendra fin, \u00abce sera d\u00e9finitivement\u00bb, a pour sa part salu\u00e9 Steve Witkoff. \u00abIl est important que la coalition dispose aujourd\u2019hui de documents substantiels, et pas seulement de paroles\u00bb, a salu\u00e9 le pr\u00e9sident ukrainien Volodymyr Zelensky, m\u00eame si plusieurs questions \u00abrestent ouvertes\u00bb selon lui, comme celle, ultrasensible, des concessions territoriales exig\u00e9es par Moscou.<\/p>\n<p>L\u2019ombre du Groenland et du Venezuela<\/p>\n<p class=\"sc-cPiKLX AiZTS text-element\">Avant son d\u00e9part pour Paris, le Premier ministre polonais Donald Tusk avait n\u00e9anmoins relev\u00e9 les limites de cette d\u00e9claration d\u2019intention, \u00e9videmment suspendue \u00e0 la fin des hostilit\u00e9s via un accord de paix ou un cessez-le-feu. \u00abNous voudrions tous des mesures beaucoup plus concr\u00e8tes [\u2026], mais cela requiert de toute \u00e9vidence de la bonne volont\u00e9 du c\u00f4t\u00e9 de l\u2019agresseur russe \u00e9galement\u00bb, avait-il soulign\u00e9, alors que le Kremlin s\u2019est syst\u00e9matiquement oppos\u00e9 \u00e0 tout d\u00e9ploiement militaire occidental en Ukraine. Les contours op\u00e9rationnels de la \u00abforce multinationale\u00bb restent d\u2019ailleurs encore flous, d\u2019autant que certains pays ont maintenu une certaine prudence sur leur contribution. Comme l\u2019Italie, qui a r\u00e9it\u00e9r\u00e9 mardi son refus d\u2019envoyer des soldats en Ukraine, ou encore l\u2019Allemagne, dont les troupes allemandes pourraient participer \u00e0 la force multinationale, mais seulement dans un pays membre de l\u2019Otan, voisin de l\u2019Ukraine, selon le chancelier Friedrich Merz.<\/p>\n<p class=\"sc-cPiKLX AiZTS text-element\">L\u2019op\u00e9ration am\u00e9ricaine au Venezuela et les d\u00e9clarations de Donald Trump appelant \u00e0 une main mise am\u00e9ricaine sur le Groenland, territoire autonome du Danemark, ont aussi \u00e9t\u00e9 au menu de la journ\u00e9e, m\u00eame si les dirigeants europ\u00e9ens ont \u00e9vit\u00e9 de r\u00e9pondre aux questions des journalistes sur le sujet en pr\u00e9sence des \u00e9missaires am\u00e9ricains.<\/p>\n<p class=\"sc-cPiKLX AiZTS text-element\">Nouvelle manifestation du jeu d\u2019\u00e9quilibriste diplomatique auquel ils s\u2019astreignent, plusieurs pays du Vieux Continent dont la France, l\u2019Allemagne, le Royaume-Uni et l\u2019Italie ont publi\u00e9 mardi une d\u00e9claration commune de soutien au Groenland et au Danemark face aux revendications du pr\u00e9sident am\u00e9ricain. Les Etats-Unis ne sont pas membres de la Coalition des volontaires, cr\u00e9\u00e9e en mars par la France et le Royaume-Uni pour apporter des \u00abgaranties de s\u00e9curit\u00e9\u00bb \u00e0 l\u2019Ukraine dans le cadre d\u2019un \u00e9ventuel cessez-le-feu. Mais leur soutien \u00e0 Kyiv reste crucial, y compris pour convaincre les autres alli\u00e9s de s\u2019engager.<\/p>\n<p>\u00abCompromis\u00bb<\/p>\n<p class=\"sc-cPiKLX AiZTS text-element\">\u00abNous devrons s\u00fbrement faire des compromis\u00bb pour atteindre la paix en Ukraine, a d\u00e9clar\u00e9 Friedrich Merz mardi. C\u00f4t\u00e9 fran\u00e7ais, Emmanuel Macron pourrait en dire davantage jeudi lorsqu\u2019il recevra la classe politique pour faire le point. La perspective d\u2019un cessez-le-feu reste hypoth\u00e9tique. Une rencontre entre Volodymyr Zelensky et Donald Trump fin d\u00e9cembre et des appels entre le pr\u00e9sident am\u00e9ricain et son homologue russe Vladimir Poutine n\u2019ont pas permis d\u2019avancer sur les concessions territoriales exig\u00e9es par Moscou.<\/p>\n<p class=\"sc-cPiKLX AiZTS text-element\">Le Kremlin a fait conna\u00eetre son intention de \u00abdurcir\u00bb sa position apr\u00e8s avoir accus\u00e9 l\u2019Ukraine d\u2019avoir vis\u00e9 avec des drones une r\u00e9sidence de Vladimir Poutine, ce que Kyiv d\u00e9ment. Le chef de l\u2019Etat russe a r\u00e9p\u00e9t\u00e9 ces derni\u00e8res semaines que la Russie atteindrait ses objectifs en Ukraine par la voie des n\u00e9gociations ou par celle des armes.<\/p>\n<p>Mise \u00e0 jour \u00e0 21 h 41 avec les d\u00e9clarations d\u2019Emmanuel Macron au JT de France 2<\/p>\n","protected":false},"excerpt":{"rendered":"\u00abPlusieurs milliers\u00bb de soldats fran\u00e7ais pourraient \u00eatre d\u00e9ploy\u00e9s pour maintenir la paix en Ukraine apr\u00e8s la signature d\u2019un&hellip;\n","protected":false},"author":2,"featured_media":646271,"comment_status":"","ping_status":"","sticky":false,"template":"","format":"standard","meta":{"footnotes":""},"categories":[1591],"tags":[11,73,1887,12,1885,1886,132,220,297],"class_list":{"0":"post-646270","1":"post","2":"type-post","3":"status-publish","4":"format-standard","5":"has-post-thumbnail","7":"category-russie","8":"tag-actualites","9":"tag-etats-unis","10":"tag-federation-de-russie","11":"tag-news","12":"tag-russia","13":"tag-russian-federation","14":"tag-russie","15":"tag-ukraine","16":"tag-ukraine-la-crise"},"share_on_mastodon":{"url":"https:\/\/pubeurope.com\/@fr\/115851877753712757","error":""},"_links":{"self":[{"href":"https:\/\/www.europesays.com\/fr\/wp-json\/wp\/v2\/posts\/646270","targetHints":{"allow":["GET"]}}],"collection":[{"href":"https:\/\/www.europesays.com\/fr\/wp-json\/wp\/v2\/posts"}],"about":[{"href":"https:\/\/www.europesays.com\/fr\/wp-json\/wp\/v2\/types\/post"}],"author":[{"embeddable":true,"href":"https:\/\/www.europesays.com\/fr\/wp-json\/wp\/v2\/users\/2"}],"replies":[{"embeddable":true,"href":"https:\/\/www.europesays.com\/fr\/wp-json\/wp\/v2\/comments?post=646270"}],"version-history":[{"count":0,"href":"https:\/\/www.europesays.com\/fr\/wp-json\/wp\/v2\/posts\/646270\/revisions"}],"wp:featuredmedia":[{"embeddable":true,"href":"https:\/\/www.europesays.com\/fr\/wp-json\/wp\/v2\/media\/646271"}],"wp:attachment":[{"href":"https:\/\/www.europesays.com\/fr\/wp-json\/wp\/v2\/media?parent=646270"}],"wp:term":[{"taxonomy":"category","embeddable":true,"href":"https:\/\/www.europesays.com\/fr\/wp-json\/wp\/v2\/categories?post=646270"},{"taxonomy":"post_tag","embeddable":true,"href":"https:\/\/www.europesays.com\/fr\/wp-json\/wp\/v2\/tags?post=646270"}],"curies":[{"name":"wp","href":"https:\/\/api.w.org\/{rel}","templated":true}]}}