{"id":646272,"date":"2026-01-07T04:15:21","date_gmt":"2026-01-07T04:15:21","guid":{"rendered":"https:\/\/www.europesays.com\/fr\/646272\/"},"modified":"2026-01-07T04:15:21","modified_gmt":"2026-01-07T04:15:21","slug":"plusieurs-milliers-de-soldats-francais-pourraient-etre-deployes-en-ukraine-pour-maintenir-la-paix-affirme-emmanuel-macron","status":"publish","type":"post","link":"https:\/\/www.europesays.com\/fr\/646272\/","title":{"rendered":"\u00ab\u00a0Plusieurs milliers\u00a0\u00bb de soldats fran\u00e7ais pourraient \u00eatre d\u00e9ploy\u00e9s en Ukraine pour \u00ab\u00a0maintenir la paix\u00a0\u00bb, affirme Emmanuel Macron"},"content":{"rendered":"<ul class=\"jsx-862013697 ArticleChapo__List\">\n<li class=\"jsx-862013697 ArticleChapo__List_Item flex\">Les alli\u00e9s de Kiev ont annonc\u00e9 ce mardi \u00e0 Paris une s\u00e9rie de \u00ab\u00a0garanties de s\u00e9curit\u00e9 robustes\u00a0\u00bb en cas de fin des hostilit\u00e9s en Ukraine.<\/li>\n<li class=\"jsx-862013697 ArticleChapo__List_Item flex\">Le d\u00e9ploiement d&rsquo;une \u00ab\u00a0force multinationale\u00a0\u00bb en fait partie.<\/li>\n<li class=\"jsx-862013697 ArticleChapo__List_Item flex\">Le pr\u00e9sident fran\u00e7ais a affirm\u00e9 sur France 2 que l&rsquo;arm\u00e9e fran\u00e7aise prendra part aux op\u00e9rations de contr\u00f4le de la fronti\u00e8re russo-ukrainienne.<\/li>\n<\/ul>\n<p data-module=\"article-paragraph\" class=\"jsx-157965717 Paragraph\">Des \u00ab\u00a0documents substantiels\u00a0\u00bb sur les garanties de s\u00e9curit\u00e9 occidentales. Voil\u00e0 comment le pr\u00e9sident ukrainien, <a href=\"https:\/\/www.tf1info.fr\/international\/ukraine-volodymyr-zelensky-nomme-un-nouveau-chef-du-service-de-securite-nationale-2416781.html\" target=\"_blank\" rel=\"noopener\">Volodymyr Zelensky<\/a>, a salu\u00e9 l&rsquo;\u00e9laboration des \u00ab\u00a0garanties de s\u00e9curit\u00e9 robustes\u00a0\u00bb <a href=\"https:\/\/www.tf1info.fr\/international\/direct-guerre-ukraine-russie-nouvelle-reunion-de-la-coalition-des-volontaires-a-paris-les-dernieres-informations-mardi-6-janvier-2026-2416850.html\" target=\"_blank\" rel=\"noopener\">annonc\u00e9es par les alli\u00e9s de Kiev ce mardi 6 janvier \u00e0 Paris<\/a>. Ces garanties, valid\u00e9es dans une d\u00e9claration commune des 35 pays de <a href=\"https:\/\/www.tf1info.fr\/international\/guerre-ukraine-russie-pourquoi-la-coalition-des-volontaires-se-reunit-a-paris-mardi-6-janvier-2026-2416791.html\" target=\"_blank\" rel=\"noopener\">la \u00ab\u00a0Coalition des volontaires\u00a0\u00bb<\/a>, doivent entrer en vigueur une fois un cessez-le-feu \u00e9tabli afin de prot\u00e9ger l&rsquo;Ukraine contre une nouvelle attaque de la Russie. Elles comportent notamment le d\u00e9ploiement d&rsquo;une \u00ab\u00a0force multinationale\u00a0\u00bb apr\u00e8s la fin des hostilit\u00e9s en Ukraine.<\/p>\n<p data-module=\"article-paragraph\" class=\"jsx-157965717 Paragraph Paragraph__End\">Dans un entretien accord\u00e9 \u00e0 France 2 ce mardi, Emmanuel Macron a d\u00e9taill\u00e9 l&rsquo;implication de la France concernant le d\u00e9ploiement de cette force multinationale en Ukraine en cas de paix. Le pr\u00e9sident fran\u00e7ais a affirm\u00e9 que l&rsquo;arm\u00e9e fran\u00e7aise prendra part aux op\u00e9rations de contr\u00f4le de la fronti\u00e8re russo-ukrainienne en cas de signature d&rsquo;un cessez-le-feu. Emmanuel Macron a ainsi \u00e9voqu\u00e9 le potentiel envoi de \u00ab\u00a0plusieurs milliers d&rsquo;hommes, (&#8230;) dans le cadre de nos op\u00e9rations ext\u00e9rieures\u00a0\u00bb, le jour \u00ab\u00a0d&rsquo;apr\u00e8s la paix\u00a0\u00bb. \u00ab\u00a0Ce ne sont pas des forces qu&rsquo;on engage au combat\u00a0\u00bb, mais \u00ab\u00a0une force de r\u00e9assurance\u00a0\u00bb, a-t-il pr\u00e9cis\u00e9 dans cet entretien.<\/p>\n<p>Un engagement d\u00e9j\u00e0 formul\u00e9<\/p>\n<p data-module=\"article-paragraph\" class=\"jsx-157965717 Paragraph Paragraph__End\">Ce n&rsquo;est pas la premi\u00e8re fois qu&rsquo;Emmanuel Macron \u00e9voque la mobilisation de soldats en cas d&rsquo;un hypoth\u00e9tique arr\u00eat des combats. En septembre 2025, lors d&rsquo;une pr\u00e9c\u00e9dente r\u00e9union d&rsquo;une <a href=\"https:\/\/www.tf1info.fr\/international\/guerre-en-ukraine-allocution-emmanuel-macron-la-coalition-des-volontaires-se-reunira-le-6-janvier-a-paris-2415976.html\" target=\"_blank\" rel=\"noopener\">\u00ab\u00a0Coalition des volontaires\u00a0\u00bb<\/a> co-dirig\u00e9e par la France et le Royaume-Uni, les deux pays s&rsquo;\u00e9taient \u00ab\u00a0formellement engag\u00e9s\u00a0\u00bb \u00e0 mobiliser une force militaire afin de garantir une \u00ab\u00a0r\u00e9assurance\u00a0\u00bb de l&rsquo;Ukraine face \u00e0 <a href=\"https:\/\/www.tf1info.fr\/international\/en-2025-moscou-a-realise-sa-plus-forte-avancee-depuis-la-premiere-annee-de-la-guerre-en-ukraine-2416343.html\" target=\"_blank\" rel=\"noopener\">la Russie<\/a>.<\/p>\n<p><a href=\"https:\/\/www.tf1info.fr\/international\/guerre-en-ukraine-ce-que-l-on-sait-des-derniers-pourparlers-pour-un-accord-de-paix-trump-zelensky-poutine-2415463.html\" rel=\"noopener\" class=\"jsx-3308031228 Link flex\" target=\"_blank\"><img decoding=\"async\" src=\"https:\/\/www.europesays.com\/fr\/wp-content\/uploads\/2026\/01\/zelensky-trump-conference-de-presse-floride-28-decembre-2025-4df84d-0@1x.jpeg\" alt=\"AFPJim WATSON \/ AFP\" loading=\"lazy\" importance=\"low\" fetchpriority=\"low\" class=\"\" aria-hidden=\"true\"\/><\/p>\n<p class=\"jsx-3657663356 ReadMoreArticle__Title\">Lire aussi<\/p>\n<p class=\"jsx-3657663356\">Guerre en Ukraine : ce que l&rsquo;on sait des derniers pourparlers pour un accord de paix<\/p>\n<p><\/a><\/p>\n<p data-module=\"article-paragraph\" class=\"jsx-157965717 Paragraph Paragraph__End\">En mars 2025, dans une interview \u00e0 la presse r\u00e9gionale, Emmanuel Macron avait d\u00e9j\u00e0 \u00e9voqu\u00e9 sa volont\u00e9 d&rsquo;envoyer \u00ab\u00a0quelques milliers d&rsquo;hommes\u00a0\u00bb des troupes fran\u00e7aises, aux c\u00f4t\u00e9s du Royaume-Uni et des \u00c9tats baltes, non pas pour combattre, mais pour dissuader toute nouvelle attaque russe sur le territoire ukrainien.<\/p>\n<p>JC<\/p>\n","protected":false},"excerpt":{"rendered":"Les alli\u00e9s de Kiev ont annonc\u00e9 ce mardi \u00e0 Paris une s\u00e9rie de \u00ab\u00a0garanties de s\u00e9curit\u00e9 robustes\u00a0\u00bb en&hellip;\n","protected":false},"author":2,"featured_media":646273,"comment_status":"","ping_status":"","sticky":false,"template":"","format":"standard","meta":{"footnotes":""},"categories":[1590],"tags":[1111,11,1921,312,1073,1777,674,28083,1922,74270,12,220,1917,73921,133,1920,134],"class_list":{"0":"post-646272","1":"post","2":"type-post","3":"status-publish","4":"format-standard","5":"has-post-thumbnail","7":"category-ukraine","8":"tag-actu","9":"tag-actualites","10":"tag-article-video","11":"tag-diplomatie","12":"tag-emmanuel-macron","13":"tag-eu","14":"tag-europe","15":"tag-guerre-en-ukraine-une-treve-sera-t-elle-possible","16":"tag-info","17":"tag-les-attaques-russes-continuent","18":"tag-news","19":"tag-ukraine","20":"tag-ukraine-4-annee-de-guerre","21":"tag-ukraine-russie-en-marge-des-negociations","22":"tag-video","23":"tag-video-international","24":"tag-volodymyr-zelensky"},"share_on_mastodon":{"url":"https:\/\/pubeurope.com\/@fr\/115851882088410051","error":""},"_links":{"self":[{"href":"https:\/\/www.europesays.com\/fr\/wp-json\/wp\/v2\/posts\/646272","targetHints":{"allow":["GET"]}}],"collection":[{"href":"https:\/\/www.europesays.com\/fr\/wp-json\/wp\/v2\/posts"}],"about":[{"href":"https:\/\/www.europesays.com\/fr\/wp-json\/wp\/v2\/types\/post"}],"author":[{"embeddable":true,"href":"https:\/\/www.europesays.com\/fr\/wp-json\/wp\/v2\/users\/2"}],"replies":[{"embeddable":true,"href":"https:\/\/www.europesays.com\/fr\/wp-json\/wp\/v2\/comments?post=646272"}],"version-history":[{"count":0,"href":"https:\/\/www.europesays.com\/fr\/wp-json\/wp\/v2\/posts\/646272\/revisions"}],"wp:featuredmedia":[{"embeddable":true,"href":"https:\/\/www.europesays.com\/fr\/wp-json\/wp\/v2\/media\/646273"}],"wp:attachment":[{"href":"https:\/\/www.europesays.com\/fr\/wp-json\/wp\/v2\/media?parent=646272"}],"wp:term":[{"taxonomy":"category","embeddable":true,"href":"https:\/\/www.europesays.com\/fr\/wp-json\/wp\/v2\/categories?post=646272"},{"taxonomy":"post_tag","embeddable":true,"href":"https:\/\/www.europesays.com\/fr\/wp-json\/wp\/v2\/tags?post=646272"}],"curies":[{"name":"wp","href":"https:\/\/api.w.org\/{rel}","templated":true}]}}